{"id":983,"date":"2023-09-05T20:33:40","date_gmt":"2023-09-06T00:33:40","guid":{"rendered":"https:\/\/www.perfecteaucomm.com\/?p=983"},"modified":"2023-09-05T20:33:43","modified_gmt":"2023-09-06T00:33:43","slug":"50-nouvelles-dates-du-spectacle-la-legende-de-dave-gaudet","status":"publish","type":"post","link":"https:\/\/www.perfecteaucomm.com\/en\/actualites\/50-nouvelles-dates-du-spectacle-la-legende-de-dave-gaudet\/","title":{"rendered":"50 nouvelles dates du spectacle La L\u00e9gende, de Dave Gaudet"},"content":{"rendered":"\n<p>\/<\/p>\n\n\n\n<p class=\"has-text-align-right\">COMMUNIQU\u00c9 \u2013 POUR DIFFUSION IMM\u00c9DIATE<\/p>\n\n\n\n<h4 class=\"wp-block-heading has-text-align-center\"><strong>Pr\u00e8s de 20\u202f000 billets vendus et un 3e Club Soda \u00e0 guichets ferm\u00e9s en moins d\u2019un an\u00a0<\/strong><\/h4>\n\n\n\n<p class=\"has-intrace-primary-color has-text-color\">Montr\u00e9al, le 30 ao\u00fbt 2023 \u2013 Apr\u00e8s avoir parcouru les 4 coins du Qu\u00e9bec \u00e0 guichets ferm\u00e9s dans la derni\u00e8re ann\u00e9e, le ph\u00e9nom\u00e8ne Dave Gaudet annonce 50 nouvelles dates pour son one-man show La L\u00e9gende, dont la tourn\u00e9e prend son envol. Depuis le lancement du spectacle en 2022, c\u2019est pr\u00e8s de 20\u202f000 billets qui ont \u00e9t\u00e9 vendus partout en province. L\u2019artiste, qui compte plus de 250\u202f000 abonn\u00e9s sur ses r\u00e9seaux sociaux, se produira \u00e9galement pour la troisi\u00e8me fois au Club Soda \u00e0 guichets ferm\u00e9s en moins d\u2019un an.\u00a0\u00a0<\/p>\n\n\n\n<p class=\"has-intrace-primary-color has-text-color has-link-color wp-elements-c6218fcab9dcb55f507c60b080278b88\">Reconnu pour ses m\u00e9morables vid\u00e9os virales, Dave Gaudet s\u2019implique \u00e9galement dans sa communaut\u00e9\u202f; notamment aupr\u00e8s des jeunes de la Maison St\u00e9phane Fallu en offrant de son temps et des dons par l\u2019interm\u00e9diaire de l\u2019organisme La Maison POSA. Il a de plus particip\u00e9 \u00e0 plusieurs podcasts r\u00e9cemment dont\u00a0<a href=\"https:\/\/suivi.lnk01.com\/c\/443\/d016e06c9d515873dcd3d5b1f89a88118ebe96f9df954b6211605fb688d1d105ca5f1aa49e5edb96\" target=\"_blank\" rel=\"noreferrer noopener\">Grain d&#8217;espoir<\/a>\u00a0et\u00a0<a href=\"https:\/\/suivi.lnk01.com\/c\/443\/d016e06c9d515873dcd3d5b1f89a88118ebe96f9df954b62eee7315f12e9a5cfca5f1aa49e5edb96\" target=\"_blank\" rel=\"noreferrer noopener\">Sans commentaire<\/a>.\u00a0\u00a0<\/p>\n\n\n\n<div class=\"wp-block-buttons is-content-justification-center is-layout-flex wp-container-core-buttons-is-layout-a89b3969 wp-block-buttons-is-layout-flex\">\n<div class=\"wp-block-button\"><a class=\"wp-block-button__link has-vivid-purple-background-color has-background has-text-align-right wp-element-button\" href=\"https:\/\/davegaudet.com\/\" target=\"_blank\" rel=\"noreferrer noopener\">Billets<\/a><\/div>\n<\/div>\n\n\n\n<h3 class=\"wp-block-heading has-text-align-center\"><strong>Villes \u00e0 venir en 2023<\/strong><\/h3>\n\n\n\n<ul class=\"wp-block-list\">\n<li>Sept-\u00celes&nbsp;<\/li>\n\n\n\n<li>Baie-Comeau<\/li>\n\n\n\n<li>Saint-Eustache<\/li>\n\n\n\n<li>Drummondville<\/li>\n\n\n\n<li>Val d&#8217;Or<\/li>\n\n\n\n<li>Beauce<\/li>\n\n\n\n<li>Trois-Rivi\u00e8res<\/li>\n\n\n\n<li>Qu\u00e9bec<\/li>\n\n\n\n<li>Saint-J\u00e9r\u00f4me<\/li>\n\n\n\n<li>Gatineau<\/li>\n\n\n\n<li>Joliette<\/li>\n\n\n\n<li>Valleyfield<\/li>\n<\/ul>\n\n\n\n<h3 class=\"wp-block-heading has-text-align-center\"><strong>Villes \u00e0 venir en 2024<\/strong><\/h3>\n\n\n\n<ul class=\"wp-block-list\">\n<li>Vanier<\/li>\n\n\n\n<li>Sherbrooke<\/li>\n\n\n\n<li>Montr\u00e9al<\/li>\n\n\n\n<li>L&#8217;Assomption<\/li>\n\n\n\n<li>Victoriaville<\/li>\n\n\n\n<li>Terrebonne<\/li>\n\n\n\n<li>Saint-Hyacinthe<\/li>\n\n\n\n<li>Montr\u00e9al<\/li>\n\n\n\n<li>Montmagny<\/li>\n\n\n\n<li>Saint-Eustache<\/li>\n\n\n\n<li>Papineauville<\/li>\n\n\n\n<li>Granby<\/li>\n\n\n\n<li>Jonqui\u00e8re<\/li>\n\n\n\n<li>Saint-Jean-sur-Richelieu<\/li>\n\n\n\n<li>Baie-du-Febvre<\/li>\n\n\n\n<li>Lachute<\/li>\n\n\n\n<li>Sainte-Th\u00e9r\u00e8se<\/li>\n\n\n\n<li>Trois-Rivi\u00e8res<\/li>\n\n\n\n<li>Sainte-Agathe-des-Monts<\/li>\n\n\n\n<li>Gatineau<\/li>\n<\/ul>\n\n\n\n<h3 class=\"wp-block-heading\"><strong>\u00c0 propos du spectacle La L\u00e9gende<\/strong><\/h3>\n\n\n\n<p class=\"has-intrace-primary-color has-text-color\">La L\u00e9gende est un spectacle de Stand-Up pur de style am\u00e9ricain agr\u00e9ment\u00e9 d\u2019une saveur musicale avec de la pyrotechnie. Avec Madiba King et Nick Lavoie en premi\u00e8re partie, de la danse et des backflips entre les anecdotes disjonct\u00e9es sur la vie de l\u2019humoriste Dave Gaudet. Traitant aussi de th\u00e8mes plus s\u00e9rieux comme les d\u00e9pendances, le parcours vers la sobri\u00e9t\u00e9, la pand\u00e9mie, le public pourra en apprendre plus sur Dave par ses histoires personnelles sur sa femme et sa fille, ou encore sur son don \u00e0 toujours faire partie d\u2019une bonne anecdote\u2009! Apr\u00e8s 22 ans de carri\u00e8re en humour avec son petit accent anglophone facilement reconnaissable, Dave Gaudet vous pr\u00e9sente son nouveau One Man Show \u00ab\u2009La l\u00e9gende\u2009\u00bb. Connu comme \u00e9tant l\u2019humoriste le plus rassembleur en tant qu\u2019animateur de soir\u00e9es d\u2019humour partout au Qu\u00e9bec, cette b\u00eate de sc\u00e8ne impr\u00e9visible, spontan\u00e9e et hyper divertissante a h\u00e9rit\u00e9 du surnom \u00ab\u2009La l\u00e9gende\u2009\u00bb par ses pairs en humour et son public. Humoriste, danseur, musicien. Brillant, p\u00e9tillant, hilarant. Pr\u00e9parez-vous \u00e0 en voir de toutes les couleurs\u2009! Apr\u00e8s l\u2019avoir vu seulement 30 secondes sur sc\u00e8ne, vous saurez que votre soir\u00e9e sera l\u00e9gendaire\u2009!\u00a0<\/p>\n\n\n\n<h3 class=\"wp-block-heading\">\u00c0 propos de Dave Gaudet<\/h3>\n\n\n\n<div class=\"wp-block-columns is-layout-flex wp-container-core-columns-is-layout-28f84493 wp-block-columns-is-layout-flex\">\n<div class=\"wp-block-column is-layout-flow wp-block-column-is-layout-flow\">\n<p>Entrepreneur, humoriste et fondateur du Patriote Com\u00e9die Club \u00e0 St-Eustache, Dave est n\u00e9 \u00e0 Edmonton en Alberta le 26 mai 1983. Il grandit avec une passion intrins\u00e8que de la sc\u00e8ne. D\u00e9butant sa carri\u00e8re en humour \u00e0 l\u2019\u00e2ge de 13 ans, \u00e0 l\u2019\u00e9cole secondaire, il \u00e9volue ensuite \u00e0 titre de danseur et chor\u00e9graphe de danse hip hop. \u00a0<br>Apr\u00e8s 6 ans d\u2019\u00e9tudes en th\u00e9\u00e2tre et en improvisation, en 1999, Dave pr\u00e9sente son premier spectacle d\u2019humour au r\u00e9put\u00e9\u00a0<em>Yuk Yuk\u2019s Comedy Club<\/em>. Bilingue et globe-trotter, il d\u00e9bute son parcours professionnel sur les sc\u00e8nes \u00e0 travers le Canada.<br>Au Qu\u00e9bec, Dave a fait plusieurs premi\u00e8res parties et animations de spectacles pour Sugar Sammy, Louis-Jos\u00e9 Houde, Patrick Groulx, Michel Barrette, Mike Ward, Rachid Badouri, Cathy Gauthier, Sylvain Larocque, R\u00e9al B\u00e9land, Maxim Martin, Dominic Paquet et bien d\u2019autres.<\/p>\n<\/div>\n\n\n\n<div class=\"wp-block-column is-layout-flow wp-block-column-is-layout-flow\">\n<figure class=\"wp-block-image size-large is-resized\"><img loading=\"lazy\" decoding=\"async\" src=\"https:\/\/www.perfecteaucomm.com\/wp-content\/uploads\/2023\/09\/Nouvelle-photo-1-683x1024.jpg\" alt=\"\" class=\"wp-image-993\" style=\"width:295px;height:442px\" width=\"295\" height=\"442\" srcset=\"https:\/\/www.perfecteaucomm.com\/wp-content\/uploads\/2023\/09\/Nouvelle-photo-1-683x1024.jpg 683w, https:\/\/www.perfecteaucomm.com\/wp-content\/uploads\/2023\/09\/Nouvelle-photo-1-200x300.jpg 200w, https:\/\/www.perfecteaucomm.com\/wp-content\/uploads\/2023\/09\/Nouvelle-photo-1-768x1152.jpg 768w, https:\/\/www.perfecteaucomm.com\/wp-content\/uploads\/2023\/09\/Nouvelle-photo-1-1024x1536.jpg 1024w, https:\/\/www.perfecteaucomm.com\/wp-content\/uploads\/2023\/09\/Nouvelle-photo-1-1365x2048.jpg 1365w, https:\/\/www.perfecteaucomm.com\/wp-content\/uploads\/2023\/09\/Nouvelle-photo-1-scaled.jpg 1707w\" sizes=\"auto, (max-width: 295px) 100vw, 295px\" \/><\/figure>\n<\/div>\n<\/div>\n\n\n\n<p>Son dernier\u00a0<em>one man show<\/em>,\u00a0<a href=\"mailto:https:\/\/www.youtube.com\/watch?v=nihZ69R04k8\" target=\"_blank\" rel=\"noreferrer noopener\">Pas du monde<\/a>, cumule plus de 200\u00a0000 vues. Dans ses 24 ans de carri\u00e8re, il a fait plus de 3 000 prestations, 30 captations t\u00e9l\u00e9, figurant dans les\u00a0<em>Best of<\/em>\u00a0du Grand Rire de Qu\u00e9bec \u00e0 4 reprises, et il se classe dans le Top 50 de l\u2019\u00e9mission\u00a0<em>Canada\u2019s Got Talent<\/em>, en 2012. On a \u00e9galement pu le voir dans les \u00e9missions suivantes\u00a0:\u00a0<em>So You Think You Can Dance Canada<\/em>,\u00a0<em>En route vers mon premier gala<\/em>,\u00a0<em>D\u2019un rire \u00e0 l\u2019autre\u00a0<\/em>sur UnisTv, et dans\u00a0<em>Trait d\u2019humou<\/em>r.<br>Sur les r\u00e9seaux sociaux, Dave est maintenant suivi par plus de 250 000 personnes. Depuis le 1er \u00a0janvier 2022, ses vid\u00e9os ont accumul\u00e9 plus de 14 millions de vues sur TikTok, et plus de 41 millions de vues sur Facebook.\u00a0<\/p>\n\n\n\n<p class=\"has-text-align-center\">\u2013 30 \u2013&nbsp;&nbsp;<\/p>\n\n\n\n<p class=\"has-text-align-center has-link-color wp-elements-0829ac960eced616a27f2470d3761e29\">Pour toutes demandes d\u2019entrevues, veuillez contacter\u202f:&nbsp;&nbsp;<br>V\u00e9ronique Fecteau \u2013 514-893-0772 \u2013&nbsp;<a href=\"mailto:veronique@perfecteaucomm.com\" target=\"_blank\" rel=\"noreferrer noopener\">veronique@perfecteaucomm.com<\/a>&nbsp;<\/p>\n","protected":false},"excerpt":{"rendered":"<p>\/ COMMUNIQU\u00c9 \u2013 POUR DIFFUSION IMM\u00c9DIATE Pr\u00e8s de 20\u202f000 billets vendus et un 3e Club Soda \u00e0 guichets ferm\u00e9s en moins d\u2019un an\u00a0 Montr\u00e9al, le 30 ao\u00fbt 2023 \u2013 Apr\u00e8s avoir parcouru les 4 coins du Qu\u00e9bec \u00e0 guichets ferm\u00e9s dans la derni\u00e8re ann\u00e9e, le ph\u00e9nom\u00e8ne Dave Gaudet annonce 50 nouvelles dates pour son one-man show La L\u00e9gende, dont la tourn\u00e9e prend son envol. Depuis le lancement du spectacle en 2022, c\u2019est pr\u00e8s de 20\u202f000 billets qui ont \u00e9t\u00e9 vendus partout en province. L\u2019artiste, qui compte plus de 250\u202f000 abonn\u00e9s sur ses r\u00e9seaux sociaux, se produira \u00e9galement pour la troisi\u00e8me<\/p>\n","protected":false},"author":1,"featured_media":984,"comment_status":"closed","ping_status":"closed","sticky":false,"template":"","format":"standard","meta":{"footnotes":""},"categories":[20],"tags":[],"class_list":["post-983","post","type-post","status-publish","format-standard","has-post-thumbnail","hentry","category-actualites"],"yoast_head":"<!-- This site is optimized with the Yoast SEO plugin v25.5 - https:\/\/yoast.com\/wordpress\/plugins\/seo\/ -->\n<title>50 nouvelles dates du spectacle La L\u00e9gende, de Dave Gaudet - Perfecteau Comm<\/title>\n<meta name=\"robots\" content=\"index, follow, max-snippet:-1, max-image-preview:large, max-video-preview:-1\" \/>\n<link rel=\"canonical\" href=\"https:\/\/www.perfecteaucomm.com\/en\/actualites\/50-nouvelles-dates-du-spectacle-la-legende-de-dave-gaudet\/\" \/>\n<meta property=\"og:locale\" content=\"en_US\" \/>\n<meta property=\"og:locale:alternate\" content=\"fr_CA\" \/>\n<meta property=\"og:type\" content=\"article\" \/>\n<meta property=\"og:title\" content=\"50 nouvelles dates du spectacle La L\u00e9gende, de Dave Gaudet - Perfecteau Comm\" \/>\n<meta property=\"og:description\" content=\"\/ COMMUNIQU\u00c9 \u2013 POUR DIFFUSION IMM\u00c9DIATE Pr\u00e8s de 20\u202f000 billets vendus et un 3e Club Soda \u00e0 guichets ferm\u00e9s en moins d\u2019un an\u00a0 Montr\u00e9al, le 30 ao\u00fbt 2023 \u2013 Apr\u00e8s avoir parcouru les 4 coins du Qu\u00e9bec \u00e0 guichets ferm\u00e9s dans la derni\u00e8re ann\u00e9e, le ph\u00e9nom\u00e8ne Dave Gaudet annonce 50 nouvelles dates pour son one-man show La L\u00e9gende, dont la tourn\u00e9e prend son envol. Depuis le lancement du spectacle en 2022, c\u2019est pr\u00e8s de 20\u202f000 billets qui ont \u00e9t\u00e9 vendus partout en province. L\u2019artiste, qui compte plus de 250\u202f000 abonn\u00e9s sur ses r\u00e9seaux sociaux, se produira \u00e9galement pour la troisi\u00e8me\" \/>\n<meta property=\"og:url\" content=\"https:\/\/www.perfecteaucomm.com\/en\/actualites\/50-nouvelles-dates-du-spectacle-la-legende-de-dave-gaudet\/\" \/>\n<meta property=\"og:site_name\" content=\"Perfecteau Comm\" \/>\n<meta property=\"article:published_time\" content=\"2023-09-06T00:33:40+00:00\" \/>\n<meta property=\"article:modified_time\" content=\"2023-09-06T00:33:43+00:00\" \/>\n<meta property=\"og:image\" content=\"https:\/\/www.perfecteaucomm.com\/wp-content\/uploads\/2023\/09\/Dave-Gaudet_50-nouvelles-dates.jpg\" \/>\n\t<meta property=\"og:image:width\" content=\"1920\" \/>\n\t<meta property=\"og:image:height\" content=\"1080\" \/>\n\t<meta property=\"og:image:type\" content=\"image\/jpeg\" \/>\n<meta name=\"author\" content=\"perfecteau\" \/>\n<meta name=\"twitter:card\" content=\"summary_large_image\" \/>\n<meta name=\"twitter:label1\" content=\"Written by\" \/>\n\t<meta name=\"twitter:data1\" content=\"perfecteau\" \/>\n\t<meta name=\"twitter:label2\" content=\"Est. reading time\" \/>\n\t<meta name=\"twitter:data2\" content=\"4 minutes\" \/>\n<script type=\"application\/ld+json\" class=\"yoast-schema-graph\">{\"@context\":\"https:\/\/schema.org\",\"@graph\":[{\"@type\":\"Article\",\"@id\":\"https:\/\/www.perfecteaucomm.com\/actualites\/50-nouvelles-dates-du-spectacle-la-legende-de-dave-gaudet\/#article\",\"isPartOf\":{\"@id\":\"https:\/\/www.perfecteaucomm.com\/actualites\/50-nouvelles-dates-du-spectacle-la-legende-de-dave-gaudet\/\"},\"author\":{\"name\":\"perfecteau\",\"@id\":\"https:\/\/www.perfecteaucomm.com\/#\/schema\/person\/6e8531918d9cb8157ee1a5075d81d5c7\"},\"headline\":\"50 nouvelles dates du spectacle La L\u00e9gende, de Dave Gaudet\",\"datePublished\":\"2023-09-06T00:33:40+00:00\",\"dateModified\":\"2023-09-06T00:33:43+00:00\",\"mainEntityOfPage\":{\"@id\":\"https:\/\/www.perfecteaucomm.com\/actualites\/50-nouvelles-dates-du-spectacle-la-legende-de-dave-gaudet\/\"},\"wordCount\":757,\"publisher\":{\"@id\":\"https:\/\/www.perfecteaucomm.com\/#organization\"},\"image\":{\"@id\":\"https:\/\/www.perfecteaucomm.com\/actualites\/50-nouvelles-dates-du-spectacle-la-legende-de-dave-gaudet\/#primaryimage\"},\"thumbnailUrl\":\"https:\/\/www.perfecteaucomm.com\/wp-content\/uploads\/2023\/09\/Dave-Gaudet_50-nouvelles-dates.jpg\",\"articleSection\":[\"Actualit\u00e9s\"],\"inLanguage\":\"en-CA\"},{\"@type\":\"WebPage\",\"@id\":\"https:\/\/www.perfecteaucomm.com\/actualites\/50-nouvelles-dates-du-spectacle-la-legende-de-dave-gaudet\/\",\"url\":\"https:\/\/www.perfecteaucomm.com\/actualites\/50-nouvelles-dates-du-spectacle-la-legende-de-dave-gaudet\/\",\"name\":\"50 nouvelles dates du spectacle La L\u00e9gende, de Dave Gaudet - Perfecteau Comm\",\"isPartOf\":{\"@id\":\"https:\/\/www.perfecteaucomm.com\/#website\"},\"primaryImageOfPage\":{\"@id\":\"https:\/\/www.perfecteaucomm.com\/actualites\/50-nouvelles-dates-du-spectacle-la-legende-de-dave-gaudet\/#primaryimage\"},\"image\":{\"@id\":\"https:\/\/www.perfecteaucomm.com\/actualites\/50-nouvelles-dates-du-spectacle-la-legende-de-dave-gaudet\/#primaryimage\"},\"thumbnailUrl\":\"https:\/\/www.perfecteaucomm.com\/wp-content\/uploads\/2023\/09\/Dave-Gaudet_50-nouvelles-dates.jpg\",\"datePublished\":\"2023-09-06T00:33:40+00:00\",\"dateModified\":\"2023-09-06T00:33:43+00:00\",\"breadcrumb\":{\"@id\":\"https:\/\/www.perfecteaucomm.com\/actualites\/50-nouvelles-dates-du-spectacle-la-legende-de-dave-gaudet\/#breadcrumb\"},\"inLanguage\":\"en-CA\",\"potentialAction\":[{\"@type\":\"ReadAction\",\"target\":[\"https:\/\/www.perfecteaucomm.com\/actualites\/50-nouvelles-dates-du-spectacle-la-legende-de-dave-gaudet\/\"]}]},{\"@type\":\"ImageObject\",\"inLanguage\":\"en-CA\",\"@id\":\"https:\/\/www.perfecteaucomm.com\/actualites\/50-nouvelles-dates-du-spectacle-la-legende-de-dave-gaudet\/#primaryimage\",\"url\":\"https:\/\/www.perfecteaucomm.com\/wp-content\/uploads\/2023\/09\/Dave-Gaudet_50-nouvelles-dates.jpg\",\"contentUrl\":\"https:\/\/www.perfecteaucomm.com\/wp-content\/uploads\/2023\/09\/Dave-Gaudet_50-nouvelles-dates.jpg\",\"width\":1920,\"height\":1080,\"caption\":\"50 nouvelles dates du spectacle La L\u00e9gende de Dave Gaudet\"},{\"@type\":\"BreadcrumbList\",\"@id\":\"https:\/\/www.perfecteaucomm.com\/actualites\/50-nouvelles-dates-du-spectacle-la-legende-de-dave-gaudet\/#breadcrumb\",\"itemListElement\":[{\"@type\":\"ListItem\",\"position\":1,\"name\":\"Accueil\",\"item\":\"https:\/\/www.perfecteaucomm.com\/\"},{\"@type\":\"ListItem\",\"position\":2,\"name\":\"50 nouvelles dates du spectacle La L\u00e9gende, de Dave Gaudet\"}]},{\"@type\":\"WebSite\",\"@id\":\"https:\/\/www.perfecteaucomm.com\/#website\",\"url\":\"https:\/\/www.perfecteaucomm.com\/\",\"name\":\"Perfecteau Comm\",\"description\":\"Agence de relations de presse\",\"publisher\":{\"@id\":\"https:\/\/www.perfecteaucomm.com\/#organization\"},\"potentialAction\":[{\"@type\":\"SearchAction\",\"target\":{\"@type\":\"EntryPoint\",\"urlTemplate\":\"https:\/\/www.perfecteaucomm.com\/?s={search_term_string}\"},\"query-input\":{\"@type\":\"PropertyValueSpecification\",\"valueRequired\":true,\"valueName\":\"search_term_string\"}}],\"inLanguage\":\"en-CA\"},{\"@type\":\"Organization\",\"@id\":\"https:\/\/www.perfecteaucomm.com\/#organization\",\"name\":\"Perfecteau Comm\",\"url\":\"https:\/\/www.perfecteaucomm.com\/\",\"logo\":{\"@type\":\"ImageObject\",\"inLanguage\":\"en-CA\",\"@id\":\"https:\/\/www.perfecteaucomm.com\/#\/schema\/logo\/image\/\",\"url\":\"https:\/\/www.perfecteaucomm.com\/wp-content\/uploads\/2023\/01\/logo_perfecteau_fichier_final-2.png\",\"contentUrl\":\"https:\/\/www.perfecteaucomm.com\/wp-content\/uploads\/2023\/01\/logo_perfecteau_fichier_final-2.png\",\"width\":1600,\"height\":704,\"caption\":\"Perfecteau Comm\"},\"image\":{\"@id\":\"https:\/\/www.perfecteaucomm.com\/#\/schema\/logo\/image\/\"}},{\"@type\":\"Person\",\"@id\":\"https:\/\/www.perfecteaucomm.com\/#\/schema\/person\/6e8531918d9cb8157ee1a5075d81d5c7\",\"name\":\"perfecteau\",\"sameAs\":[\"https:\/\/perfecteaucomm.la-complice.com\"],\"url\":\"https:\/\/www.perfecteaucomm.com\/en\/author\/perfecteau\/\"}]}<\/script>\n<!-- \/ Yoast SEO plugin. -->","yoast_head_json":{"title":"50 nouvelles dates du spectacle La L\u00e9gende, de Dave Gaudet - Perfecteau Comm","robots":{"index":"index","follow":"follow","max-snippet":"max-snippet:-1","max-image-preview":"max-image-preview:large","max-video-preview":"max-video-preview:-1"},"canonical":"https:\/\/www.perfecteaucomm.com\/en\/actualites\/50-nouvelles-dates-du-spectacle-la-legende-de-dave-gaudet\/","og_locale":"en_US","og_type":"article","og_title":"50 nouvelles dates du spectacle La L\u00e9gende, de Dave Gaudet - Perfecteau Comm","og_description":"\/ COMMUNIQU\u00c9 \u2013 POUR DIFFUSION IMM\u00c9DIATE Pr\u00e8s de 20\u202f000 billets vendus et un 3e Club Soda \u00e0 guichets ferm\u00e9s en moins d\u2019un an\u00a0 Montr\u00e9al, le 30 ao\u00fbt 2023 \u2013 Apr\u00e8s avoir parcouru les 4 coins du Qu\u00e9bec \u00e0 guichets ferm\u00e9s dans la derni\u00e8re ann\u00e9e, le ph\u00e9nom\u00e8ne Dave Gaudet annonce 50 nouvelles dates pour son one-man show La L\u00e9gende, dont la tourn\u00e9e prend son envol. Depuis le lancement du spectacle en 2022, c\u2019est pr\u00e8s de 20\u202f000 billets qui ont \u00e9t\u00e9 vendus partout en province. L\u2019artiste, qui compte plus de 250\u202f000 abonn\u00e9s sur ses r\u00e9seaux sociaux, se produira \u00e9galement pour la troisi\u00e8me","og_url":"https:\/\/www.perfecteaucomm.com\/en\/actualites\/50-nouvelles-dates-du-spectacle-la-legende-de-dave-gaudet\/","og_site_name":"Perfecteau Comm","article_published_time":"2023-09-06T00:33:40+00:00","article_modified_time":"2023-09-06T00:33:43+00:00","og_image":[{"width":1920,"height":1080,"url":"https:\/\/www.perfecteaucomm.com\/wp-content\/uploads\/2023\/09\/Dave-Gaudet_50-nouvelles-dates.jpg","type":"image\/jpeg"}],"author":"perfecteau","twitter_card":"summary_large_image","twitter_misc":{"Written by":"perfecteau","Est. reading time":"4 minutes"},"schema":{"@context":"https:\/\/schema.org","@graph":[{"@type":"Article","@id":"https:\/\/www.perfecteaucomm.com\/actualites\/50-nouvelles-dates-du-spectacle-la-legende-de-dave-gaudet\/#article","isPartOf":{"@id":"https:\/\/www.perfecteaucomm.com\/actualites\/50-nouvelles-dates-du-spectacle-la-legende-de-dave-gaudet\/"},"author":{"name":"perfecteau","@id":"https:\/\/www.perfecteaucomm.com\/#\/schema\/person\/6e8531918d9cb8157ee1a5075d81d5c7"},"headline":"50 nouvelles dates du spectacle La L\u00e9gende, de Dave Gaudet","datePublished":"2023-09-06T00:33:40+00:00","dateModified":"2023-09-06T00:33:43+00:00","mainEntityOfPage":{"@id":"https:\/\/www.perfecteaucomm.com\/actualites\/50-nouvelles-dates-du-spectacle-la-legende-de-dave-gaudet\/"},"wordCount":757,"publisher":{"@id":"https:\/\/www.perfecteaucomm.com\/#organization"},"image":{"@id":"https:\/\/www.perfecteaucomm.com\/actualites\/50-nouvelles-dates-du-spectacle-la-legende-de-dave-gaudet\/#primaryimage"},"thumbnailUrl":"https:\/\/www.perfecteaucomm.com\/wp-content\/uploads\/2023\/09\/Dave-Gaudet_50-nouvelles-dates.jpg","articleSection":["Actualit\u00e9s"],"inLanguage":"en-CA"},{"@type":"WebPage","@id":"https:\/\/www.perfecteaucomm.com\/actualites\/50-nouvelles-dates-du-spectacle-la-legende-de-dave-gaudet\/","url":"https:\/\/www.perfecteaucomm.com\/actualites\/50-nouvelles-dates-du-spectacle-la-legende-de-dave-gaudet\/","name":"50 nouvelles dates du spectacle La L\u00e9gende, de Dave Gaudet - Perfecteau Comm","isPartOf":{"@id":"https:\/\/www.perfecteaucomm.com\/#website"},"primaryImageOfPage":{"@id":"https:\/\/www.perfecteaucomm.com\/actualites\/50-nouvelles-dates-du-spectacle-la-legende-de-dave-gaudet\/#primaryimage"},"image":{"@id":"https:\/\/www.perfecteaucomm.com\/actualites\/50-nouvelles-dates-du-spectacle-la-legende-de-dave-gaudet\/#primaryimage"},"thumbnailUrl":"https:\/\/www.perfecteaucomm.com\/wp-content\/uploads\/2023\/09\/Dave-Gaudet_50-nouvelles-dates.jpg","datePublished":"2023-09-06T00:33:40+00:00","dateModified":"2023-09-06T00:33:43+00:00","breadcrumb":{"@id":"https:\/\/www.perfecteaucomm.com\/actualites\/50-nouvelles-dates-du-spectacle-la-legende-de-dave-gaudet\/#breadcrumb"},"inLanguage":"en-CA","potentialAction":[{"@type":"ReadAction","target":["https:\/\/www.perfecteaucomm.com\/actualites\/50-nouvelles-dates-du-spectacle-la-legende-de-dave-gaudet\/"]}]},{"@type":"ImageObject","inLanguage":"en-CA","@id":"https:\/\/www.perfecteaucomm.com\/actualites\/50-nouvelles-dates-du-spectacle-la-legende-de-dave-gaudet\/#primaryimage","url":"https:\/\/www.perfecteaucomm.com\/wp-content\/uploads\/2023\/09\/Dave-Gaudet_50-nouvelles-dates.jpg","contentUrl":"https:\/\/www.perfecteaucomm.com\/wp-content\/uploads\/2023\/09\/Dave-Gaudet_50-nouvelles-dates.jpg","width":1920,"height":1080,"caption":"50 nouvelles dates du spectacle La L\u00e9gende de Dave Gaudet"},{"@type":"BreadcrumbList","@id":"https:\/\/www.perfecteaucomm.com\/actualites\/50-nouvelles-dates-du-spectacle-la-legende-de-dave-gaudet\/#breadcrumb","itemListElement":[{"@type":"ListItem","position":1,"name":"Accueil","item":"https:\/\/www.perfecteaucomm.com\/"},{"@type":"ListItem","position":2,"name":"50 nouvelles dates du spectacle La L\u00e9gende, de Dave Gaudet"}]},{"@type":"WebSite","@id":"https:\/\/www.perfecteaucomm.com\/#website","url":"https:\/\/www.perfecteaucomm.com\/","name":"Perfecteau Comm","description":"Agence de relations de presse","publisher":{"@id":"https:\/\/www.perfecteaucomm.com\/#organization"},"potentialAction":[{"@type":"SearchAction","target":{"@type":"EntryPoint","urlTemplate":"https:\/\/www.perfecteaucomm.com\/?s={search_term_string}"},"query-input":{"@type":"PropertyValueSpecification","valueRequired":true,"valueName":"search_term_string"}}],"inLanguage":"en-CA"},{"@type":"Organization","@id":"https:\/\/www.perfecteaucomm.com\/#organization","name":"Perfecteau Comm","url":"https:\/\/www.perfecteaucomm.com\/","logo":{"@type":"ImageObject","inLanguage":"en-CA","@id":"https:\/\/www.perfecteaucomm.com\/#\/schema\/logo\/image\/","url":"https:\/\/www.perfecteaucomm.com\/wp-content\/uploads\/2023\/01\/logo_perfecteau_fichier_final-2.png","contentUrl":"https:\/\/www.perfecteaucomm.com\/wp-content\/uploads\/2023\/01\/logo_perfecteau_fichier_final-2.png","width":1600,"height":704,"caption":"Perfecteau Comm"},"image":{"@id":"https:\/\/www.perfecteaucomm.com\/#\/schema\/logo\/image\/"}},{"@type":"Person","@id":"https:\/\/www.perfecteaucomm.com\/#\/schema\/person\/6e8531918d9cb8157ee1a5075d81d5c7","name":"perfecteau","sameAs":["https:\/\/perfecteaucomm.la-complice.com"],"url":"https:\/\/www.perfecteaucomm.com\/en\/author\/perfecteau\/"}]}},"_links":{"self":[{"href":"https:\/\/www.perfecteaucomm.com\/en\/wp-json\/wp\/v2\/posts\/983","targetHints":{"allow":["GET"]}}],"collection":[{"href":"https:\/\/www.perfecteaucomm.com\/en\/wp-json\/wp\/v2\/posts"}],"about":[{"href":"https:\/\/www.perfecteaucomm.com\/en\/wp-json\/wp\/v2\/types\/post"}],"author":[{"embeddable":true,"href":"https:\/\/www.perfecteaucomm.com\/en\/wp-json\/wp\/v2\/users\/1"}],"replies":[{"embeddable":true,"href":"https:\/\/www.perfecteaucomm.com\/en\/wp-json\/wp\/v2\/comments?post=983"}],"version-history":[{"count":11,"href":"https:\/\/www.perfecteaucomm.com\/en\/wp-json\/wp\/v2\/posts\/983\/revisions"}],"predecessor-version":[{"id":998,"href":"https:\/\/www.perfecteaucomm.com\/en\/wp-json\/wp\/v2\/posts\/983\/revisions\/998"}],"wp:featuredmedia":[{"embeddable":true,"href":"https:\/\/www.perfecteaucomm.com\/en\/wp-json\/wp\/v2\/media\/984"}],"wp:attachment":[{"href":"https:\/\/www.perfecteaucomm.com\/en\/wp-json\/wp\/v2\/media?parent=983"}],"wp:term":[{"taxonomy":"category","embeddable":true,"href":"https:\/\/www.perfecteaucomm.com\/en\/wp-json\/wp\/v2\/categories?post=983"},{"taxonomy":"post_tag","embeddable":true,"href":"https:\/\/www.perfecteaucomm.com\/en\/wp-json\/wp\/v2\/tags?post=983"}],"curies":[{"name":"wp","href":"https:\/\/api.w.org\/{rel}","templated":true}]}}