{"id":930,"date":"2023-05-03T11:36:38","date_gmt":"2023-05-03T15:36:38","guid":{"rendered":"https:\/\/www.perfecteaucomm.com\/?p=930"},"modified":"2023-05-03T11:38:44","modified_gmt":"2023-05-03T15:38:44","slug":"a-la-folie-une-comedie-sur-lalzheimer","status":"publish","type":"post","link":"https:\/\/www.perfecteaucomm.com\/en\/actualites\/a-la-folie-une-comedie-sur-lalzheimer\/","title":{"rendered":"\u00c0 la folie !, une com\u00e9die sur l&#8217;Alzheimer"},"content":{"rendered":"\n<figure class=\"wp-block-image aligncenter size-large\"><img loading=\"lazy\" decoding=\"async\" width=\"1024\" height=\"512\" src=\"https:\/\/www.perfecteaucomm.com\/wp-content\/uploads\/2023\/05\/A-la-folie_banniere-1024x512.jpg\" alt=\"\" class=\"wp-image-936\" srcset=\"https:\/\/www.perfecteaucomm.com\/wp-content\/uploads\/2023\/05\/A-la-folie_banniere-1024x512.jpg 1024w, https:\/\/www.perfecteaucomm.com\/wp-content\/uploads\/2023\/05\/A-la-folie_banniere-300x150.jpg 300w, https:\/\/www.perfecteaucomm.com\/wp-content\/uploads\/2023\/05\/A-la-folie_banniere-768x384.jpg 768w, https:\/\/www.perfecteaucomm.com\/wp-content\/uploads\/2023\/05\/A-la-folie_banniere.jpg 1352w\" sizes=\"auto, (max-width: 1024px) 100vw, 1024px\" \/><\/figure>\n\n\n\n<p class=\"has-text-align-right\">COMMUNIQU\u00c9 \u2013 POUR DIFFUSION IMM\u00c9DIATE<\/p>\n\n\n\n<h2 class=\"wp-block-heading has-text-align-center\"><strong><em>\u00c0 la folie !<\/em>, com\u00e9die sur l\u2019Alzheimer<\/strong><\/h2>\n\n\n\n<p class=\"has-link-color wp-elements-79a4e98edf1ecba25ed6364e5a49c079\"><strong>Cowansville, le&nbsp;3 mai&nbsp;2023<\/strong>&nbsp;\u2013 Du 14 juillet au 19 ao\u00fbt 2023, le com\u00e9dien et imitateur&nbsp;<strong>Guy Richer<\/strong>&nbsp;montera sur la sc\u00e8ne de l\u2019<strong>Espace Diffusion<\/strong>&nbsp;de Cowansville, dans la pi\u00e8ce de th\u00e9\u00e2tre &nbsp;<a href=\"https:\/\/suivi.lnk01.com\/c\/443\/d016e06c9d51587371ae8b8f9a69fb9efcdd5bab8af00c9ac3142e0514ac944dca5f1aa49e5edb96\" target=\"_blank\" rel=\"noreferrer noopener\"><strong><em>\u00c0 la folie !<\/em><\/strong><\/a>, projet qu\u2019il porte depuis 30 ans. Une impressionnante distribution, compos\u00e9e de&nbsp;<strong>Francine Ruel<\/strong>,&nbsp;<strong>Genevi\u00e8ve Brouillette<\/strong>&nbsp;et&nbsp;<strong>Marilou Morin<\/strong>, se joint \u00e0 lui dans cette audacieuse production, co\u00e9crite avec l\u2019auteur&nbsp;<strong>Claude&nbsp;Montminy<\/strong>, dans une mise en sc\u00e8ne de&nbsp;<strong>Marcel Pomerlo<\/strong>.<\/p>\n\n\n\n<figure class=\"wp-block-embed is-type-video is-provider-youtube wp-block-embed-youtube wp-embed-aspect-16-9 wp-has-aspect-ratio\"><div class=\"wp-block-embed__wrapper\">\n<iframe loading=\"lazy\" title=\"Pr\u00e9sentation de la pi\u00e8ce \u00c0 la folie !\" width=\"500\" height=\"281\" src=\"https:\/\/www.youtube.com\/embed\/VgUMMtVfAa0?feature=oembed\" frameborder=\"0\" allow=\"accelerometer; autoplay; clipboard-write; encrypted-media; gyroscope; picture-in-picture; web-share\" referrerpolicy=\"strict-origin-when-cross-origin\" allowfullscreen><\/iframe>\n<\/div><\/figure>\n\n\n\n<p class=\"has-link-color wp-elements-af1b9d73b92b91a23d23dd9e37158a24\">Alors que les sujets de l\u2019Alzheimer et de la proche aidance peuvent sembler lourds et tristes,&nbsp;<a href=\"https:\/\/suivi.lnk01.com\/c\/443\/d016e06c9d51587371ae8b8f9a69fb9efcdd5bab8af00c9a64528676afbbcd8fca5f1aa49e5edb96\" target=\"_blank\" rel=\"noreferrer noopener\">\u00c0 la folie !<\/a>&nbsp;les aborde de fa\u00e7on humoristique et \u00e9mouvante. Il s\u2019agit d\u2019ailleurs de la premi\u00e8re com\u00e9die qu\u00e9b\u00e9coise traitant de l\u2019Alzheimer. De plus, la pi\u00e8ce baigne dans la musique des ann\u00e9es 1950 \u00e0 2000. C\u2019est maintenant bien connu, la musique stimule la m\u00e9moire des personnes atteintes de d\u00e9clin cognitif et leur permet de revivre quelques instants de bonheur oubli\u00e9s. Ainsi, de grands artistes : Jean-Pierre Ferland, Julien Clerc, Joe Dassin, Cat Stevens, Tom Jones et bien d\u2019autres viendront faire une br\u00e8ve apparition par l\u2019entremise des imitations de Guy Richer.<\/p>\n\n\n\n<div class=\"wp-block-buttons alignfull is-content-justification-center is-layout-flex wp-container-core-buttons-is-layout-a89b3969 wp-block-buttons-is-layout-flex\">\n<div class=\"wp-block-button\"><a class=\"wp-block-button__link has-luminous-vivid-orange-background-color has-background has-text-align-center wp-element-button\">BILLETTERIE<\/a><\/div>\n<\/div>\n\n\n\n<h4 class=\"wp-block-heading\">LA PI\u00c8CE<\/h4>\n\n\n\n<p>Charles est un animateur f\u00eatard et immature qui d\u00e9couvre avec horreur qu\u2019il devra malgr\u00e9 lui s\u2019occuper de sa vieille m\u00e8re atteinte d\u2019Alzheimer. Que fera le boomer boh\u00e8me, coinc\u00e9 entre sa m\u00e8re grincheuse et sa fille insolente? Lui qui ne r\u00eave que de retourner au plus vite faire ses spectacles d\u2019imitation dans des bars de plage en Tha\u00eflande\u2026<\/p>\n\n\n\n<h4 class=\"wp-block-heading\">LES COM\u00c9DIEN.NES<\/h4>\n\n\n\n<p><strong>Francine Ruel&nbsp;<\/strong>remontera sur une sc\u00e8ne en \u00e9t\u00e9, 60 ans apr\u00e8s sa premi\u00e8re exp\u00e9rience. Le roman d\u2019autofiction&nbsp;<em>Anna et l\u2019enfant-vieillard<\/em>&nbsp;de l\u2019autrice et com\u00e9dienne ch\u00e9rie par le public a \u00e9t\u00e9 adapt\u00e9 pour la t\u00e9l\u00e9 sous le titre&nbsp;<em>Anna et&nbsp;Arnaud<\/em>&nbsp;et diffus\u00e9 \u00e0 TVA cette ann\u00e9e. Mme Ruel sera bouleversante dans le r\u00f4le de Simone, m\u00e8re de Charles, atteinte d\u2019Alzheimer.<\/p>\n\n\n\n<p>Pour&nbsp;<strong>Guy Richer<\/strong>, la pi\u00e8ce&nbsp;<em>\u00c0 la folie !<\/em>&nbsp;est l\u2019accomplissement de nombreuses ann\u00e9es de r\u00e9flexion et de travail. Les talents de com\u00e9dien et d\u2019imitateur de M. Richer ont \u00e9t\u00e9 r\u00e9compens\u00e9s \u00e0 de nombreuses reprises. Incarnant Charles, le personnage central de la pi\u00e8ce, M. Richer aura l\u2019occasion de jouer et de chanter sur sc\u00e8ne, dans la r\u00e9gion qu\u2019il a adopt\u00e9e depuis de nombreuses ann\u00e9es.<\/p>\n\n\n\n<p>Depuis&nbsp;<em>Diva<\/em>, en passant par&nbsp;<em>Rumeurs&nbsp;<\/em>et&nbsp;<em>Apparences<\/em>,&nbsp;<strong>Genevi\u00e8ve Brouillette<\/strong>&nbsp;brille au cin\u00e9ma et \u00e0 la t\u00e9l\u00e9vision qu\u00e9b\u00e9coise depuis les ann\u00e9es 90. Apr\u00e8s un r\u00f4le marquant dans la tr\u00e8s populaire s\u00e9rie&nbsp;<em>District 31<\/em>, on pourra la voir prochainement dans la nouvelle s\u00e9rie&nbsp;<em>La candidate<\/em>. Genevi\u00e8ve Brouillette r\u00eavait de pouvoir jouer dans sa r\u00e9gion d\u2019adoption. Elle le fera cet \u00e9t\u00e9 en interpr\u00e9tant le r\u00f4le de Manon, une infirmi\u00e8re g\u00e9riatrique dr\u00f4le et bienveillante, et le r\u00f4le de Sylvie, personnage tr\u00e8s color\u00e9.<\/p>\n\n\n\n<p>La tr\u00e8s sympathique com\u00e9dienne&nbsp;<strong>Marilou Morin<\/strong>&nbsp;compl\u00e8te la distribution de&nbsp;<em>\u00c0 la&nbsp;folie !&nbsp;<\/em>Mise en nomination aux Prix G\u00e9meaux 8 fois dans les 6 derni\u00e8res ann\u00e9es pour ses r\u00f4les dans&nbsp;<em>L\u2019appart du 5e<\/em>&nbsp;et&nbsp;<em>Une autre histoire<\/em>&nbsp;ainsi que pour l\u2019animation de l\u2019\u00e9mission&nbsp;<em>Cochon Dingue<\/em>, elle jouera cette fois Audrey, une jeune femme r\u00e9siliente qui n\u2019a pas la langue dans sa poche.<\/p>\n\n\n\n<h2 class=\"wp-block-heading has-text-align-center\"><strong>\u00c0 la folie&nbsp;!<\/strong><\/h2>\n\n\n\n<p class=\"has-text-align-center\">Du 14 juillet au 19 ao\u00fbt 2023<br>Espace Diffusion<br>331, chemin Brosseau, Cowansville, Qc, J2K 0B4<br>Texte de Guy Richer et Claude Montmigny<br>Mise en sc\u00e8ne Marcel Pomerlo<br>Avec Francine Ruel, Genevi\u00e8ve Brouillette, Marilou Morin et Guy Richer<br>Sc\u00e9nographie Marie-\u00c8ve Fortier<\/p>\n\n\n\n<p class=\"has-text-align-center\">&#8211; 30 &#8211;<\/p>\n\n\n\n<p class=\"has-text-align-center has-link-color wp-elements-208910158db345e592ebcc867e5ce16a\">RELATIONS DE PRESSE<br> V\u00e9ronique Fecteau, 514-893-0772,&nbsp;<a href=\"mailto:veronique@perfecteaucomm.com\" target=\"_blank\" rel=\"noreferrer noopener\">veronique@perfecteaucomm.com<\/a>&nbsp;<\/p>\n\n\n\n<ul class=\"wp-block-social-links aligncenter is-layout-flex wp-block-social-links-is-layout-flex\"><li class=\"wp-social-link wp-social-link-youtube  wp-block-social-link\"><a href=\"https:\/\/www.youtube.com\/watch?v=VgUMMtVfAa0\" class=\"wp-block-social-link-anchor\"><svg width=\"24\" height=\"24\" viewBox=\"0 0 24 24\" version=\"1.1\" xmlns=\"http:\/\/www.w3.org\/2000\/svg\" aria-hidden=\"true\" focusable=\"false\"><path d=\"M21.8,8.001c0,0-0.195-1.378-0.795-1.985c-0.76-0.797-1.613-0.801-2.004-0.847c-2.799-0.202-6.997-0.202-6.997-0.202 h-0.009c0,0-4.198,0-6.997,0.202C4.608,5.216,3.756,5.22,2.995,6.016C2.395,6.623,2.2,8.001,2.2,8.001S2,9.62,2,11.238v1.517 c0,1.618,0.2,3.237,0.2,3.237s0.195,1.378,0.795,1.985c0.761,0.797,1.76,0.771,2.205,0.855c1.6,0.153,6.8,0.201,6.8,0.201 s4.203-0.006,7.001-0.209c0.391-0.047,1.243-0.051,2.004-0.847c0.6-0.607,0.795-1.985,0.795-1.985s0.2-1.618,0.2-3.237v-1.517 C22,9.62,21.8,8.001,21.8,8.001z M9.935,14.594l-0.001-5.62l5.404,2.82L9.935,14.594z\"><\/path><\/svg><span class=\"wp-block-social-link-label screen-reader-text\">YouTube<\/span><\/a><\/li>\n\n<li class=\"wp-social-link wp-social-link-facebook  wp-block-social-link\"><a href=\"https:\/\/www.facebook.com\/profile.php?id=100088660892353\" class=\"wp-block-social-link-anchor\"><svg width=\"24\" height=\"24\" viewBox=\"0 0 24 24\" version=\"1.1\" xmlns=\"http:\/\/www.w3.org\/2000\/svg\" aria-hidden=\"true\" focusable=\"false\"><path d=\"M12 2C6.5 2 2 6.5 2 12c0 5 3.7 9.1 8.4 9.9v-7H7.9V12h2.5V9.8c0-2.5 1.5-3.9 3.8-3.9 1.1 0 2.2.2 2.2.2v2.5h-1.3c-1.2 0-1.6.8-1.6 1.6V12h2.8l-.4 2.9h-2.3v7C18.3 21.1 22 17 22 12c0-5.5-4.5-10-10-10z\"><\/path><\/svg><span class=\"wp-block-social-link-label screen-reader-text\">Facebook<\/span><\/a><\/li>\n\n<li class=\"wp-social-link wp-social-link-chain  wp-block-social-link\"><a href=\"https:\/\/espacediffusion.ca\/programmation\/a-la-folie\" class=\"wp-block-social-link-anchor\"><svg width=\"24\" height=\"24\" viewBox=\"0 0 24 24\" version=\"1.1\" xmlns=\"http:\/\/www.w3.org\/2000\/svg\" aria-hidden=\"true\" focusable=\"false\"><path d=\"M15.6,7.2H14v1.5h1.6c2,0,3.7,1.7,3.7,3.7s-1.7,3.7-3.7,3.7H14v1.5h1.6c2.8,0,5.2-2.3,5.2-5.2,0-2.9-2.3-5.2-5.2-5.2zM4.7,12.4c0-2,1.7-3.7,3.7-3.7H10V7.2H8.4c-2.9,0-5.2,2.3-5.2,5.2,0,2.9,2.3,5.2,5.2,5.2H10v-1.5H8.4c-2,0-3.7-1.7-3.7-3.7zm4.6.9h5.3v-1.5H9.3v1.5z\"><\/path><\/svg><span class=\"wp-block-social-link-label screen-reader-text\">Link<\/span><\/a><\/li><\/ul>\n\n\n\n<p><br><br><\/p>\n\n\n\n<p><\/p>\n","protected":false},"excerpt":{"rendered":"<p>COMMUNIQU\u00c9 \u2013 POUR DIFFUSION IMM\u00c9DIATE \u00c0 la folie !, com\u00e9die sur l\u2019Alzheimer Cowansville, le&nbsp;3 mai&nbsp;2023&nbsp;\u2013 Du 14 juillet au 19 ao\u00fbt 2023, le com\u00e9dien et imitateur&nbsp;Guy Richer&nbsp;montera sur la sc\u00e8ne de l\u2019Espace Diffusion&nbsp;de Cowansville, dans la pi\u00e8ce de th\u00e9\u00e2tre &nbsp;\u00c0 la folie !, projet qu\u2019il porte depuis 30 ans. Une impressionnante distribution, compos\u00e9e de&nbsp;Francine Ruel,&nbsp;Genevi\u00e8ve Brouillette&nbsp;et&nbsp;Marilou Morin, se joint \u00e0 lui dans cette audacieuse production, co\u00e9crite avec l\u2019auteur&nbsp;Claude&nbsp;Montminy, dans une mise en sc\u00e8ne de&nbsp;Marcel Pomerlo. Alors que les sujets de l\u2019Alzheimer et de la proche aidance peuvent sembler lourds et tristes,&nbsp;\u00c0 la folie !&nbsp;les aborde de fa\u00e7on humoristique et \u00e9mouvante.<\/p>\n","protected":false},"author":1,"featured_media":940,"comment_status":"closed","ping_status":"closed","sticky":false,"template":"","format":"standard","meta":{"footnotes":""},"categories":[20],"tags":[47,53,48,49,50,52,54,55,51],"class_list":["post-930","post","type-post","status-publish","format-standard","has-post-thumbnail","hentry","category-actualites","tag-a-la-folie","tag-claude-montmigny","tag-espace-diffusion","tag-francine-ruel","tag-genevieve-brouillette","tag-guy-richer","tag-marcel-pomerlo","tag-marie-eve-fortier","tag-marilou-morin"],"yoast_head":"<!-- This site is optimized with the Yoast SEO plugin v25.5 - https:\/\/yoast.com\/wordpress\/plugins\/seo\/ -->\n<title>\u00c0 la folie !, une com\u00e9die sur l&#039;Alzheimer<\/title>\n<meta name=\"description\" content=\"Cet \u00e9t\u00e9, Guy Richer\u00a0montera sur sc\u00e8ne dans la pi\u00e8ce \u00c0 la folie ! Francine Ruel,\u00a0Genevi\u00e8ve Brouillette\u00a0et\u00a0Marilou Morin, se joignent \u00e0 lui.\" \/>\n<meta name=\"robots\" content=\"index, follow, max-snippet:-1, max-image-preview:large, max-video-preview:-1\" \/>\n<link rel=\"canonical\" href=\"https:\/\/www.perfecteaucomm.com\/en\/actualites\/a-la-folie-une-comedie-sur-lalzheimer\/\" \/>\n<meta property=\"og:locale\" content=\"en_US\" \/>\n<meta property=\"og:locale:alternate\" content=\"fr_CA\" \/>\n<meta property=\"og:type\" content=\"article\" \/>\n<meta property=\"og:title\" content=\"\u00c0 la folie !, une com\u00e9die sur l&#039;Alzheimer\" \/>\n<meta property=\"og:description\" content=\"Cet \u00e9t\u00e9, Guy Richer\u00a0montera sur sc\u00e8ne dans la pi\u00e8ce \u00c0 la folie ! Francine Ruel,\u00a0Genevi\u00e8ve Brouillette\u00a0et\u00a0Marilou Morin, se joignent \u00e0 lui.\" \/>\n<meta property=\"og:url\" content=\"https:\/\/www.perfecteaucomm.com\/en\/actualites\/a-la-folie-une-comedie-sur-lalzheimer\/\" \/>\n<meta property=\"og:site_name\" content=\"Perfecteau Comm\" \/>\n<meta property=\"article:published_time\" content=\"2023-05-03T15:36:38+00:00\" \/>\n<meta property=\"article:modified_time\" content=\"2023-05-03T15:38:44+00:00\" \/>\n<meta property=\"og:image\" content=\"https:\/\/www.perfecteaucomm.com\/wp-content\/uploads\/2023\/05\/A-la-folie_image-m-e-a.jpg\" \/>\n\t<meta property=\"og:image:width\" content=\"1920\" \/>\n\t<meta property=\"og:image:height\" content=\"1080\" \/>\n\t<meta property=\"og:image:type\" content=\"image\/jpeg\" \/>\n<meta name=\"author\" content=\"perfecteau\" \/>\n<meta name=\"twitter:card\" content=\"summary_large_image\" \/>\n<meta name=\"twitter:label1\" content=\"Written by\" \/>\n\t<meta name=\"twitter:data1\" content=\"perfecteau\" \/>\n\t<meta name=\"twitter:label2\" content=\"Est. reading time\" \/>\n\t<meta name=\"twitter:data2\" content=\"4 minutes\" \/>\n<script type=\"application\/ld+json\" class=\"yoast-schema-graph\">{\"@context\":\"https:\/\/schema.org\",\"@graph\":[{\"@type\":\"Article\",\"@id\":\"https:\/\/www.perfecteaucomm.com\/actualites\/a-la-folie-une-comedie-sur-lalzheimer\/#article\",\"isPartOf\":{\"@id\":\"https:\/\/www.perfecteaucomm.com\/actualites\/a-la-folie-une-comedie-sur-lalzheimer\/\"},\"author\":{\"name\":\"perfecteau\",\"@id\":\"https:\/\/www.perfecteaucomm.com\/#\/schema\/person\/6e8531918d9cb8157ee1a5075d81d5c7\"},\"headline\":\"\u00c0 la folie !, une com\u00e9die sur l&#8217;Alzheimer\",\"datePublished\":\"2023-05-03T15:36:38+00:00\",\"dateModified\":\"2023-05-03T15:38:44+00:00\",\"mainEntityOfPage\":{\"@id\":\"https:\/\/www.perfecteaucomm.com\/actualites\/a-la-folie-une-comedie-sur-lalzheimer\/\"},\"wordCount\":717,\"publisher\":{\"@id\":\"https:\/\/www.perfecteaucomm.com\/#organization\"},\"image\":{\"@id\":\"https:\/\/www.perfecteaucomm.com\/actualites\/a-la-folie-une-comedie-sur-lalzheimer\/#primaryimage\"},\"thumbnailUrl\":\"https:\/\/www.perfecteaucomm.com\/wp-content\/uploads\/2023\/05\/A-la-folie_image-m-e-a.jpg\",\"keywords\":[\"\u00c0 la folie !\",\"Claude Montmigny\",\"Espace Diffusion\",\"Francine Ruel\",\"Genevi\u00e8ve Brouillette\",\"Guy Richer\",\"Marcel Pomerlo\",\"Marie-\u00c8ve Fortier\",\"Marilou Morin\"],\"articleSection\":[\"Actualit\u00e9s\"],\"inLanguage\":\"en-CA\"},{\"@type\":\"WebPage\",\"@id\":\"https:\/\/www.perfecteaucomm.com\/actualites\/a-la-folie-une-comedie-sur-lalzheimer\/\",\"url\":\"https:\/\/www.perfecteaucomm.com\/actualites\/a-la-folie-une-comedie-sur-lalzheimer\/\",\"name\":\"\u00c0 la folie !, une com\u00e9die sur l'Alzheimer\",\"isPartOf\":{\"@id\":\"https:\/\/www.perfecteaucomm.com\/#website\"},\"primaryImageOfPage\":{\"@id\":\"https:\/\/www.perfecteaucomm.com\/actualites\/a-la-folie-une-comedie-sur-lalzheimer\/#primaryimage\"},\"image\":{\"@id\":\"https:\/\/www.perfecteaucomm.com\/actualites\/a-la-folie-une-comedie-sur-lalzheimer\/#primaryimage\"},\"thumbnailUrl\":\"https:\/\/www.perfecteaucomm.com\/wp-content\/uploads\/2023\/05\/A-la-folie_image-m-e-a.jpg\",\"datePublished\":\"2023-05-03T15:36:38+00:00\",\"dateModified\":\"2023-05-03T15:38:44+00:00\",\"description\":\"Cet \u00e9t\u00e9, Guy Richer\u00a0montera sur sc\u00e8ne dans la pi\u00e8ce \u00c0 la folie ! Francine Ruel,\u00a0Genevi\u00e8ve Brouillette\u00a0et\u00a0Marilou Morin, se joignent \u00e0 lui.\",\"breadcrumb\":{\"@id\":\"https:\/\/www.perfecteaucomm.com\/actualites\/a-la-folie-une-comedie-sur-lalzheimer\/#breadcrumb\"},\"inLanguage\":\"en-CA\",\"potentialAction\":[{\"@type\":\"ReadAction\",\"target\":[\"https:\/\/www.perfecteaucomm.com\/actualites\/a-la-folie-une-comedie-sur-lalzheimer\/\"]}]},{\"@type\":\"ImageObject\",\"inLanguage\":\"en-CA\",\"@id\":\"https:\/\/www.perfecteaucomm.com\/actualites\/a-la-folie-une-comedie-sur-lalzheimer\/#primaryimage\",\"url\":\"https:\/\/www.perfecteaucomm.com\/wp-content\/uploads\/2023\/05\/A-la-folie_image-m-e-a.jpg\",\"contentUrl\":\"https:\/\/www.perfecteaucomm.com\/wp-content\/uploads\/2023\/05\/A-la-folie_image-m-e-a.jpg\",\"width\":1920,\"height\":1080},{\"@type\":\"BreadcrumbList\",\"@id\":\"https:\/\/www.perfecteaucomm.com\/actualites\/a-la-folie-une-comedie-sur-lalzheimer\/#breadcrumb\",\"itemListElement\":[{\"@type\":\"ListItem\",\"position\":1,\"name\":\"Accueil\",\"item\":\"https:\/\/www.perfecteaucomm.com\/\"},{\"@type\":\"ListItem\",\"position\":2,\"name\":\"\u00c0 la folie !, une com\u00e9die sur l&rsquo;Alzheimer\"}]},{\"@type\":\"WebSite\",\"@id\":\"https:\/\/www.perfecteaucomm.com\/#website\",\"url\":\"https:\/\/www.perfecteaucomm.com\/\",\"name\":\"Perfecteau Comm\",\"description\":\"Agence de relations de presse\",\"publisher\":{\"@id\":\"https:\/\/www.perfecteaucomm.com\/#organization\"},\"potentialAction\":[{\"@type\":\"SearchAction\",\"target\":{\"@type\":\"EntryPoint\",\"urlTemplate\":\"https:\/\/www.perfecteaucomm.com\/?s={search_term_string}\"},\"query-input\":{\"@type\":\"PropertyValueSpecification\",\"valueRequired\":true,\"valueName\":\"search_term_string\"}}],\"inLanguage\":\"en-CA\"},{\"@type\":\"Organization\",\"@id\":\"https:\/\/www.perfecteaucomm.com\/#organization\",\"name\":\"Perfecteau Comm\",\"url\":\"https:\/\/www.perfecteaucomm.com\/\",\"logo\":{\"@type\":\"ImageObject\",\"inLanguage\":\"en-CA\",\"@id\":\"https:\/\/www.perfecteaucomm.com\/#\/schema\/logo\/image\/\",\"url\":\"https:\/\/www.perfecteaucomm.com\/wp-content\/uploads\/2023\/01\/logo_perfecteau_fichier_final-2.png\",\"contentUrl\":\"https:\/\/www.perfecteaucomm.com\/wp-content\/uploads\/2023\/01\/logo_perfecteau_fichier_final-2.png\",\"width\":1600,\"height\":704,\"caption\":\"Perfecteau Comm\"},\"image\":{\"@id\":\"https:\/\/www.perfecteaucomm.com\/#\/schema\/logo\/image\/\"}},{\"@type\":\"Person\",\"@id\":\"https:\/\/www.perfecteaucomm.com\/#\/schema\/person\/6e8531918d9cb8157ee1a5075d81d5c7\",\"name\":\"perfecteau\",\"sameAs\":[\"https:\/\/perfecteaucomm.la-complice.com\"],\"url\":\"https:\/\/www.perfecteaucomm.com\/en\/author\/perfecteau\/\"}]}<\/script>\n<!-- \/ Yoast SEO plugin. -->","yoast_head_json":{"title":"\u00c0 la folie !, une com\u00e9die sur l'Alzheimer","description":"Cet \u00e9t\u00e9, Guy Richer\u00a0montera sur sc\u00e8ne dans la pi\u00e8ce \u00c0 la folie ! Francine Ruel,\u00a0Genevi\u00e8ve Brouillette\u00a0et\u00a0Marilou Morin, se joignent \u00e0 lui.","robots":{"index":"index","follow":"follow","max-snippet":"max-snippet:-1","max-image-preview":"max-image-preview:large","max-video-preview":"max-video-preview:-1"},"canonical":"https:\/\/www.perfecteaucomm.com\/en\/actualites\/a-la-folie-une-comedie-sur-lalzheimer\/","og_locale":"en_US","og_type":"article","og_title":"\u00c0 la folie !, une com\u00e9die sur l'Alzheimer","og_description":"Cet \u00e9t\u00e9, Guy Richer\u00a0montera sur sc\u00e8ne dans la pi\u00e8ce \u00c0 la folie ! Francine Ruel,\u00a0Genevi\u00e8ve Brouillette\u00a0et\u00a0Marilou Morin, se joignent \u00e0 lui.","og_url":"https:\/\/www.perfecteaucomm.com\/en\/actualites\/a-la-folie-une-comedie-sur-lalzheimer\/","og_site_name":"Perfecteau Comm","article_published_time":"2023-05-03T15:36:38+00:00","article_modified_time":"2023-05-03T15:38:44+00:00","og_image":[{"width":1920,"height":1080,"url":"https:\/\/www.perfecteaucomm.com\/wp-content\/uploads\/2023\/05\/A-la-folie_image-m-e-a.jpg","type":"image\/jpeg"}],"author":"perfecteau","twitter_card":"summary_large_image","twitter_misc":{"Written by":"perfecteau","Est. reading time":"4 minutes"},"schema":{"@context":"https:\/\/schema.org","@graph":[{"@type":"Article","@id":"https:\/\/www.perfecteaucomm.com\/actualites\/a-la-folie-une-comedie-sur-lalzheimer\/#article","isPartOf":{"@id":"https:\/\/www.perfecteaucomm.com\/actualites\/a-la-folie-une-comedie-sur-lalzheimer\/"},"author":{"name":"perfecteau","@id":"https:\/\/www.perfecteaucomm.com\/#\/schema\/person\/6e8531918d9cb8157ee1a5075d81d5c7"},"headline":"\u00c0 la folie !, une com\u00e9die sur l&#8217;Alzheimer","datePublished":"2023-05-03T15:36:38+00:00","dateModified":"2023-05-03T15:38:44+00:00","mainEntityOfPage":{"@id":"https:\/\/www.perfecteaucomm.com\/actualites\/a-la-folie-une-comedie-sur-lalzheimer\/"},"wordCount":717,"publisher":{"@id":"https:\/\/www.perfecteaucomm.com\/#organization"},"image":{"@id":"https:\/\/www.perfecteaucomm.com\/actualites\/a-la-folie-une-comedie-sur-lalzheimer\/#primaryimage"},"thumbnailUrl":"https:\/\/www.perfecteaucomm.com\/wp-content\/uploads\/2023\/05\/A-la-folie_image-m-e-a.jpg","keywords":["\u00c0 la folie !","Claude Montmigny","Espace Diffusion","Francine Ruel","Genevi\u00e8ve Brouillette","Guy Richer","Marcel Pomerlo","Marie-\u00c8ve Fortier","Marilou Morin"],"articleSection":["Actualit\u00e9s"],"inLanguage":"en-CA"},{"@type":"WebPage","@id":"https:\/\/www.perfecteaucomm.com\/actualites\/a-la-folie-une-comedie-sur-lalzheimer\/","url":"https:\/\/www.perfecteaucomm.com\/actualites\/a-la-folie-une-comedie-sur-lalzheimer\/","name":"\u00c0 la folie !, une com\u00e9die sur l'Alzheimer","isPartOf":{"@id":"https:\/\/www.perfecteaucomm.com\/#website"},"primaryImageOfPage":{"@id":"https:\/\/www.perfecteaucomm.com\/actualites\/a-la-folie-une-comedie-sur-lalzheimer\/#primaryimage"},"image":{"@id":"https:\/\/www.perfecteaucomm.com\/actualites\/a-la-folie-une-comedie-sur-lalzheimer\/#primaryimage"},"thumbnailUrl":"https:\/\/www.perfecteaucomm.com\/wp-content\/uploads\/2023\/05\/A-la-folie_image-m-e-a.jpg","datePublished":"2023-05-03T15:36:38+00:00","dateModified":"2023-05-03T15:38:44+00:00","description":"Cet \u00e9t\u00e9, Guy Richer\u00a0montera sur sc\u00e8ne dans la pi\u00e8ce \u00c0 la folie ! Francine Ruel,\u00a0Genevi\u00e8ve Brouillette\u00a0et\u00a0Marilou Morin, se joignent \u00e0 lui.","breadcrumb":{"@id":"https:\/\/www.perfecteaucomm.com\/actualites\/a-la-folie-une-comedie-sur-lalzheimer\/#breadcrumb"},"inLanguage":"en-CA","potentialAction":[{"@type":"ReadAction","target":["https:\/\/www.perfecteaucomm.com\/actualites\/a-la-folie-une-comedie-sur-lalzheimer\/"]}]},{"@type":"ImageObject","inLanguage":"en-CA","@id":"https:\/\/www.perfecteaucomm.com\/actualites\/a-la-folie-une-comedie-sur-lalzheimer\/#primaryimage","url":"https:\/\/www.perfecteaucomm.com\/wp-content\/uploads\/2023\/05\/A-la-folie_image-m-e-a.jpg","contentUrl":"https:\/\/www.perfecteaucomm.com\/wp-content\/uploads\/2023\/05\/A-la-folie_image-m-e-a.jpg","width":1920,"height":1080},{"@type":"BreadcrumbList","@id":"https:\/\/www.perfecteaucomm.com\/actualites\/a-la-folie-une-comedie-sur-lalzheimer\/#breadcrumb","itemListElement":[{"@type":"ListItem","position":1,"name":"Accueil","item":"https:\/\/www.perfecteaucomm.com\/"},{"@type":"ListItem","position":2,"name":"\u00c0 la folie !, une com\u00e9die sur l&rsquo;Alzheimer"}]},{"@type":"WebSite","@id":"https:\/\/www.perfecteaucomm.com\/#website","url":"https:\/\/www.perfecteaucomm.com\/","name":"Perfecteau Comm","description":"Agence de relations de presse","publisher":{"@id":"https:\/\/www.perfecteaucomm.com\/#organization"},"potentialAction":[{"@type":"SearchAction","target":{"@type":"EntryPoint","urlTemplate":"https:\/\/www.perfecteaucomm.com\/?s={search_term_string}"},"query-input":{"@type":"PropertyValueSpecification","valueRequired":true,"valueName":"search_term_string"}}],"inLanguage":"en-CA"},{"@type":"Organization","@id":"https:\/\/www.perfecteaucomm.com\/#organization","name":"Perfecteau Comm","url":"https:\/\/www.perfecteaucomm.com\/","logo":{"@type":"ImageObject","inLanguage":"en-CA","@id":"https:\/\/www.perfecteaucomm.com\/#\/schema\/logo\/image\/","url":"https:\/\/www.perfecteaucomm.com\/wp-content\/uploads\/2023\/01\/logo_perfecteau_fichier_final-2.png","contentUrl":"https:\/\/www.perfecteaucomm.com\/wp-content\/uploads\/2023\/01\/logo_perfecteau_fichier_final-2.png","width":1600,"height":704,"caption":"Perfecteau Comm"},"image":{"@id":"https:\/\/www.perfecteaucomm.com\/#\/schema\/logo\/image\/"}},{"@type":"Person","@id":"https:\/\/www.perfecteaucomm.com\/#\/schema\/person\/6e8531918d9cb8157ee1a5075d81d5c7","name":"perfecteau","sameAs":["https:\/\/perfecteaucomm.la-complice.com"],"url":"https:\/\/www.perfecteaucomm.com\/en\/author\/perfecteau\/"}]}},"_links":{"self":[{"href":"https:\/\/www.perfecteaucomm.com\/en\/wp-json\/wp\/v2\/posts\/930","targetHints":{"allow":["GET"]}}],"collection":[{"href":"https:\/\/www.perfecteaucomm.com\/en\/wp-json\/wp\/v2\/posts"}],"about":[{"href":"https:\/\/www.perfecteaucomm.com\/en\/wp-json\/wp\/v2\/types\/post"}],"author":[{"embeddable":true,"href":"https:\/\/www.perfecteaucomm.com\/en\/wp-json\/wp\/v2\/users\/1"}],"replies":[{"embeddable":true,"href":"https:\/\/www.perfecteaucomm.com\/en\/wp-json\/wp\/v2\/comments?post=930"}],"version-history":[{"count":6,"href":"https:\/\/www.perfecteaucomm.com\/en\/wp-json\/wp\/v2\/posts\/930\/revisions"}],"predecessor-version":[{"id":941,"href":"https:\/\/www.perfecteaucomm.com\/en\/wp-json\/wp\/v2\/posts\/930\/revisions\/941"}],"wp:featuredmedia":[{"embeddable":true,"href":"https:\/\/www.perfecteaucomm.com\/en\/wp-json\/wp\/v2\/media\/940"}],"wp:attachment":[{"href":"https:\/\/www.perfecteaucomm.com\/en\/wp-json\/wp\/v2\/media?parent=930"}],"wp:term":[{"taxonomy":"category","embeddable":true,"href":"https:\/\/www.perfecteaucomm.com\/en\/wp-json\/wp\/v2\/categories?post=930"},{"taxonomy":"post_tag","embeddable":true,"href":"https:\/\/www.perfecteaucomm.com\/en\/wp-json\/wp\/v2\/tags?post=930"}],"curies":[{"name":"wp","href":"https:\/\/api.w.org\/{rel}","templated":true}]}}