{"id":828,"date":"2023-03-17T09:54:27","date_gmt":"2023-03-17T13:54:27","guid":{"rendered":"https:\/\/www.perfecteaucomm.com\/?p=828"},"modified":"2023-03-17T09:56:19","modified_gmt":"2023-03-17T13:56:19","slug":"festival-cinema-du-monde-de-sherbrooke-2023","status":"publish","type":"post","link":"https:\/\/www.perfecteaucomm.com\/en\/actualites\/festival-cinema-du-monde-de-sherbrooke-2023\/","title":{"rendered":"Festival cin\u00e9ma du monde de Sherbrooke 2023"},"content":{"rendered":"\n<p>Une programmation vibrante et immersive pour le 10e anniversaire du <a href=\"https:\/\/fcms.ca\/\" target=\"_blank\" rel=\"noreferrer noopener\">Festival cin\u00e9ma du monde de Sherbrooke<\/a>. <\/p>\n\n\n\n<figure class=\"wp-block-image aligncenter size-large is-resized\"><img decoding=\"async\" src=\"https:\/\/www.perfecteaucomm.com\/wp-content\/uploads\/2023\/03\/Communique_Programmation_FCMS_2023_16mars_page-0001-853x1024.jpg\" alt=\"Page 1 cmq Festival cin\u00e9ma du monde Sherbrooke\" class=\"wp-image-831\" width=\"850\" srcset=\"https:\/\/www.perfecteaucomm.com\/wp-content\/uploads\/2023\/03\/Communique_Programmation_FCMS_2023_16mars_page-0001-853x1024.jpg 853w, https:\/\/www.perfecteaucomm.com\/wp-content\/uploads\/2023\/03\/Communique_Programmation_FCMS_2023_16mars_page-0001-250x300.jpg 250w, https:\/\/www.perfecteaucomm.com\/wp-content\/uploads\/2023\/03\/Communique_Programmation_FCMS_2023_16mars_page-0001-768x922.jpg 768w, https:\/\/www.perfecteaucomm.com\/wp-content\/uploads\/2023\/03\/Communique_Programmation_FCMS_2023_16mars_page-0001.jpg 1275w\" sizes=\"(max-width: 853px) 100vw, 853px\" \/><\/figure>\n\n\n\n<figure class=\"wp-block-image aligncenter size-large is-resized\"><img decoding=\"async\" src=\"https:\/\/www.perfecteaucomm.com\/wp-content\/uploads\/2023\/03\/Communique_Programmation_FCMS_2023_16mars_page-0002-895x1024.jpg\" alt=\"\" class=\"wp-image-832\" width=\"850\" srcset=\"https:\/\/www.perfecteaucomm.com\/wp-content\/uploads\/2023\/03\/Communique_Programmation_FCMS_2023_16mars_page-0002-895x1024.jpg 895w, https:\/\/www.perfecteaucomm.com\/wp-content\/uploads\/2023\/03\/Communique_Programmation_FCMS_2023_16mars_page-0002-262x300.jpg 262w, https:\/\/www.perfecteaucomm.com\/wp-content\/uploads\/2023\/03\/Communique_Programmation_FCMS_2023_16mars_page-0002-768x878.jpg 768w, https:\/\/www.perfecteaucomm.com\/wp-content\/uploads\/2023\/03\/Communique_Programmation_FCMS_2023_16mars_page-0002.jpg 1275w\" sizes=\"(max-width: 895px) 100vw, 895px\" \/><\/figure>\n\n\n\n<figure class=\"wp-block-image aligncenter size-large\"><img loading=\"lazy\" decoding=\"async\" width=\"980\" height=\"1024\" src=\"https:\/\/www.perfecteaucomm.com\/wp-content\/uploads\/2023\/03\/Communique_Programmation_FCMS_2023_16mars_page-0003-980x1024.jpg\" alt=\"\" class=\"wp-image-833\" srcset=\"https:\/\/www.perfecteaucomm.com\/wp-content\/uploads\/2023\/03\/Communique_Programmation_FCMS_2023_16mars_page-0003-980x1024.jpg 980w, https:\/\/www.perfecteaucomm.com\/wp-content\/uploads\/2023\/03\/Communique_Programmation_FCMS_2023_16mars_page-0003-287x300.jpg 287w, https:\/\/www.perfecteaucomm.com\/wp-content\/uploads\/2023\/03\/Communique_Programmation_FCMS_2023_16mars_page-0003-768x802.jpg 768w, https:\/\/www.perfecteaucomm.com\/wp-content\/uploads\/2023\/03\/Communique_Programmation_FCMS_2023_16mars_page-0003.jpg 1274w\" sizes=\"auto, (max-width: 980px) 100vw, 980px\" \/><\/figure>\n\n\n\n<figure class=\"wp-block-image aligncenter size-large\"><img loading=\"lazy\" decoding=\"async\" width=\"909\" height=\"1024\" src=\"https:\/\/www.perfecteaucomm.com\/wp-content\/uploads\/2023\/03\/Communique_Programmation_FCMS_2023_16mars_page-0004-909x1024.jpg\" alt=\"\" class=\"wp-image-834\" srcset=\"https:\/\/www.perfecteaucomm.com\/wp-content\/uploads\/2023\/03\/Communique_Programmation_FCMS_2023_16mars_page-0004-909x1024.jpg 909w, https:\/\/www.perfecteaucomm.com\/wp-content\/uploads\/2023\/03\/Communique_Programmation_FCMS_2023_16mars_page-0004-266x300.jpg 266w, https:\/\/www.perfecteaucomm.com\/wp-content\/uploads\/2023\/03\/Communique_Programmation_FCMS_2023_16mars_page-0004-768x866.jpg 768w, https:\/\/www.perfecteaucomm.com\/wp-content\/uploads\/2023\/03\/Communique_Programmation_FCMS_2023_16mars_page-0004.jpg 1275w\" sizes=\"auto, (max-width: 909px) 100vw, 909px\" \/><\/figure>\n\n\n\n<figure class=\"wp-block-image aligncenter size-large is-resized\"><img loading=\"lazy\" decoding=\"async\" src=\"https:\/\/www.perfecteaucomm.com\/wp-content\/uploads\/2023\/03\/FCMS_2023_CP_16mars-1024x683.jpg\" alt=\"\" class=\"wp-image-837\" width=\"512\" height=\"342\" srcset=\"https:\/\/www.perfecteaucomm.com\/wp-content\/uploads\/2023\/03\/FCMS_2023_CP_16mars-1024x683.jpg 1024w, https:\/\/www.perfecteaucomm.com\/wp-content\/uploads\/2023\/03\/FCMS_2023_CP_16mars-300x200.jpg 300w, https:\/\/www.perfecteaucomm.com\/wp-content\/uploads\/2023\/03\/FCMS_2023_CP_16mars-768x512.jpg 768w, https:\/\/www.perfecteaucomm.com\/wp-content\/uploads\/2023\/03\/FCMS_2023_CP_16mars-1536x1024.jpg 1536w, https:\/\/www.perfecteaucomm.com\/wp-content\/uploads\/2023\/03\/FCMS_2023_CP_16mars.jpg 1800w\" sizes=\"auto, (max-width: 512px) 100vw, 512px\" \/><figcaption class=\"wp-element-caption\">Cr\u00e9dit photo : Simon Rancourt<\/figcaption><\/figure>\n\n\n\n<p class=\"has-text-align-center\">Le comit\u00e9 de programmation films du FCMS, de gauche \u00e0 droite Denis Hurtubise, cofondateur et administrateur du FCMS; Catherine Viau, directrice de la programmation films du FCMS et Malika Bajjaje, directrice g\u00e9n\u00e9rale et cofondatrice du FCMS. <\/p>\n\n\n\n<p><\/p>\n","protected":false},"excerpt":{"rendered":"<p>Une programmation vibrante et immersive pour le 10e anniversaire du Festival cin\u00e9ma du monde de Sherbrooke. Le comit\u00e9 de programmation films du FCMS, de gauche \u00e0 droite Denis Hurtubise, cofondateur et administrateur du FCMS; Catherine Viau, directrice de la programmation films du FCMS et Malika Bajjaje, directrice g\u00e9n\u00e9rale et cofondatrice du FCMS.<\/p>\n","protected":false},"author":1,"featured_media":844,"comment_status":"closed","ping_status":"closed","sticky":false,"template":"","format":"standard","meta":{"footnotes":""},"categories":[20],"tags":[42,40,41,6,43],"class_list":["post-828","post","type-post","status-publish","format-standard","has-post-thumbnail","hentry","category-actualites","tag-cinema","tag-festival-cinema-du-monde-de-sherbrooke","tag-film","tag-perfecteau-comm","tag-sherbrooke"],"yoast_head":"<!-- This site is optimized with the Yoast SEO plugin v25.5 - https:\/\/yoast.com\/wordpress\/plugins\/seo\/ -->\n<title>Festival cin\u00e9ma du monde de Sherbrooke 2023 - Perfecteau Comm<\/title>\n<meta name=\"robots\" content=\"index, follow, max-snippet:-1, max-image-preview:large, max-video-preview:-1\" \/>\n<link rel=\"canonical\" href=\"https:\/\/www.perfecteaucomm.com\/en\/actualites\/festival-cinema-du-monde-de-sherbrooke-2023\/\" \/>\n<meta property=\"og:locale\" content=\"en_US\" \/>\n<meta property=\"og:locale:alternate\" content=\"fr_CA\" \/>\n<meta property=\"og:type\" content=\"article\" \/>\n<meta property=\"og:title\" content=\"Festival cin\u00e9ma du monde de Sherbrooke 2023 - Perfecteau Comm\" \/>\n<meta property=\"og:description\" content=\"Une programmation vibrante et immersive pour le 10e anniversaire du Festival cin\u00e9ma du monde de Sherbrooke. Le comit\u00e9 de programmation films du FCMS, de gauche \u00e0 droite Denis Hurtubise, cofondateur et administrateur du FCMS; Catherine Viau, directrice de la programmation films du FCMS et Malika Bajjaje, directrice g\u00e9n\u00e9rale et cofondatrice du FCMS.\" \/>\n<meta property=\"og:url\" content=\"https:\/\/www.perfecteaucomm.com\/en\/actualites\/festival-cinema-du-monde-de-sherbrooke-2023\/\" \/>\n<meta property=\"og:site_name\" content=\"Perfecteau Comm\" \/>\n<meta property=\"article:published_time\" content=\"2023-03-17T13:54:27+00:00\" \/>\n<meta property=\"article:modified_time\" content=\"2023-03-17T13:56:19+00:00\" \/>\n<meta property=\"og:image\" content=\"https:\/\/www.perfecteaucomm.com\/wp-content\/uploads\/2023\/03\/FCMS-2023.png\" \/>\n\t<meta property=\"og:image:width\" content=\"1920\" \/>\n\t<meta property=\"og:image:height\" content=\"1080\" \/>\n\t<meta property=\"og:image:type\" content=\"image\/png\" \/>\n<meta name=\"author\" content=\"perfecteau\" \/>\n<meta name=\"twitter:card\" content=\"summary_large_image\" \/>\n<meta name=\"twitter:label1\" content=\"Written by\" \/>\n\t<meta name=\"twitter:data1\" content=\"perfecteau\" \/>\n\t<meta name=\"twitter:label2\" content=\"Est. reading time\" \/>\n\t<meta name=\"twitter:data2\" content=\"2 minutes\" \/>\n<script type=\"application\/ld+json\" class=\"yoast-schema-graph\">{\"@context\":\"https:\/\/schema.org\",\"@graph\":[{\"@type\":\"Article\",\"@id\":\"https:\/\/www.perfecteaucomm.com\/actualites\/festival-cinema-du-monde-de-sherbrooke-2023\/#article\",\"isPartOf\":{\"@id\":\"https:\/\/www.perfecteaucomm.com\/actualites\/festival-cinema-du-monde-de-sherbrooke-2023\/\"},\"author\":{\"name\":\"perfecteau\",\"@id\":\"https:\/\/www.perfecteaucomm.com\/#\/schema\/person\/6e8531918d9cb8157ee1a5075d81d5c7\"},\"headline\":\"Festival cin\u00e9ma du monde de Sherbrooke 2023\",\"datePublished\":\"2023-03-17T13:54:27+00:00\",\"dateModified\":\"2023-03-17T13:56:19+00:00\",\"mainEntityOfPage\":{\"@id\":\"https:\/\/www.perfecteaucomm.com\/actualites\/festival-cinema-du-monde-de-sherbrooke-2023\/\"},\"wordCount\":66,\"publisher\":{\"@id\":\"https:\/\/www.perfecteaucomm.com\/#organization\"},\"image\":{\"@id\":\"https:\/\/www.perfecteaucomm.com\/actualites\/festival-cinema-du-monde-de-sherbrooke-2023\/#primaryimage\"},\"thumbnailUrl\":\"https:\/\/www.perfecteaucomm.com\/wp-content\/uploads\/2023\/03\/FCMS-2023.png\",\"keywords\":[\"Cin\u00e9ma\",\"Festival cin\u00e9ma du monde de Sherbrooke\",\"Film\",\"Perfecteau Comm\",\"Sherbrooke\"],\"articleSection\":[\"Actualit\u00e9s\"],\"inLanguage\":\"en-CA\"},{\"@type\":\"WebPage\",\"@id\":\"https:\/\/www.perfecteaucomm.com\/actualites\/festival-cinema-du-monde-de-sherbrooke-2023\/\",\"url\":\"https:\/\/www.perfecteaucomm.com\/actualites\/festival-cinema-du-monde-de-sherbrooke-2023\/\",\"name\":\"Festival cin\u00e9ma du monde de Sherbrooke 2023 - Perfecteau Comm\",\"isPartOf\":{\"@id\":\"https:\/\/www.perfecteaucomm.com\/#website\"},\"primaryImageOfPage\":{\"@id\":\"https:\/\/www.perfecteaucomm.com\/actualites\/festival-cinema-du-monde-de-sherbrooke-2023\/#primaryimage\"},\"image\":{\"@id\":\"https:\/\/www.perfecteaucomm.com\/actualites\/festival-cinema-du-monde-de-sherbrooke-2023\/#primaryimage\"},\"thumbnailUrl\":\"https:\/\/www.perfecteaucomm.com\/wp-content\/uploads\/2023\/03\/FCMS-2023.png\",\"datePublished\":\"2023-03-17T13:54:27+00:00\",\"dateModified\":\"2023-03-17T13:56:19+00:00\",\"breadcrumb\":{\"@id\":\"https:\/\/www.perfecteaucomm.com\/actualites\/festival-cinema-du-monde-de-sherbrooke-2023\/#breadcrumb\"},\"inLanguage\":\"en-CA\",\"potentialAction\":[{\"@type\":\"ReadAction\",\"target\":[\"https:\/\/www.perfecteaucomm.com\/actualites\/festival-cinema-du-monde-de-sherbrooke-2023\/\"]}]},{\"@type\":\"ImageObject\",\"inLanguage\":\"en-CA\",\"@id\":\"https:\/\/www.perfecteaucomm.com\/actualites\/festival-cinema-du-monde-de-sherbrooke-2023\/#primaryimage\",\"url\":\"https:\/\/www.perfecteaucomm.com\/wp-content\/uploads\/2023\/03\/FCMS-2023.png\",\"contentUrl\":\"https:\/\/www.perfecteaucomm.com\/wp-content\/uploads\/2023\/03\/FCMS-2023.png\",\"width\":1920,\"height\":1080},{\"@type\":\"BreadcrumbList\",\"@id\":\"https:\/\/www.perfecteaucomm.com\/actualites\/festival-cinema-du-monde-de-sherbrooke-2023\/#breadcrumb\",\"itemListElement\":[{\"@type\":\"ListItem\",\"position\":1,\"name\":\"Accueil\",\"item\":\"https:\/\/www.perfecteaucomm.com\/\"},{\"@type\":\"ListItem\",\"position\":2,\"name\":\"Festival cin\u00e9ma du monde de Sherbrooke 2023\"}]},{\"@type\":\"WebSite\",\"@id\":\"https:\/\/www.perfecteaucomm.com\/#website\",\"url\":\"https:\/\/www.perfecteaucomm.com\/\",\"name\":\"Perfecteau Comm\",\"description\":\"Agence de relations de presse\",\"publisher\":{\"@id\":\"https:\/\/www.perfecteaucomm.com\/#organization\"},\"potentialAction\":[{\"@type\":\"SearchAction\",\"target\":{\"@type\":\"EntryPoint\",\"urlTemplate\":\"https:\/\/www.perfecteaucomm.com\/?s={search_term_string}\"},\"query-input\":{\"@type\":\"PropertyValueSpecification\",\"valueRequired\":true,\"valueName\":\"search_term_string\"}}],\"inLanguage\":\"en-CA\"},{\"@type\":\"Organization\",\"@id\":\"https:\/\/www.perfecteaucomm.com\/#organization\",\"name\":\"Perfecteau Comm\",\"url\":\"https:\/\/www.perfecteaucomm.com\/\",\"logo\":{\"@type\":\"ImageObject\",\"inLanguage\":\"en-CA\",\"@id\":\"https:\/\/www.perfecteaucomm.com\/#\/schema\/logo\/image\/\",\"url\":\"https:\/\/www.perfecteaucomm.com\/wp-content\/uploads\/2023\/01\/logo_perfecteau_fichier_final-2.png\",\"contentUrl\":\"https:\/\/www.perfecteaucomm.com\/wp-content\/uploads\/2023\/01\/logo_perfecteau_fichier_final-2.png\",\"width\":1600,\"height\":704,\"caption\":\"Perfecteau Comm\"},\"image\":{\"@id\":\"https:\/\/www.perfecteaucomm.com\/#\/schema\/logo\/image\/\"}},{\"@type\":\"Person\",\"@id\":\"https:\/\/www.perfecteaucomm.com\/#\/schema\/person\/6e8531918d9cb8157ee1a5075d81d5c7\",\"name\":\"perfecteau\",\"sameAs\":[\"https:\/\/perfecteaucomm.la-complice.com\"],\"url\":\"https:\/\/www.perfecteaucomm.com\/en\/author\/perfecteau\/\"}]}<\/script>\n<!-- \/ Yoast SEO plugin. -->","yoast_head_json":{"title":"Festival cin\u00e9ma du monde de Sherbrooke 2023 - Perfecteau Comm","robots":{"index":"index","follow":"follow","max-snippet":"max-snippet:-1","max-image-preview":"max-image-preview:large","max-video-preview":"max-video-preview:-1"},"canonical":"https:\/\/www.perfecteaucomm.com\/en\/actualites\/festival-cinema-du-monde-de-sherbrooke-2023\/","og_locale":"en_US","og_type":"article","og_title":"Festival cin\u00e9ma du monde de Sherbrooke 2023 - Perfecteau Comm","og_description":"Une programmation vibrante et immersive pour le 10e anniversaire du Festival cin\u00e9ma du monde de Sherbrooke. Le comit\u00e9 de programmation films du FCMS, de gauche \u00e0 droite Denis Hurtubise, cofondateur et administrateur du FCMS; Catherine Viau, directrice de la programmation films du FCMS et Malika Bajjaje, directrice g\u00e9n\u00e9rale et cofondatrice du FCMS.","og_url":"https:\/\/www.perfecteaucomm.com\/en\/actualites\/festival-cinema-du-monde-de-sherbrooke-2023\/","og_site_name":"Perfecteau Comm","article_published_time":"2023-03-17T13:54:27+00:00","article_modified_time":"2023-03-17T13:56:19+00:00","og_image":[{"width":1920,"height":1080,"url":"https:\/\/www.perfecteaucomm.com\/wp-content\/uploads\/2023\/03\/FCMS-2023.png","type":"image\/png"}],"author":"perfecteau","twitter_card":"summary_large_image","twitter_misc":{"Written by":"perfecteau","Est. reading time":"2 minutes"},"schema":{"@context":"https:\/\/schema.org","@graph":[{"@type":"Article","@id":"https:\/\/www.perfecteaucomm.com\/actualites\/festival-cinema-du-monde-de-sherbrooke-2023\/#article","isPartOf":{"@id":"https:\/\/www.perfecteaucomm.com\/actualites\/festival-cinema-du-monde-de-sherbrooke-2023\/"},"author":{"name":"perfecteau","@id":"https:\/\/www.perfecteaucomm.com\/#\/schema\/person\/6e8531918d9cb8157ee1a5075d81d5c7"},"headline":"Festival cin\u00e9ma du monde de Sherbrooke 2023","datePublished":"2023-03-17T13:54:27+00:00","dateModified":"2023-03-17T13:56:19+00:00","mainEntityOfPage":{"@id":"https:\/\/www.perfecteaucomm.com\/actualites\/festival-cinema-du-monde-de-sherbrooke-2023\/"},"wordCount":66,"publisher":{"@id":"https:\/\/www.perfecteaucomm.com\/#organization"},"image":{"@id":"https:\/\/www.perfecteaucomm.com\/actualites\/festival-cinema-du-monde-de-sherbrooke-2023\/#primaryimage"},"thumbnailUrl":"https:\/\/www.perfecteaucomm.com\/wp-content\/uploads\/2023\/03\/FCMS-2023.png","keywords":["Cin\u00e9ma","Festival cin\u00e9ma du monde de Sherbrooke","Film","Perfecteau Comm","Sherbrooke"],"articleSection":["Actualit\u00e9s"],"inLanguage":"en-CA"},{"@type":"WebPage","@id":"https:\/\/www.perfecteaucomm.com\/actualites\/festival-cinema-du-monde-de-sherbrooke-2023\/","url":"https:\/\/www.perfecteaucomm.com\/actualites\/festival-cinema-du-monde-de-sherbrooke-2023\/","name":"Festival cin\u00e9ma du monde de Sherbrooke 2023 - Perfecteau Comm","isPartOf":{"@id":"https:\/\/www.perfecteaucomm.com\/#website"},"primaryImageOfPage":{"@id":"https:\/\/www.perfecteaucomm.com\/actualites\/festival-cinema-du-monde-de-sherbrooke-2023\/#primaryimage"},"image":{"@id":"https:\/\/www.perfecteaucomm.com\/actualites\/festival-cinema-du-monde-de-sherbrooke-2023\/#primaryimage"},"thumbnailUrl":"https:\/\/www.perfecteaucomm.com\/wp-content\/uploads\/2023\/03\/FCMS-2023.png","datePublished":"2023-03-17T13:54:27+00:00","dateModified":"2023-03-17T13:56:19+00:00","breadcrumb":{"@id":"https:\/\/www.perfecteaucomm.com\/actualites\/festival-cinema-du-monde-de-sherbrooke-2023\/#breadcrumb"},"inLanguage":"en-CA","potentialAction":[{"@type":"ReadAction","target":["https:\/\/www.perfecteaucomm.com\/actualites\/festival-cinema-du-monde-de-sherbrooke-2023\/"]}]},{"@type":"ImageObject","inLanguage":"en-CA","@id":"https:\/\/www.perfecteaucomm.com\/actualites\/festival-cinema-du-monde-de-sherbrooke-2023\/#primaryimage","url":"https:\/\/www.perfecteaucomm.com\/wp-content\/uploads\/2023\/03\/FCMS-2023.png","contentUrl":"https:\/\/www.perfecteaucomm.com\/wp-content\/uploads\/2023\/03\/FCMS-2023.png","width":1920,"height":1080},{"@type":"BreadcrumbList","@id":"https:\/\/www.perfecteaucomm.com\/actualites\/festival-cinema-du-monde-de-sherbrooke-2023\/#breadcrumb","itemListElement":[{"@type":"ListItem","position":1,"name":"Accueil","item":"https:\/\/www.perfecteaucomm.com\/"},{"@type":"ListItem","position":2,"name":"Festival cin\u00e9ma du monde de Sherbrooke 2023"}]},{"@type":"WebSite","@id":"https:\/\/www.perfecteaucomm.com\/#website","url":"https:\/\/www.perfecteaucomm.com\/","name":"Perfecteau Comm","description":"Agence de relations de presse","publisher":{"@id":"https:\/\/www.perfecteaucomm.com\/#organization"},"potentialAction":[{"@type":"SearchAction","target":{"@type":"EntryPoint","urlTemplate":"https:\/\/www.perfecteaucomm.com\/?s={search_term_string}"},"query-input":{"@type":"PropertyValueSpecification","valueRequired":true,"valueName":"search_term_string"}}],"inLanguage":"en-CA"},{"@type":"Organization","@id":"https:\/\/www.perfecteaucomm.com\/#organization","name":"Perfecteau Comm","url":"https:\/\/www.perfecteaucomm.com\/","logo":{"@type":"ImageObject","inLanguage":"en-CA","@id":"https:\/\/www.perfecteaucomm.com\/#\/schema\/logo\/image\/","url":"https:\/\/www.perfecteaucomm.com\/wp-content\/uploads\/2023\/01\/logo_perfecteau_fichier_final-2.png","contentUrl":"https:\/\/www.perfecteaucomm.com\/wp-content\/uploads\/2023\/01\/logo_perfecteau_fichier_final-2.png","width":1600,"height":704,"caption":"Perfecteau Comm"},"image":{"@id":"https:\/\/www.perfecteaucomm.com\/#\/schema\/logo\/image\/"}},{"@type":"Person","@id":"https:\/\/www.perfecteaucomm.com\/#\/schema\/person\/6e8531918d9cb8157ee1a5075d81d5c7","name":"perfecteau","sameAs":["https:\/\/perfecteaucomm.la-complice.com"],"url":"https:\/\/www.perfecteaucomm.com\/en\/author\/perfecteau\/"}]}},"_links":{"self":[{"href":"https:\/\/www.perfecteaucomm.com\/en\/wp-json\/wp\/v2\/posts\/828","targetHints":{"allow":["GET"]}}],"collection":[{"href":"https:\/\/www.perfecteaucomm.com\/en\/wp-json\/wp\/v2\/posts"}],"about":[{"href":"https:\/\/www.perfecteaucomm.com\/en\/wp-json\/wp\/v2\/types\/post"}],"author":[{"embeddable":true,"href":"https:\/\/www.perfecteaucomm.com\/en\/wp-json\/wp\/v2\/users\/1"}],"replies":[{"embeddable":true,"href":"https:\/\/www.perfecteaucomm.com\/en\/wp-json\/wp\/v2\/comments?post=828"}],"version-history":[{"count":6,"href":"https:\/\/www.perfecteaucomm.com\/en\/wp-json\/wp\/v2\/posts\/828\/revisions"}],"predecessor-version":[{"id":843,"href":"https:\/\/www.perfecteaucomm.com\/en\/wp-json\/wp\/v2\/posts\/828\/revisions\/843"}],"wp:featuredmedia":[{"embeddable":true,"href":"https:\/\/www.perfecteaucomm.com\/en\/wp-json\/wp\/v2\/media\/844"}],"wp:attachment":[{"href":"https:\/\/www.perfecteaucomm.com\/en\/wp-json\/wp\/v2\/media?parent=828"}],"wp:term":[{"taxonomy":"category","embeddable":true,"href":"https:\/\/www.perfecteaucomm.com\/en\/wp-json\/wp\/v2\/categories?post=828"},{"taxonomy":"post_tag","embeddable":true,"href":"https:\/\/www.perfecteaucomm.com\/en\/wp-json\/wp\/v2\/tags?post=828"}],"curies":[{"name":"wp","href":"https:\/\/api.w.org\/{rel}","templated":true}]}}