{"id":76,"date":"2022-02-18T15:06:56","date_gmt":"2022-02-18T20:06:56","guid":{"rendered":"https:\/\/perfecteaucomm.la-complice.com\/?p=76"},"modified":"2023-01-26T10:09:20","modified_gmt":"2023-01-26T15:09:20","slug":"faire-sa-carriere-en-relations-de-presse","status":"publish","type":"post","link":"https:\/\/www.perfecteaucomm.com\/en\/blogue\/faire-sa-carriere-en-relations-de-presse\/","title":{"rendered":"Faire sa carri\u00e8re en relations de presse"},"content":{"rendered":"\n<h2 class=\"wp-block-heading\">Faire sa carri\u00e8re en relations de presse<\/h2>\n\n\n\n<p class=\"has-text-align-center\">Par <a rel=\"noreferrer noopener\" href=\"https:\/\/www.perfecteaucomm.com\/services\" target=\"_blank\">Zo\u00e9 Lecavalier<\/a><\/p>\n\n\n\n<figure class=\"wp-block-image aligncenter size-large is-resized\"><img loading=\"lazy\" decoding=\"async\" src=\"https:\/\/perfecteaucomm.la-complice.com\/wp-content\/uploads\/2023\/01\/business-woman-celebrating-celebration-city-umbrella-public-relations-1431483-pxhere.com_-1024x657.jpg\" alt=\"\" class=\"wp-image-106\" width=\"768\" height=\"493\" srcset=\"https:\/\/www.perfecteaucomm.com\/wp-content\/uploads\/2023\/01\/business-woman-celebrating-celebration-city-umbrella-public-relations-1431483-pxhere.com_-1024x657.jpg 1024w, https:\/\/www.perfecteaucomm.com\/wp-content\/uploads\/2023\/01\/business-woman-celebrating-celebration-city-umbrella-public-relations-1431483-pxhere.com_-300x193.jpg 300w, https:\/\/www.perfecteaucomm.com\/wp-content\/uploads\/2023\/01\/business-woman-celebrating-celebration-city-umbrella-public-relations-1431483-pxhere.com_-768x493.jpg 768w, https:\/\/www.perfecteaucomm.com\/wp-content\/uploads\/2023\/01\/business-woman-celebrating-celebration-city-umbrella-public-relations-1431483-pxhere.com_-1536x986.jpg 1536w, https:\/\/www.perfecteaucomm.com\/wp-content\/uploads\/2023\/01\/business-woman-celebrating-celebration-city-umbrella-public-relations-1431483-pxhere.com_-2048x1314.jpg 2048w\" sizes=\"auto, (max-width: 768px) 100vw, 768px\" \/><\/figure>\n\n\n\n<p id=\"viewer-43dlr\">Tel qu\u2019expliqu\u00e9 dans l\u2019article <a href=\"https:\/\/www.perfecteaucomm.com\/single-post\/les-relations-de-presse-c-est-comme-les-relations-publiques-de-la-publicit%C3%A9\" target=\"_blank\" rel=\"noreferrer noopener\"><em>Les relations de presse, c\u2019est comme les relations publiques : de la publicit\u00e9!<\/em><\/a>, les relations de presse sont un sous-domaine des relations publiques. Ayant pour but d\u2019augmenter la visibilit\u00e9 d\u2019une organisation, d\u2019un produit ou d\u2019un service, les professionnels des relations de presse concentrent leurs activit\u00e9s dans la sph\u00e8re m\u00e9diatique.<\/p>\n\n\n\n<h3 class=\"wp-block-heading\" id=\"viewer-1rafc\">T\u00e2ches en relations de presse<\/h3>\n\n\n\n<p id=\"viewer-bjl8\">Pour attirer leur attention et obtenir une mention, une chronique ou une entrevue, les relationnistes de presse travaillent de pair avec les journalistes, les recherchistes, les chefs de nouvelles, les animateurs, les chroniqueurs, etc. Dans cette optique, le relationniste peut :<\/p>\n\n\n\n<ul class=\"wp-block-list\">\n<li>Communiquer par \u00e9crit (majoritairement des courriels), par t\u00e9l\u00e9phone ou par visioconf\u00e9rence (les rencontres en face-\u00e0-face sont plut\u00f4t rares) avec les m\u00e9dias;<\/li>\n\n\n\n<li>Inviter des m\u00e9dias \u00e0 des \u00e9v\u00e9nements, puis les accueillir ;<\/li>\n\n\n\n<li>Organiser et prendre part \u00e0 des \u00e9v\u00e9nements m\u00e9diatiques (conf\u00e9rence de presse et autres) ainsi qu\u2019\u00e0 des \u00e9v\u00e9nements publiques (festivals, spectacles, c\u00e9l\u00e9brations vari\u00e9es, etc.) ;<\/li>\n\n\n\n<li>Agir \u00e0 titre de porte-parole pour une organisation ;<\/li>\n\n\n\n<li>Inscrire les demandes d\u2019entrevue \u00e0 l\u2019horaire du porte-parole ;<\/li>\n\n\n\n<li>Pr\u00e9voir des suivis et des relances ;<\/li>\n<\/ul>\n\n\n\n<p id=\"viewer-4i6ut\">Bien que ces t\u00e2ches r\u00e9sument une partie importante de la strat\u00e9gie de relations de presse, la pr\u00e9paration d\u2019un relationniste ne doit pas \u00eatre sous-estim\u00e9e. Avant de pouvoir contacter les m\u00e9dias, le professionnel des communications doit :<\/p>\n\n\n\n<div class=\"wp-block-group is-layout-constrained wp-block-group-is-layout-constrained\">\n<ul class=\"wp-block-list\">\n<li>Chercher des m\u00e9dias sp\u00e9cialis\u00e9s ;<\/li>\n\n\n\n<li>\u00c9tablir une liste de m\u00e9dias \u00e0 contacter et la tenir \u00e0 jour ;<\/li>\n\n\n\n<li>R\u00e9diger des communiqu\u00e9s de presse ;<\/li>\n\n\n\n<li>Pr\u00e9parer un argumentaire valorisant l\u2019entreprise, le produit ou le service promu ;<\/li>\n\n\n\n<li>Faire du coaching m\u00e9diatique avec le porte-parole ou le client, c\u2019est-\u00e0-dire pr\u00e9parer une personne \u00e0 r\u00e9pondre aux m\u00e9dias ad\u00e9quatement ;<\/li>\n\n\n\n<li>Pr\u00e9parer des envois postaux, donc un exemplaire du produit (livre, album musical, jeu de soci\u00e9t\u00e9, etc.) avec une copie du communiqu\u00e9 de presse ;<\/li>\n\n\n\n<li>Constituer un dossier de presse, soit l\u2019ensemble des informations pertinentes pour les journalistes ;<\/li>\n\n\n\n<li>Ensuite, la r\u00e9ussite de la strat\u00e9gie de relations de presse est \u00e9valu\u00e9e. Sans tenir compte de l\u2019envergure de la campagne d\u00e9ploy\u00e9e, le strat\u00e8ge veille \u00e0 :<\/li>\n\n\n\n<li>Faire une revue de presse r\u00e9guli\u00e8re ;<\/li>\n\n\n\n<li>Compiler toutes les mentions de l\u2019entreprise, du produit ou du service faites dans les m\u00e9dias et partager le tout avec les personnes concern\u00e9es (g\u00e9n\u00e9ralement le client) ;<\/li>\n\n\n\n<li>Entretenir ses relations avec les m\u00e9dias (les remercier lorsque n\u00e9cessaire, par exemple) ;<\/li>\n<\/ul>\n<\/div>\n\n\n\n<p id=\"viewer-d518e\">Enfin, une portion des relations de presse doit \u00eatre effectu\u00e9e en continue, puisque les m\u00e9dias peuvent diffuser des nouvelles \u00e0 toute heure de la journ\u00e9e et n\u2019importe quel jour de la semaine. Pouvant mener \u00e0 une crise r\u00e9putationnelle, toute mention n\u00e9gative de client dans les m\u00e9dias doit \u00eatre appr\u00e9hend\u00e9e et \u00e9valu\u00e9e. En ce sens, le relationniste doit toujours \u00eatre au vent de l\u2019actualit\u00e9 et, plus sp\u00e9cifiquement, des sujets qui concernent ses clients. \u00catre joignable presque en tout temps est aussi une exigence de cet emploi. Cette pr\u00e9caution se r\u00e9v\u00e8le efficace pour r\u00e9agir rapidement en cas de crise ou de probl\u00e8me technique lors d\u2019une entrevue d\u2019un client.<\/p>\n\n\n\n<h3 class=\"wp-block-heading\" id=\"viewer-8p52l\">Aptitudes n\u00e9cessaires<\/h3>\n\n\n\n<p id=\"viewer-bdmcj\">Pour atteindre ses objectifs, la personne charg\u00e9e des relations de presse doit poss\u00e9der certaines qualit\u00e9s. Les comp\u00e9tences les plus importantes pour faire des relations de presse son m\u00e9tier sont :<\/p>\n\n\n\n<div class=\"wp-block-group is-layout-constrained wp-block-group-is-layout-constrained\">\n<ul class=\"wp-block-list\">\n<li>L\u2019entregent, ce qui pourrait \u00eatre d\u00e9finit comme la capacit\u00e9 \u00e0 entretenir des relations ;<\/li>\n\n\n\n<li>Les capacit\u00e9s r\u00e9dactionnelles et d\u2019expression orale, soit un usage ad\u00e9quat de la langue \u00e9crite et parl\u00e9e;<\/li>\n\n\n\n<li>La cr\u00e9ativit\u00e9 ou le sens de l\u2019innovation ;<\/li>\n\n\n\n<li>La flexibilit\u00e9 ou la capacit\u00e9 d\u2019adaptation ;<\/li>\n\n\n\n<li>Le sens analytique ou la capacit\u00e9 de synth\u00e8se ;<\/li>\n\n\n\n<li>L\u2019influence et la conviction, qui passent souvent par la capacit\u00e9 \u00e0 argumenter ;<\/li>\n\n\n\n<li>L\u2019organisation et la gestion des priorit\u00e9s ;<\/li>\n\n\n\n<li>L\u2019empathie, c\u2019est-\u00e0-dire la capacit\u00e9 de se mettre \u00e0 la place de l\u2019autre ;<\/li>\n<\/ul>\n<\/div>\n\n\n\n<h3 class=\"wp-block-heading\" id=\"viewer-6v7ei\">Formation<\/h3>\n\n\n\n<p id=\"viewer-2goh3\">Le domaine des communications n\u2019\u00e9tant toujours pas professionnalis\u00e9, n\u2019importe qui peut y \u00eatre engag\u00e9. Ceci dit, les employeurs indiquent couramment qu\u2019un dipl\u00f4me de niveau universitaire (ou l\u2019\u00e9quivalent) est exig\u00e9.<\/p>\n\n\n\n<p id=\"viewer-8pfp7\">Au Qu\u00e9bec, la plupart des universit\u00e9s offrent le baccalaur\u00e9at en communication et certaines proposent plusieurs parcours plus sp\u00e9cialis\u00e9s. Par exemple, la Facult\u00e9 de communication de l\u2019UQAM a mis sur pied 12 programmes de baccalaur\u00e9at alors que le D\u00e9partement de communication de l\u2019Universit\u00e9 de Montr\u00e9al n\u2019en compte que 2. N\u00e9anmoins, les parcours acad\u00e9miques d\u00e9velopp\u00e9s par ces \u00e9coles comportent leurs diff\u00e9rences. Ainsi, un dipl\u00f4me en communications, relations publiques peut \u00eatre favorable pour quelqu\u2019un qui souhaite se concentrer dans cette cat\u00e9gorie, mais il pourrait aussi \u00eatre nuisible \u00e0 la carri\u00e8re d\u2019un autre plus g\u00e9n\u00e9raliste.<\/p>\n\n\n\n<p id=\"viewer-rr2v\">Pour r\u00e9sumer, les relationnistes \u00e9tudient g\u00e9n\u00e9ralement jusqu\u2019au 1er cycle universitaire afin d\u2019obtenir un baccalaur\u00e9at. Ce niveau d\u2019\u00e9ducation \u00e9tant prioris\u00e9 par les employeurs, l\u2019\u00e9tudiant doit choisir \u00e0 travers la multitude de possibilit\u00e9s mise de l\u2019avant par divers organismes. Heureusement, la versatilit\u00e9 des communications sugg\u00e8re fr\u00e9quemment de nouvelles avenues.<\/p>\n\n\n\n<p id=\"viewer-9souk\"><a href=\"https:\/\/www.quebec.ca\/emploi\/metiers-professions\/explorer-metiers-professions\/1123-professionnels-professionnelles-en-publicite-marketing-et-relations-publiques#titre-formation-condition-acces\" target=\"_blank\" rel=\"noreferrer noopener\">En savoir plus<\/a><\/p>\n\n\n\n<h3 class=\"wp-block-heading\" id=\"viewer-5075u\">Conditions de travail<\/h3>\n\n\n\n<h4 class=\"wp-block-heading\" id=\"viewer-80co0\"><strong>Salaire<\/strong><\/h4>\n\n\n\n<p id=\"viewer-fr97c\">Selon les donn\u00e9es du site <a href=\"https:\/\/www.quebec.ca\/emploi\/metiers-professions\/explorer-metiers-professions\/1123-professionnels-professionnelles-en-publicite-marketing-et-relations-publiques#salaire-horaire\" target=\"_blank\" rel=\"noreferrer noopener\">IMT d\u2019Emploi-Qu\u00e9bec<\/a>, le salaire horaire moyen (2018-2020) des professionnels en publicit\u00e9, en marketing et en relations publiques suivait cette tendance :<\/p>\n\n\n\n<div class=\"wp-block-group is-layout-constrained wp-block-group-is-layout-constrained\">\n<p class=\"has-text-align-center\" id=\"viewer-cj09r\">Minimum<a rel=\"noreferrer noopener\" href=\"https:\/\/manage.wix.com\/dashboard\/7d20088d-0a00-4938-bada-30699ae66f53\/blog\/620ff986e75963983c9d2ae8\/edit#_ftn1\" target=\"_blank\">[1]<\/a>19,23 $<br>M\u00e9dian<a rel=\"noreferrer noopener\" href=\"https:\/\/manage.wix.com\/dashboard\/7d20088d-0a00-4938-bada-30699ae66f53\/blog\/620ff986e75963983c9d2ae8\/edit#_ftn2\" target=\"_blank\">[2]<\/a>31,25 $<br>Maximum<a rel=\"noreferrer noopener\" href=\"https:\/\/manage.wix.com\/dashboard\/7d20088d-0a00-4938-bada-30699ae66f53\/blog\/620ff986e75963983c9d2ae8\/edit#_ftn3\" target=\"_blank\">[3]<\/a>50,00 $<\/p>\n<\/div>\n\n\n\n<p id=\"viewer-5vmk9\">Parall\u00e8lement, en 2015, le salaire annuel moyen de ces professionnels \u00e9tait \u00e9valu\u00e9 \u00e0 55 000 $.<\/p>\n\n\n\n<h4 class=\"wp-block-heading\" id=\"viewer-e2lrj\"><strong>Horaire<\/strong><\/h4>\n\n\n\n<p id=\"viewer-cclvf\">L\u2019horaire d\u2019un strat\u00e8ge de presse est sensiblement le m\u00eame dans tous les champs d\u2019activit\u00e9 : 35 \u00e0 40 heures par semaine, du lundi au vendredi. Toutefois, il doit \u00eatre joignable la quasi-totalit\u00e9 du temps et pr\u00e9sent \u00e0 certains \u00e9v\u00e9nements qui sortent de ce cadre. N\u00e9cessairement, certains milieux en orchestrent plus que d\u2019autres, donc d\u00e9rogent \u00e0 cette norme. Somme toute, le secteur dans lequel se sp\u00e9cialise le travailleur joue le plus grand r\u00f4le sur cette condition.<\/p>\n\n\n\n<h4 class=\"wp-block-heading\" id=\"viewer-besdd\"><strong>Environnement<\/strong><\/h4>\n\n\n\n<p id=\"viewer-7gf3m\">Conform\u00e9ment aux particularit\u00e9s du domaine, les relationnistes travaillent, de mani\u00e8re g\u00e9n\u00e9rale, assis, avec un ordinateur et dans un bureau. De nos jours, le virtuel a gagn\u00e9 en popularit\u00e9 sans enlever toute la gloire au pr\u00e9sentiel. Plusieurs gagnent leur vie en t\u00e9l\u00e9travail, d\u2019autres, en mode hybride et certains, en pr\u00e9sentiel. En d\u2019autres mots, le secteur d\u2019activit\u00e9s choisi par le relationniste a des impacts sur ses conditions de travail de la m\u00eame fa\u00e7on que le choix d\u2019employeur lui offre diff\u00e9rents avantages.<\/p>\n\n\n\n<p id=\"viewer-cmot2\">Dans le milieu culturel, la pr\u00e9sence aux \u00e9v\u00e9nements est une part importante des t\u00e2ches en relations de presse. Effectivement, il est de la responsabilit\u00e9 des professionnels de la communication d\u2019\u00eatre sur les lieux pour accueillir les m\u00e9dias, les personnalit\u00e9s de marque ainsi que les invit\u00e9s. Les relations interpersonnelles qu&#8217;entretiennent ces strat\u00e8ges sont \u00e0 la base de leur emploi, puisqu\u2019elles influencent la s\u00e9lection des nouvelles pr\u00e9sent\u00e9es dans les m\u00e9dias. Elles doivent donc \u00eatre entretenues, ce qui peut \u00eatre facilit\u00e9 par des rencontres et des festivit\u00e9s. De surcroit, les connaissances et le statut de ces employ\u00e9s leur inf\u00e8rent le devoir de r\u00e9pondre \u00e0 toute question pouvant leur \u00eatre pos\u00e9e. Enfin, en cas de situation dramatique (la mort d\u2019un participant par exemple), ils sont les mieux plac\u00e9s et les mieux form\u00e9s pour r\u00e9tablir les faits et g\u00e9rer la crise. \u00c0 l\u2019inverse, dans le domaine scientifique, il y a bien moins d\u2019\u00e9v\u00e9nements, mais les relationnistes y assistent aussi.<\/p>\n\n\n\n<p id=\"viewer-dhj1q\">Assurances collectives, fonds de pension, vacances : toutes des variables qu\u2019un employeur peut offrir ou non \u00e0 ses employ\u00e9s. Aujourd\u2019hui, la possibilit\u00e9 de faire et la fr\u00e9quence du t\u00e9l\u00e9travail sont subjectives \u00e0 chaque sup\u00e9rieur. Il est \u00e0 noter que certaines p\u00e9riodes peuvent mener \u00e0 une pr\u00e9sence plus fr\u00e9quente sur le lieu de travail et que certaines entreprises favorisent le travail d\u2019\u00e9quipe en face-\u00e0-face. Ainsi, il est important de prendre en consid\u00e9ration toutes les conditions de travail avant d\u2019accepter un emploi.<\/p>\n\n\n\n<h4 class=\"wp-block-heading\" id=\"viewer-fi88e\"><strong>Code vestimentaire<\/strong><\/h4>\n\n\n\n<p id=\"viewer-ea798\">En g\u00e9n\u00e9ral, la tenue professionnelle est de mise, bien qu\u2019aucune r\u00e8gle stricte ne l\u2019impose. Encore, ce crit\u00e8re varie d\u2019une organisation \u00e0 l\u2019autre et d\u2019un secteur d\u2019activit\u00e9s \u00e0 un autre. Par contre, il est important que l\u2019apparence physique du relationniste refl\u00e8te le professionnalisme qui le l\u00e9gitimise. En ce sens, l\u2019habillement certes, mais l\u2019hygi\u00e8ne, la coiffure, les bijoux, les accessoires et m\u00eame le maquillage pourraient \u00eatre encadr\u00e9s ou proscrits par certains employeurs. Heureusement, les normes d\u2019aujourd\u2019hui sont plut\u00f4t souples : la couleur des cheveux, le port de piercings ou le fait de montrer ses tatouages sont accept\u00e9s. De m\u00eame, l\u2019habillement peut divaguer des classiques tailleurs ou complets mornes, surtout en t\u00e9l\u00e9travail ou si aucun client ne nous voit. Pour terminer, la variabilit\u00e9 du m\u00e9tier de relationniste impose une adaptation \u00e0 chaque situation. Ainsi, certaines journ\u00e9es permettent des v\u00eatements r\u00e9guliers tandis que d\u2019autres requi\u00e8rent un habit de soir\u00e9e.<\/p>\n\n\n\n<h3 class=\"wp-block-heading\" id=\"viewer-5a1ir\">March\u00e9 du travail<\/h3>\n\n\n\n<h4 class=\"wp-block-heading\" id=\"viewer-bp40d\"><strong>Taux de placement<\/strong><\/h4>\n\n\n\n<p id=\"viewer-3u94b\">Au Qu\u00e9bec, les perspectives d\u2019emploi en 2019-2023 pour les professionnels en publicit\u00e9, en marketing et en relations publiques sont bonnes<a href=\"https:\/\/manage.wix.com\/dashboard\/7d20088d-0a00-4938-bada-30699ae66f53\/blog\/620ff986e75963983c9d2ae8\/edit#_ftn4\" target=\"_blank\" rel=\"noreferrer noopener\">[4]<\/a>. En effet, 25 000 personnes \u00e9taient en emploi dans ces secteurs en 2018 selon les donn\u00e9es du site <a href=\"https:\/\/www.quebec.ca\/emploi\/metiers-professions\/explorer-metiers-professions\/1123-professionnels-professionnelles-en-publicite-marketing-et-relations-publiques#perspectives\" target=\"_blank\" rel=\"noreferrer noopener\">IMT d\u2019Emploi-Qu\u00e9bec<\/a>.<\/p>\n\n\n\n<p id=\"viewer-dpn5f\"><strong>Types d\u2019organisation<\/strong><\/p>\n\n\n\n<p id=\"viewer-cjc8k\">Les communications occupant une place grandissante dans les priorit\u00e9s des entreprises, les strat\u00e8ges m\u00e9diatiques peuvent exercer dans :<\/p>\n\n\n\n<div class=\"wp-block-group is-layout-constrained wp-block-group-is-layout-constrained\">\n<ul class=\"wp-block-list\">\n<li>Une agence de communication, de publicit\u00e9\/marketing, de relations de presse ;<\/li>\n\n\n\n<li>Un organisme \u00e0 but lucratif (une compagnie) ;<\/li>\n\n\n\n<li>Un organisme \u00e0 but non lucratif ;<\/li>\n\n\n\n<li>Un organisme public (ville, minist\u00e8re, gouvernement, etc.) ; et<\/li>\n\n\n\n<li>Un organisme parapublic (SAQ, Hydro-Qu\u00e9bec, Radio-Qu\u00e9bec, etc.).<\/li>\n<\/ul>\n<\/div>\n\n\n\n<h4 class=\"wp-block-heading\" id=\"viewer-eoenc\"><strong>Champ d\u2019activit\u00e9s<\/strong><\/h4>\n\n\n\n<p id=\"viewer-ct7si\">Tel que mentionn\u00e9 pr\u00e9c\u00e9demment, plusieurs caract\u00e9ristiques de l\u2019emploi en d\u00e9pendent et les t\u00e2ches en sont directement affect\u00e9es. En fonction de ses int\u00e9r\u00eats, le relationniste peut se sp\u00e9cialiser dans le secteur :<\/p>\n\n\n\n<div class=\"wp-block-group is-layout-constrained wp-block-group-is-layout-constrained\">\n<ul class=\"wp-block-list\">\n<li>Culturel ;<\/li>\n\n\n\n<li>Sportif ;<\/li>\n\n\n\n<li>Politique ;<\/li>\n\n\n\n<li>Gastronomique ;<\/li>\n\n\n\n<li>Philanthropique ;<\/li>\n\n\n\n<li>De la sant\u00e9 ;<\/li>\n\n\n\n<li>Du style de vie ;<\/li>\n\n\n\n<li>Technologique ;<\/li>\n\n\n\n<li>Des affaires ;<\/li>\n\n\n\n<li>Scientifique ;<\/li>\n\n\n\n<li>Environnemental ;<\/li>\n\n\n\n<li>Et plusieurs autres.<\/li>\n<\/ul>\n<\/div>\n\n\n\n<h3 class=\"wp-block-heading\">Association professionnelle<\/h3>\n\n\n\n<p id=\"viewer-b73v\">Le domaine des communications n\u2019\u00e9tant pas professionnalis\u00e9, il n\u2019existe pas d\u2019Ordre qui le r\u00e8glemente. \u00c0 l\u2019instar de ce manque, des associations professionnelles \u00e9tablissent les normes du m\u00e9tier. En relations de presse, il existe la Soci\u00e9t\u00e9 qu\u00e9b\u00e9coise des professionnels en relations publiques (<a href=\"https:\/\/www.sqprp.ca\/fr\/accueil\" target=\"_blank\" rel=\"noreferrer noopener\">SQPRP<\/a>) ainsi que la Soci\u00e9t\u00e9 canadienne des relations publiques (<a href=\"https:\/\/www.scrp.ca\/\" target=\"_blank\" rel=\"noreferrer noopener\">SCRP<\/a>), puis d\u2019autres \u00e0 l\u2019international. Ces organismes ont d\u00e9fini un code d\u2019\u00e9thique afin que leurs membres et cette profession en elle-m\u00eame conservent une l\u00e9gitimit\u00e9 morale. Pour y arriver, les personnes d\u00e9sirant devenir membre doivent aussi r\u00e9ussir un examen afin de d\u00e9montrer qu\u2019elles connaissent minimalement les relations de presse, les valeurs du milieu ainsi que les comportements inacceptables. Une fois cette base \u00e9tablie, les nouveaux membres acc\u00e8dent \u00e0 certains titres officiels (comme les avocats ont le titre de Ma\u00eetre). Les d\u00e9butants et les interm\u00e9diaires peuvent signer en tant que professionnel des relations publiques (PRP) alors que ceux avec plus d\u2019exp\u00e9rience peuvent y ajouter un agr\u00e9ment en relations publiques (ARP). En plus de ce r\u00f4le, ces regroupements offrent des avantages \u00e0 leurs membres comme des opportunit\u00e9s de r\u00e9seautage, du d\u00e9veloppement professionnel, des prix de reconnaissance et bien plus.<\/p>\n\n\n\n<p id=\"viewer-4pa9p\"><a rel=\"noreferrer noopener\" href=\"https:\/\/manage.wix.com\/dashboard\/7d20088d-0a00-4938-bada-30699ae66f53\/blog\/620ff986e75963983c9d2ae8\/edit#_ftnref1\" target=\"_blank\">[1]<\/a> Le salaire minimum correspond au premier d\u00e9cile, soit le salaire qui marque la s\u00e9paration entre les salaires des 10 % des salari\u00e9s les moins bien pay\u00e9s et les autres. Cette valeur est un bon indice des salaires d\u2019entr\u00e9e sur le march\u00e9 du travail. <br><a rel=\"noreferrer noopener\" href=\"https:\/\/manage.wix.com\/dashboard\/7d20088d-0a00-4938-bada-30699ae66f53\/blog\/620ff986e75963983c9d2ae8\/edit#_ftnref2\" target=\"_blank\">[2]<\/a> Le salaire m\u00e9dian est le salaire qui divise en deux parties \u00e9gales l\u2019ensemble des salaires de la population en emploi. <br><a rel=\"noreferrer noopener\" href=\"https:\/\/manage.wix.com\/dashboard\/7d20088d-0a00-4938-bada-30699ae66f53\/blog\/620ff986e75963983c9d2ae8\/edit#_ftnref3\" target=\"_blank\">[3]<\/a> Le salaire maximum correspond au dernier d\u00e9cile, soit le salaire qui marque la s\u00e9paration entre les salaires des 10 % des salari\u00e9s les mieux pay\u00e9s et les autres. Cette valeur est un bon indice des salaires les plus \u00e9lev\u00e9s offerts dans une profession. <br><a rel=\"noreferrer noopener\" href=\"https:\/\/manage.wix.com\/dashboard\/7d20088d-0a00-4938-bada-30699ae66f53\/blog\/620ff986e75963983c9d2ae8\/edit#_ftnref4\" target=\"_blank\">[4]<\/a> Les probabilit\u00e9s de trouver un emploi sont dites bonnes lorsqu\u2019il est estim\u00e9 que, pour la p\u00e9riode analys\u00e9e, le nombre de travailleurs disponibles est suffisant pour r\u00e9pondre aux besoins des employeurs (contexte d\u2019\u00e9quilibre entre l\u2019offre et la demande de main-d\u2019\u0153uvre). Ainsi, pour une personne disposant des comp\u00e9tences requises ou qui les acquerra, les possibilit\u00e9s d\u2019obtenir un emploi dans la profession sont \u00e9lev\u00e9es. Cependant, cela ne doit pas \u00eatre interpr\u00e9t\u00e9 comme une garantie d\u2019emploi. Pour les employeurs, de bonnes perspectives d\u2019emploi signifient que le recrutement et la r\u00e9tention de travailleurs se font en g\u00e9n\u00e9ral sans obstacles importants, \u00e9tant donn\u00e9 le nombre de travailleurs disponibles.<\/p>\n\n\n\n<p>Mots-cl\u00e9s :<\/p>\n\n\n\n<ul class=\"wp-block-list\">\n<li><a href=\"https:\/\/www.perfecteaucomm.com\/accueil\/tags\/relations-de-presse\">Relations de presse<\/a><\/li>\n\n\n\n<li><a href=\"https:\/\/www.perfecteaucomm.com\/accueil\/tags\/relations-publiques\">Relations publiques<\/a><\/li>\n<\/ul>\n","protected":false},"excerpt":{"rendered":"<p>Faire sa carri\u00e8re en relations de presse Par Zo\u00e9 Lecavalier Tel qu\u2019expliqu\u00e9 dans l\u2019article Les relations de presse, c\u2019est comme les relations publiques : de la publicit\u00e9!, les relations de presse sont un sous-domaine des relations publiques. Ayant pour but d\u2019augmenter la visibilit\u00e9 d\u2019une organisation, d\u2019un produit ou d\u2019un service, les professionnels des relations de presse concentrent leurs activit\u00e9s dans la sph\u00e8re m\u00e9diatique. T\u00e2ches en relations de presse Pour attirer leur attention et obtenir une mention, une chronique ou une entrevue, les relationnistes de presse travaillent de pair avec les journalistes, les recherchistes, les chefs de nouvelles, les animateurs, les<\/p>\n","protected":false},"author":1,"featured_media":106,"comment_status":"closed","ping_status":"closed","sticky":false,"template":"","format":"standard","meta":{"footnotes":""},"categories":[3],"tags":[6,4,5],"class_list":["post-76","post","type-post","status-publish","format-standard","has-post-thumbnail","hentry","category-blogue","tag-perfecteau-comm","tag-relations-de-presse","tag-relations-publiques"],"yoast_head":"<!-- This site is optimized with the Yoast SEO plugin v25.5 - https:\/\/yoast.com\/wordpress\/plugins\/seo\/ -->\n<title>Faire sa carri\u00e8re en relations de presse - Perfecteau Comm<\/title>\n<meta name=\"robots\" content=\"index, follow, max-snippet:-1, max-image-preview:large, max-video-preview:-1\" \/>\n<link rel=\"canonical\" href=\"https:\/\/www.perfecteaucomm.com\/en\/blogue\/faire-sa-carriere-en-relations-de-presse\/\" \/>\n<meta property=\"og:locale\" content=\"en_US\" \/>\n<meta property=\"og:locale:alternate\" content=\"fr_CA\" \/>\n<meta property=\"og:type\" content=\"article\" \/>\n<meta property=\"og:title\" content=\"Faire sa carri\u00e8re en relations de presse - Perfecteau Comm\" \/>\n<meta property=\"og:description\" content=\"Faire sa carri\u00e8re en relations de presse Par Zo\u00e9 Lecavalier Tel qu\u2019expliqu\u00e9 dans l\u2019article Les relations de presse, c\u2019est comme les relations publiques : de la publicit\u00e9!, les relations de presse sont un sous-domaine des relations publiques. Ayant pour but d\u2019augmenter la visibilit\u00e9 d\u2019une organisation, d\u2019un produit ou d\u2019un service, les professionnels des relations de presse concentrent leurs activit\u00e9s dans la sph\u00e8re m\u00e9diatique. T\u00e2ches en relations de presse Pour attirer leur attention et obtenir une mention, une chronique ou une entrevue, les relationnistes de presse travaillent de pair avec les journalistes, les recherchistes, les chefs de nouvelles, les animateurs, les\" \/>\n<meta property=\"og:url\" content=\"https:\/\/www.perfecteaucomm.com\/en\/blogue\/faire-sa-carriere-en-relations-de-presse\/\" \/>\n<meta property=\"og:site_name\" content=\"Perfecteau Comm\" \/>\n<meta property=\"article:published_time\" content=\"2022-02-18T20:06:56+00:00\" \/>\n<meta property=\"article:modified_time\" content=\"2023-01-26T15:09:20+00:00\" \/>\n<meta property=\"og:image\" content=\"https:\/\/www.perfecteaucomm.com\/wp-content\/uploads\/2023\/01\/business-woman-celebrating-celebration-city-umbrella-public-relations-1431483-pxhere.com_-scaled.jpg\" \/>\n\t<meta property=\"og:image:width\" content=\"2560\" \/>\n\t<meta property=\"og:image:height\" content=\"1643\" \/>\n\t<meta property=\"og:image:type\" content=\"image\/jpeg\" \/>\n<meta name=\"author\" content=\"perfecteau\" \/>\n<meta name=\"twitter:card\" content=\"summary_large_image\" \/>\n<meta name=\"twitter:label1\" content=\"Written by\" \/>\n\t<meta name=\"twitter:data1\" content=\"perfecteau\" \/>\n\t<meta name=\"twitter:label2\" content=\"Est. reading time\" \/>\n\t<meta name=\"twitter:data2\" content=\"11 minutes\" \/>\n<script type=\"application\/ld+json\" class=\"yoast-schema-graph\">{\"@context\":\"https:\/\/schema.org\",\"@graph\":[{\"@type\":\"Article\",\"@id\":\"https:\/\/www.perfecteaucomm.com\/blogue\/faire-sa-carriere-en-relations-de-presse\/#article\",\"isPartOf\":{\"@id\":\"https:\/\/www.perfecteaucomm.com\/blogue\/faire-sa-carriere-en-relations-de-presse\/\"},\"author\":{\"name\":\"perfecteau\",\"@id\":\"https:\/\/www.perfecteaucomm.com\/#\/schema\/person\/6e8531918d9cb8157ee1a5075d81d5c7\"},\"headline\":\"Faire sa carri\u00e8re en relations de presse\",\"datePublished\":\"2022-02-18T20:06:56+00:00\",\"dateModified\":\"2023-01-26T15:09:20+00:00\",\"mainEntityOfPage\":{\"@id\":\"https:\/\/www.perfecteaucomm.com\/blogue\/faire-sa-carriere-en-relations-de-presse\/\"},\"wordCount\":2208,\"publisher\":{\"@id\":\"https:\/\/www.perfecteaucomm.com\/#organization\"},\"image\":{\"@id\":\"https:\/\/www.perfecteaucomm.com\/blogue\/faire-sa-carriere-en-relations-de-presse\/#primaryimage\"},\"thumbnailUrl\":\"https:\/\/www.perfecteaucomm.com\/wp-content\/uploads\/2023\/01\/business-woman-celebrating-celebration-city-umbrella-public-relations-1431483-pxhere.com_-scaled.jpg\",\"keywords\":[\"Perfecteau Comm\",\"Relations de presse\",\"Relations publiques\"],\"articleSection\":[\"blogue\"],\"inLanguage\":\"en-CA\"},{\"@type\":\"WebPage\",\"@id\":\"https:\/\/www.perfecteaucomm.com\/blogue\/faire-sa-carriere-en-relations-de-presse\/\",\"url\":\"https:\/\/www.perfecteaucomm.com\/blogue\/faire-sa-carriere-en-relations-de-presse\/\",\"name\":\"Faire sa carri\u00e8re en relations de presse - Perfecteau Comm\",\"isPartOf\":{\"@id\":\"https:\/\/www.perfecteaucomm.com\/#website\"},\"primaryImageOfPage\":{\"@id\":\"https:\/\/www.perfecteaucomm.com\/blogue\/faire-sa-carriere-en-relations-de-presse\/#primaryimage\"},\"image\":{\"@id\":\"https:\/\/www.perfecteaucomm.com\/blogue\/faire-sa-carriere-en-relations-de-presse\/#primaryimage\"},\"thumbnailUrl\":\"https:\/\/www.perfecteaucomm.com\/wp-content\/uploads\/2023\/01\/business-woman-celebrating-celebration-city-umbrella-public-relations-1431483-pxhere.com_-scaled.jpg\",\"datePublished\":\"2022-02-18T20:06:56+00:00\",\"dateModified\":\"2023-01-26T15:09:20+00:00\",\"breadcrumb\":{\"@id\":\"https:\/\/www.perfecteaucomm.com\/blogue\/faire-sa-carriere-en-relations-de-presse\/#breadcrumb\"},\"inLanguage\":\"en-CA\",\"potentialAction\":[{\"@type\":\"ReadAction\",\"target\":[\"https:\/\/www.perfecteaucomm.com\/blogue\/faire-sa-carriere-en-relations-de-presse\/\"]}]},{\"@type\":\"ImageObject\",\"inLanguage\":\"en-CA\",\"@id\":\"https:\/\/www.perfecteaucomm.com\/blogue\/faire-sa-carriere-en-relations-de-presse\/#primaryimage\",\"url\":\"https:\/\/www.perfecteaucomm.com\/wp-content\/uploads\/2023\/01\/business-woman-celebrating-celebration-city-umbrella-public-relations-1431483-pxhere.com_-scaled.jpg\",\"contentUrl\":\"https:\/\/www.perfecteaucomm.com\/wp-content\/uploads\/2023\/01\/business-woman-celebrating-celebration-city-umbrella-public-relations-1431483-pxhere.com_-scaled.jpg\",\"width\":2560,\"height\":1643,\"caption\":\"Successful business people with speech bubbles\"},{\"@type\":\"BreadcrumbList\",\"@id\":\"https:\/\/www.perfecteaucomm.com\/blogue\/faire-sa-carriere-en-relations-de-presse\/#breadcrumb\",\"itemListElement\":[{\"@type\":\"ListItem\",\"position\":1,\"name\":\"Accueil\",\"item\":\"https:\/\/www.perfecteaucomm.com\/\"},{\"@type\":\"ListItem\",\"position\":2,\"name\":\"Faire sa carri\u00e8re en relations de presse\"}]},{\"@type\":\"WebSite\",\"@id\":\"https:\/\/www.perfecteaucomm.com\/#website\",\"url\":\"https:\/\/www.perfecteaucomm.com\/\",\"name\":\"Perfecteau Comm\",\"description\":\"Agence de relations de presse\",\"publisher\":{\"@id\":\"https:\/\/www.perfecteaucomm.com\/#organization\"},\"potentialAction\":[{\"@type\":\"SearchAction\",\"target\":{\"@type\":\"EntryPoint\",\"urlTemplate\":\"https:\/\/www.perfecteaucomm.com\/?s={search_term_string}\"},\"query-input\":{\"@type\":\"PropertyValueSpecification\",\"valueRequired\":true,\"valueName\":\"search_term_string\"}}],\"inLanguage\":\"en-CA\"},{\"@type\":\"Organization\",\"@id\":\"https:\/\/www.perfecteaucomm.com\/#organization\",\"name\":\"Perfecteau Comm\",\"url\":\"https:\/\/www.perfecteaucomm.com\/\",\"logo\":{\"@type\":\"ImageObject\",\"inLanguage\":\"en-CA\",\"@id\":\"https:\/\/www.perfecteaucomm.com\/#\/schema\/logo\/image\/\",\"url\":\"https:\/\/www.perfecteaucomm.com\/wp-content\/uploads\/2023\/01\/logo_perfecteau_fichier_final-2.png\",\"contentUrl\":\"https:\/\/www.perfecteaucomm.com\/wp-content\/uploads\/2023\/01\/logo_perfecteau_fichier_final-2.png\",\"width\":1600,\"height\":704,\"caption\":\"Perfecteau Comm\"},\"image\":{\"@id\":\"https:\/\/www.perfecteaucomm.com\/#\/schema\/logo\/image\/\"}},{\"@type\":\"Person\",\"@id\":\"https:\/\/www.perfecteaucomm.com\/#\/schema\/person\/6e8531918d9cb8157ee1a5075d81d5c7\",\"name\":\"perfecteau\",\"sameAs\":[\"https:\/\/perfecteaucomm.la-complice.com\"],\"url\":\"https:\/\/www.perfecteaucomm.com\/en\/author\/perfecteau\/\"}]}<\/script>\n<!-- \/ Yoast SEO plugin. -->","yoast_head_json":{"title":"Faire sa carri\u00e8re en relations de presse - Perfecteau Comm","robots":{"index":"index","follow":"follow","max-snippet":"max-snippet:-1","max-image-preview":"max-image-preview:large","max-video-preview":"max-video-preview:-1"},"canonical":"https:\/\/www.perfecteaucomm.com\/en\/blogue\/faire-sa-carriere-en-relations-de-presse\/","og_locale":"en_US","og_type":"article","og_title":"Faire sa carri\u00e8re en relations de presse - Perfecteau Comm","og_description":"Faire sa carri\u00e8re en relations de presse Par Zo\u00e9 Lecavalier Tel qu\u2019expliqu\u00e9 dans l\u2019article Les relations de presse, c\u2019est comme les relations publiques : de la publicit\u00e9!, les relations de presse sont un sous-domaine des relations publiques. Ayant pour but d\u2019augmenter la visibilit\u00e9 d\u2019une organisation, d\u2019un produit ou d\u2019un service, les professionnels des relations de presse concentrent leurs activit\u00e9s dans la sph\u00e8re m\u00e9diatique. T\u00e2ches en relations de presse Pour attirer leur attention et obtenir une mention, une chronique ou une entrevue, les relationnistes de presse travaillent de pair avec les journalistes, les recherchistes, les chefs de nouvelles, les animateurs, les","og_url":"https:\/\/www.perfecteaucomm.com\/en\/blogue\/faire-sa-carriere-en-relations-de-presse\/","og_site_name":"Perfecteau Comm","article_published_time":"2022-02-18T20:06:56+00:00","article_modified_time":"2023-01-26T15:09:20+00:00","og_image":[{"width":2560,"height":1643,"url":"https:\/\/www.perfecteaucomm.com\/wp-content\/uploads\/2023\/01\/business-woman-celebrating-celebration-city-umbrella-public-relations-1431483-pxhere.com_-scaled.jpg","type":"image\/jpeg"}],"author":"perfecteau","twitter_card":"summary_large_image","twitter_misc":{"Written by":"perfecteau","Est. reading time":"11 minutes"},"schema":{"@context":"https:\/\/schema.org","@graph":[{"@type":"Article","@id":"https:\/\/www.perfecteaucomm.com\/blogue\/faire-sa-carriere-en-relations-de-presse\/#article","isPartOf":{"@id":"https:\/\/www.perfecteaucomm.com\/blogue\/faire-sa-carriere-en-relations-de-presse\/"},"author":{"name":"perfecteau","@id":"https:\/\/www.perfecteaucomm.com\/#\/schema\/person\/6e8531918d9cb8157ee1a5075d81d5c7"},"headline":"Faire sa carri\u00e8re en relations de presse","datePublished":"2022-02-18T20:06:56+00:00","dateModified":"2023-01-26T15:09:20+00:00","mainEntityOfPage":{"@id":"https:\/\/www.perfecteaucomm.com\/blogue\/faire-sa-carriere-en-relations-de-presse\/"},"wordCount":2208,"publisher":{"@id":"https:\/\/www.perfecteaucomm.com\/#organization"},"image":{"@id":"https:\/\/www.perfecteaucomm.com\/blogue\/faire-sa-carriere-en-relations-de-presse\/#primaryimage"},"thumbnailUrl":"https:\/\/www.perfecteaucomm.com\/wp-content\/uploads\/2023\/01\/business-woman-celebrating-celebration-city-umbrella-public-relations-1431483-pxhere.com_-scaled.jpg","keywords":["Perfecteau Comm","Relations de presse","Relations publiques"],"articleSection":["blogue"],"inLanguage":"en-CA"},{"@type":"WebPage","@id":"https:\/\/www.perfecteaucomm.com\/blogue\/faire-sa-carriere-en-relations-de-presse\/","url":"https:\/\/www.perfecteaucomm.com\/blogue\/faire-sa-carriere-en-relations-de-presse\/","name":"Faire sa carri\u00e8re en relations de presse - Perfecteau Comm","isPartOf":{"@id":"https:\/\/www.perfecteaucomm.com\/#website"},"primaryImageOfPage":{"@id":"https:\/\/www.perfecteaucomm.com\/blogue\/faire-sa-carriere-en-relations-de-presse\/#primaryimage"},"image":{"@id":"https:\/\/www.perfecteaucomm.com\/blogue\/faire-sa-carriere-en-relations-de-presse\/#primaryimage"},"thumbnailUrl":"https:\/\/www.perfecteaucomm.com\/wp-content\/uploads\/2023\/01\/business-woman-celebrating-celebration-city-umbrella-public-relations-1431483-pxhere.com_-scaled.jpg","datePublished":"2022-02-18T20:06:56+00:00","dateModified":"2023-01-26T15:09:20+00:00","breadcrumb":{"@id":"https:\/\/www.perfecteaucomm.com\/blogue\/faire-sa-carriere-en-relations-de-presse\/#breadcrumb"},"inLanguage":"en-CA","potentialAction":[{"@type":"ReadAction","target":["https:\/\/www.perfecteaucomm.com\/blogue\/faire-sa-carriere-en-relations-de-presse\/"]}]},{"@type":"ImageObject","inLanguage":"en-CA","@id":"https:\/\/www.perfecteaucomm.com\/blogue\/faire-sa-carriere-en-relations-de-presse\/#primaryimage","url":"https:\/\/www.perfecteaucomm.com\/wp-content\/uploads\/2023\/01\/business-woman-celebrating-celebration-city-umbrella-public-relations-1431483-pxhere.com_-scaled.jpg","contentUrl":"https:\/\/www.perfecteaucomm.com\/wp-content\/uploads\/2023\/01\/business-woman-celebrating-celebration-city-umbrella-public-relations-1431483-pxhere.com_-scaled.jpg","width":2560,"height":1643,"caption":"Successful business people with speech bubbles"},{"@type":"BreadcrumbList","@id":"https:\/\/www.perfecteaucomm.com\/blogue\/faire-sa-carriere-en-relations-de-presse\/#breadcrumb","itemListElement":[{"@type":"ListItem","position":1,"name":"Accueil","item":"https:\/\/www.perfecteaucomm.com\/"},{"@type":"ListItem","position":2,"name":"Faire sa carri\u00e8re en relations de presse"}]},{"@type":"WebSite","@id":"https:\/\/www.perfecteaucomm.com\/#website","url":"https:\/\/www.perfecteaucomm.com\/","name":"Perfecteau Comm","description":"Agence de relations de presse","publisher":{"@id":"https:\/\/www.perfecteaucomm.com\/#organization"},"potentialAction":[{"@type":"SearchAction","target":{"@type":"EntryPoint","urlTemplate":"https:\/\/www.perfecteaucomm.com\/?s={search_term_string}"},"query-input":{"@type":"PropertyValueSpecification","valueRequired":true,"valueName":"search_term_string"}}],"inLanguage":"en-CA"},{"@type":"Organization","@id":"https:\/\/www.perfecteaucomm.com\/#organization","name":"Perfecteau Comm","url":"https:\/\/www.perfecteaucomm.com\/","logo":{"@type":"ImageObject","inLanguage":"en-CA","@id":"https:\/\/www.perfecteaucomm.com\/#\/schema\/logo\/image\/","url":"https:\/\/www.perfecteaucomm.com\/wp-content\/uploads\/2023\/01\/logo_perfecteau_fichier_final-2.png","contentUrl":"https:\/\/www.perfecteaucomm.com\/wp-content\/uploads\/2023\/01\/logo_perfecteau_fichier_final-2.png","width":1600,"height":704,"caption":"Perfecteau Comm"},"image":{"@id":"https:\/\/www.perfecteaucomm.com\/#\/schema\/logo\/image\/"}},{"@type":"Person","@id":"https:\/\/www.perfecteaucomm.com\/#\/schema\/person\/6e8531918d9cb8157ee1a5075d81d5c7","name":"perfecteau","sameAs":["https:\/\/perfecteaucomm.la-complice.com"],"url":"https:\/\/www.perfecteaucomm.com\/en\/author\/perfecteau\/"}]}},"_links":{"self":[{"href":"https:\/\/www.perfecteaucomm.com\/en\/wp-json\/wp\/v2\/posts\/76","targetHints":{"allow":["GET"]}}],"collection":[{"href":"https:\/\/www.perfecteaucomm.com\/en\/wp-json\/wp\/v2\/posts"}],"about":[{"href":"https:\/\/www.perfecteaucomm.com\/en\/wp-json\/wp\/v2\/types\/post"}],"author":[{"embeddable":true,"href":"https:\/\/www.perfecteaucomm.com\/en\/wp-json\/wp\/v2\/users\/1"}],"replies":[{"embeddable":true,"href":"https:\/\/www.perfecteaucomm.com\/en\/wp-json\/wp\/v2\/comments?post=76"}],"version-history":[{"count":14,"href":"https:\/\/www.perfecteaucomm.com\/en\/wp-json\/wp\/v2\/posts\/76\/revisions"}],"predecessor-version":[{"id":471,"href":"https:\/\/www.perfecteaucomm.com\/en\/wp-json\/wp\/v2\/posts\/76\/revisions\/471"}],"wp:featuredmedia":[{"embeddable":true,"href":"https:\/\/www.perfecteaucomm.com\/en\/wp-json\/wp\/v2\/media\/106"}],"wp:attachment":[{"href":"https:\/\/www.perfecteaucomm.com\/en\/wp-json\/wp\/v2\/media?parent=76"}],"wp:term":[{"taxonomy":"category","embeddable":true,"href":"https:\/\/www.perfecteaucomm.com\/en\/wp-json\/wp\/v2\/categories?post=76"},{"taxonomy":"post_tag","embeddable":true,"href":"https:\/\/www.perfecteaucomm.com\/en\/wp-json\/wp\/v2\/tags?post=76"}],"curies":[{"name":"wp","href":"https:\/\/api.w.org\/{rel}","templated":true}]}}