{"id":340,"date":"2023-01-23T13:59:17","date_gmt":"2023-01-23T18:59:17","guid":{"rendered":"https:\/\/perfecteaucomm.la-complice.com\/?p=340"},"modified":"2023-02-03T16:58:56","modified_gmt":"2023-02-03T21:58:56","slug":"le-balado-culture-trad-quebec-des-recits-captivants-alliant-une-pluralite-daccents","status":"publish","type":"post","link":"https:\/\/www.perfecteaucomm.com\/en\/actualites\/le-balado-culture-trad-quebec-des-recits-captivants-alliant-une-pluralite-daccents\/","title":{"rendered":"Le balado Culture trad Qu\u00e9bec, des r\u00e9cits captivants alliant une pluralit\u00e9 d&#8217;accents"},"content":{"rendered":"\n<p>COMMUNIQU\u00c9 DE PRESSE<br>Pour diffusion imm\u00e9diate<\/p>\n\n\n\n<figure class=\"wp-block-image aligncenter size-full is-resized\"><img loading=\"lazy\" decoding=\"async\" src=\"https:\/\/perfecteaucomm.la-complice.com\/wp-content\/uploads\/2023\/01\/balado_culture-trad-qc-web_1128x424.jpg\" alt=\"\" class=\"wp-image-341\" width=\"500\" height=\"188\" srcset=\"https:\/\/www.perfecteaucomm.com\/wp-content\/uploads\/2023\/01\/balado_culture-trad-qc-web_1128x424.jpg 1000w, https:\/\/www.perfecteaucomm.com\/wp-content\/uploads\/2023\/01\/balado_culture-trad-qc-web_1128x424-300x113.jpg 300w, https:\/\/www.perfecteaucomm.com\/wp-content\/uploads\/2023\/01\/balado_culture-trad-qc-web_1128x424-768x289.jpg 768w\" sizes=\"auto, (max-width: 500px) 100vw, 500px\" \/><\/figure>\n\n\n\n<p class=\"has-text-align-center\"><strong>Des r\u00e9cits captivants alliant une pluralit\u00e9 d\u2019accents!<\/strong><\/p>\n\n\n\n<p class=\"has-link-color wp-elements-82ee6d3f2751c64dc384a6b34b098d6d\">Qu\u00e9bec,23janvier2023 Le Conseil qu\u00e9b\u00e9cois du patrimoine vivant (CQPV) d\u00e9voile le balado Culture Trad Qu\u00e9bec. Le documentaire sonore en 5 \u00e9pisodes met en valeur les savoir-faire traditionnels que sont le c\u00e2ll, la danse, l\u2019artisanat autochtone, le fl\u00e9ch\u00e9, le filage, la menuiserie d\u2019art et la vannerie. <a href=\"https:\/\/www.patrimoinevivant.qc.ca\/programmes\/projets\/balado-culture-trad-qc\" target=\"_blank\" rel=\"noreferrer noopener\">\u00c9coutez la bande-annonce<\/a>.<\/p>\n\n\n\n<p>Le balado se d\u00e9marque par la diversit\u00e9 de voix, de points de vue. En racontant leur d\u00e9marche singuli\u00e8re, leur qu\u00eate, les porteur\u00b7euse\u00b7s de traditions proposent des alternatives durables \u00e0 l&#8217;uniformisation des cultures. Des sp\u00e9cialistes de disciplines connexes (psychologie cognitive, histoire ou art th\u00e9rapie) contribuent aux \u00e9pisodes, amenant les pratiques traditionnelles hors de leur cadre habituel.<\/p>\n\n\n\n<p>Des performances musicales et des chansons traditionnelles ont \u00e9t\u00e9 enregistr\u00e9es exclusivement pour ce projet. Chaque \u00e9pisode compte un \u00b7e narrateur\u00b7trice diff\u00e9rent\u00b7e, en lien avec le th\u00e8me. Des extraits d\u2019archives viennent compl\u00e9ter les discussions capt\u00e9es sur le terrain. Une progression rythm\u00e9e laisse \u00e0 l\u2019auditeur\u00b7trice des moments pour s\u2019\u00e9mouvoir, r\u00e9fl\u00e9chir et se poser.<\/p>\n\n\n\n<p>Avec ce balado, le CQPV fait rayonner des Ma\u00eetres de traditions vivantes, c\u2019est-\u00e0-dire des artistes et artisan\u00b7e\u00b7s au talent exceptionnel reconnu par leurs pairs, qui participent au programme national qu\u00e9b\u00e9cois, lequel s\u2019inspire du concept des \u00ab Tr\u00e9sors humains vivants \u00bb de l\u2019UNESCO. Le balado Culture Trad Qu\u00e9bec a \u00e9t\u00e9 rendu possible gr\u00e2ce au soutien du gouvernement du Qu\u00e9bec.<\/p>\n\n\n\n<p><strong>D\u00e9voilement d\u2019un \u00e9pisode du balado chaque mercredi \u00e0 partir du 25 janvier.<\/strong> Abonnez-vous gratuitement au balado et surveillez la page Facebook ou le compte Instagram du CQPV pour ne rien manquer! #CultureTradQC #maitresdetraditions #CultureQc<\/p>\n\n\n\n<p class=\"has-text-align-center\">&#8211; 30 &#8211;<\/p>\n\n\n\n<p class=\"has-text-align-right\">Demandes d\u2019entrevues : V\u00e9ronique Fecteau, Perfecteau comm<br>514 893-0772<br>veronique@perfecteaucomm.com<\/p>\n\n\n\n<p><strong>O\u00f9 \u00e9couter le balado ?<\/strong><\/p>\n\n\n\n<div class=\"wp-block-columns is-layout-flex wp-container-core-columns-is-layout-28f84493 wp-block-columns-is-layout-flex\">\n<div class=\"wp-block-column is-layout-flow wp-block-column-is-layout-flow\" style=\"flex-basis:66.66%\">\n<p>\u2794 Sur de nombreuses plateformes d\u2019\u00e9coute (Apple Podcasts, Spotify, Deezer, etc.)<br>\u2794 Sur le site du Conseil qu\u00e9b\u00e9cois du patrimoine vivant<br>\u2794 Sur le site de La Fabrique culturelle de T\u00e9l\u00e9-Qu\u00e9bec<\/p>\n<\/div>\n\n\n\n<div class=\"wp-block-column is-layout-flow wp-block-column-is-layout-flow\" style=\"flex-basis:33.33%\">\n<figure class=\"wp-block-image aligncenter size-full\"><img loading=\"lazy\" decoding=\"async\" width=\"406\" height=\"180\" src=\"https:\/\/perfecteaucomm.la-complice.com\/wp-content\/uploads\/2023\/01\/Fabrique-cult._Tele-Quebec.jpg\" alt=\"\" class=\"wp-image-343\" srcset=\"https:\/\/www.perfecteaucomm.com\/wp-content\/uploads\/2023\/01\/Fabrique-cult._Tele-Quebec.jpg 406w, https:\/\/www.perfecteaucomm.com\/wp-content\/uploads\/2023\/01\/Fabrique-cult._Tele-Quebec-300x133.jpg 300w\" sizes=\"auto, (max-width: 406px) 100vw, 406px\" \/><\/figure>\n<\/div>\n<\/div>\n\n\n\n<p><strong>\u00c0 propos du Conseil qu\u00e9b\u00e9cois du patrimoine vivant<\/strong><\/p>\n\n\n\n<div class=\"wp-block-columns is-layout-flex wp-container-core-columns-is-layout-28f84493 wp-block-columns-is-layout-flex\">\n<div class=\"wp-block-column is-layout-flow wp-block-column-is-layout-flow\" style=\"flex-basis:66.66%\">\n<p>Le Conseil qu\u00e9b\u00e9cois du patrimoine vivant (CQPV) constitue depuis 1993 l\u2019organisme de regroupement national en patrimoine immat\u00e9riel, soutenu par le minist\u00e8re de la Culture et des Communications. Il f\u00e9d\u00e8re de fa\u00e7on d\u00e9mocratique plus d\u2019une centaine de membres associatifs des quatre coins du Qu\u00e9bec. Il r\u00e9alise des actions de concertation, repr\u00e9sentation, recherche, regroupement, publication, transmission et promotion, tant \u00e0 l\u2019\u00e9chelle locale, nationale qu\u2019internationale. Le CQPV est reconnu par l\u2019UNESCO comme ONG-conseil dans le cadre de la Convention pour la sauvegarde du patrimoine culturel immat\u00e9riel.<\/p>\n<\/div>\n\n\n\n<div class=\"wp-block-column is-layout-flow wp-block-column-is-layout-flow\" style=\"flex-basis:33.33%\">\n<figure class=\"wp-block-image size-full\"><img loading=\"lazy\" decoding=\"async\" width=\"600\" height=\"241\" src=\"https:\/\/perfecteaucomm.la-complice.com\/wp-content\/uploads\/2023\/01\/Conseil-queb.du-patrimoine-vivant.jpg\" alt=\"\" class=\"wp-image-345\" srcset=\"https:\/\/www.perfecteaucomm.com\/wp-content\/uploads\/2023\/01\/Conseil-queb.du-patrimoine-vivant.jpg 600w, https:\/\/www.perfecteaucomm.com\/wp-content\/uploads\/2023\/01\/Conseil-queb.du-patrimoine-vivant-300x121.jpg 300w\" sizes=\"auto, (max-width: 600px) 100vw, 600px\" \/><\/figure>\n<\/div>\n<\/div>\n\n\n\n<p>En collaboration avec :<\/p>\n\n\n\n<figure class=\"wp-block-image size-medium is-resized\"><img loading=\"lazy\" decoding=\"async\" src=\"https:\/\/perfecteaucomm.la-complice.com\/wp-content\/uploads\/2023\/01\/Logo_du_le_gouvernement_du_Quebec.svg_-300x65.png\" alt=\"\" class=\"wp-image-347\" width=\"225\" height=\"49\" srcset=\"https:\/\/www.perfecteaucomm.com\/wp-content\/uploads\/2023\/01\/Logo_du_le_gouvernement_du_Quebec.svg_-300x65.png 300w, https:\/\/www.perfecteaucomm.com\/wp-content\/uploads\/2023\/01\/Logo_du_le_gouvernement_du_Quebec.svg_-1024x222.png 1024w, https:\/\/www.perfecteaucomm.com\/wp-content\/uploads\/2023\/01\/Logo_du_le_gouvernement_du_Quebec.svg_-768x166.png 768w, https:\/\/www.perfecteaucomm.com\/wp-content\/uploads\/2023\/01\/Logo_du_le_gouvernement_du_Quebec.svg_-1536x332.png 1536w, https:\/\/www.perfecteaucomm.com\/wp-content\/uploads\/2023\/01\/Logo_du_le_gouvernement_du_Quebec.svg_-2048x443.png 2048w\" sizes=\"auto, (max-width: 225px) 100vw, 225px\" \/><\/figure>\n\n\n\n<p><strong>Intervenant\u00b7e\u00b7s du projet<\/strong><\/p>\n\n\n\n<p><strong>\u00c9pisode 1 | C\u00e2ller une veill\u00e9e de danse traditionnelle<\/strong><br>Invit\u00e9\u00b7e\u00b7s : Normand Legault, c\u00e2lleur (Chaudi\u00e8re-Appalaches) et Ya\u00eblle Azoulay, c\u00e2lleuse (Laval)<br>Sp\u00e9cialiste : Fran\u00e7ois Vachon, Professeur titulaire \u00e0 l&#8217;\u00c9cole de psychologie de l\u2019Universit\u00e9 Laval<br>Narration : Philippe Jett\u00e9, m\u00e9diateur du patrimoine vivant (Lanaudi\u00e8re)<br>Chanson : Jean-Paul Guimond (Estrie)<br>Musique : Nicolas Babineau, violon (Montr\u00e9al)<\/p>\n\n\n\n<p><strong>\u00c9pisode 2 | Garder le savoir-faire traditionnel anicinabe vivant<\/strong><br>Invit\u00e9e : Grace Ratt, artisane anicinabe (Kitiganik, Outaouais)<br>Sp\u00e9cialiste : B\u00e9atrice Pudelko, Ph.D. Psychologie cognitive, Professeure T\u00c9LUQ<br>Narration : \u00c9milie Monnet, artiste interdisciplinaire (Montr\u00e9al)<br>Chanson et musique : Harvey Papatie, chansonnier anicinabe (Kitiganik, Outaouais)<\/p>\n\n\n\n<p><strong>\u00c9pisode 3 | Honorer la laine: filer, fl\u00e9cher&#8230;<\/strong><br>Invit\u00e9\u00b7e\u00b7s : H\u00e9l\u00e8ne Blouin, fl\u00e9cheuse (Mont\u00e9r\u00e9gie) et Marcelo Ribeiro Martins, fileur (\u00cele Dupas, Lanaudi\u00e8re)<br>Sp\u00e9cialiste : Marie-\u00c8ve Laflamme, MA art-th\u00e9rapeute ATPQ (Capitale-Nationale)<br>Narration : Arianne Morissette, membre du Cercle de fermi\u00e8res de Ch\u00e2teau-Richer (Capitale-Nationale)<br>Chanson : Myrianne Cardin-Houde (Montr\u00e9al)<br>Musique : \u00c9lisabeth Moquin, violon (Montr\u00e9al)<\/p>\n\n\n\n<p><strong>\u00c9pisode 4 | \u0152uvrer le bois<br><\/strong>Invit\u00e9s : Antoine Pelletier, menuisier d\u2019art (Saint-Liboire, Mont\u00e9r\u00e9gie) et Didier \u00c9pars, marin et instigateur du projet de restauration de la go\u00e9lette Grosse-\u00cele<br>Sp\u00e9cialiste : Maude Flamand-Hubert, professeure adjointe au D\u00e9partement des sciences du bois et de la for\u00eat de l&#8217;Universit\u00e9 Laval<br>Narration : Christian Michaud, com\u00e9dien et artiste sculpteur (Chaudi\u00e8re-Appalaches)<br>Chanson : Mia Lacroix (Saint-Antoine-sur-Richelieu, Mont\u00e9r\u00e9gie) et Isabelle Payette (Portneuf, Capitale-Nationale), deux membres du groupe Galant, tu perds ton temps<br>Musique : Liette Remon, violon (Capitale-Nationale)<\/p>\n\n\n\n<p><strong>\u00c9pisode 5 | Tresser des paniers<\/strong><br>Invit\u00e9\u00b7e\u00b7s : Stephen Jerome, artisan mi\u2019kmaq (Gesgapegiag, Gasp\u00e9sie) et Nathalie Levasseur (Val-David, Laurentides)<br>Narration : Alexandra Doucet (Capitale-Nationale)<br>Chanson : Sophie Pomerleau (Capitale-Nationale)<br>Musique: Robert Legault, harmonica (Montr\u00e9al)<\/p>\n\n\n\n<p><strong>\u00c9quipe du projet<\/strong><br>Producteur ex\u00e9cutif : Antoine Gauthier, CQPV<br>R\u00e9alisation et montage : Claire Dumoulin, CQPV <br>Prise de son : Guillaume C\u00f4t\u00e9<br>Prise de son additionnelle : Daniel Capeille, Philippe Dubois, Claire Dumoulin, Liang Fu, NathalieLeBlanc et Antonin Wyss<br>Post-production :Trames<\/p>\n\n\n\n<figure class=\"wp-block-image aligncenter size-medium is-resized\"><img loading=\"lazy\" decoding=\"async\" src=\"https:\/\/perfecteaucomm.la-complice.com\/wp-content\/uploads\/2023\/01\/1200x1200bb-300x300.jpg\" alt=\"\" class=\"wp-image-349\" width=\"225\" height=\"225\" srcset=\"https:\/\/www.perfecteaucomm.com\/wp-content\/uploads\/2023\/01\/1200x1200bb-300x300.jpg 300w, https:\/\/www.perfecteaucomm.com\/wp-content\/uploads\/2023\/01\/1200x1200bb-1024x1024.jpg 1024w, https:\/\/www.perfecteaucomm.com\/wp-content\/uploads\/2023\/01\/1200x1200bb-150x150.jpg 150w, https:\/\/www.perfecteaucomm.com\/wp-content\/uploads\/2023\/01\/1200x1200bb-768x768.jpg 768w, https:\/\/www.perfecteaucomm.com\/wp-content\/uploads\/2023\/01\/1200x1200bb.jpg 1200w\" sizes=\"auto, (max-width: 225px) 100vw, 225px\" \/><\/figure>\n","protected":false},"excerpt":{"rendered":"<p>COMMUNIQU\u00c9 DE PRESSEPour diffusion imm\u00e9diate Des r\u00e9cits captivants alliant une pluralit\u00e9 d\u2019accents! Qu\u00e9bec,23janvier2023 Le Conseil qu\u00e9b\u00e9cois du patrimoine vivant (CQPV) d\u00e9voile le balado Culture Trad Qu\u00e9bec. Le documentaire sonore en 5 \u00e9pisodes met en valeur les savoir-faire traditionnels que sont le c\u00e2ll, la danse, l\u2019artisanat autochtone, le fl\u00e9ch\u00e9, le filage, la menuiserie d\u2019art et la vannerie. \u00c9coutez la bande-annonce. Le balado se d\u00e9marque par la diversit\u00e9 de voix, de points de vue. En racontant leur d\u00e9marche singuli\u00e8re, leur qu\u00eate, les porteur\u00b7euse\u00b7s de traditions proposent des alternatives durables \u00e0 l&#8217;uniformisation des cultures. Des sp\u00e9cialistes de disciplines connexes (psychologie cognitive, histoire ou<\/p>\n","protected":false},"author":1,"featured_media":341,"comment_status":"closed","ping_status":"closed","sticky":false,"template":"","format":"standard","meta":{"footnotes":""},"categories":[20],"tags":[],"class_list":["post-340","post","type-post","status-publish","format-standard","has-post-thumbnail","hentry","category-actualites"],"yoast_head":"<!-- This site is optimized with the Yoast SEO plugin v25.5 - https:\/\/yoast.com\/wordpress\/plugins\/seo\/ -->\n<title>Le balado Culture trad Qu\u00e9bec, des r\u00e9cits captivants alliant une pluralit\u00e9 d&#039;accents - Perfecteau Comm<\/title>\n<meta name=\"robots\" content=\"index, follow, max-snippet:-1, max-image-preview:large, max-video-preview:-1\" \/>\n<link rel=\"canonical\" href=\"https:\/\/www.perfecteaucomm.com\/en\/actualites\/le-balado-culture-trad-quebec-des-recits-captivants-alliant-une-pluralite-daccents\/\" \/>\n<meta property=\"og:locale\" content=\"en_US\" \/>\n<meta property=\"og:locale:alternate\" content=\"fr_CA\" \/>\n<meta property=\"og:type\" content=\"article\" \/>\n<meta property=\"og:title\" content=\"Le balado Culture trad Qu\u00e9bec, des r\u00e9cits captivants alliant une pluralit\u00e9 d&#039;accents - Perfecteau Comm\" \/>\n<meta property=\"og:description\" content=\"COMMUNIQU\u00c9 DE PRESSEPour diffusion imm\u00e9diate Des r\u00e9cits captivants alliant une pluralit\u00e9 d\u2019accents! Qu\u00e9bec,23janvier2023 Le Conseil qu\u00e9b\u00e9cois du patrimoine vivant (CQPV) d\u00e9voile le balado Culture Trad Qu\u00e9bec. Le documentaire sonore en 5 \u00e9pisodes met en valeur les savoir-faire traditionnels que sont le c\u00e2ll, la danse, l\u2019artisanat autochtone, le fl\u00e9ch\u00e9, le filage, la menuiserie d\u2019art et la vannerie. \u00c9coutez la bande-annonce. Le balado se d\u00e9marque par la diversit\u00e9 de voix, de points de vue. En racontant leur d\u00e9marche singuli\u00e8re, leur qu\u00eate, les porteur\u00b7euse\u00b7s de traditions proposent des alternatives durables \u00e0 l&#8217;uniformisation des cultures. Des sp\u00e9cialistes de disciplines connexes (psychologie cognitive, histoire ou\" \/>\n<meta property=\"og:url\" content=\"https:\/\/www.perfecteaucomm.com\/en\/actualites\/le-balado-culture-trad-quebec-des-recits-captivants-alliant-une-pluralite-daccents\/\" \/>\n<meta property=\"og:site_name\" content=\"Perfecteau Comm\" \/>\n<meta property=\"article:published_time\" content=\"2023-01-23T18:59:17+00:00\" \/>\n<meta property=\"article:modified_time\" content=\"2023-02-03T21:58:56+00:00\" \/>\n<meta property=\"og:image\" content=\"https:\/\/www.perfecteaucomm.com\/wp-content\/uploads\/2023\/01\/balado_culture-trad-qc-web_1128x424.jpg\" \/>\n\t<meta property=\"og:image:width\" content=\"1000\" \/>\n\t<meta property=\"og:image:height\" content=\"376\" \/>\n\t<meta property=\"og:image:type\" content=\"image\/jpeg\" \/>\n<meta name=\"author\" content=\"perfecteau\" \/>\n<meta name=\"twitter:card\" content=\"summary_large_image\" \/>\n<meta name=\"twitter:label1\" content=\"Written by\" \/>\n\t<meta name=\"twitter:data1\" content=\"perfecteau\" \/>\n\t<meta name=\"twitter:label2\" content=\"Est. reading time\" \/>\n\t<meta name=\"twitter:data2\" content=\"4 minutes\" \/>\n<script type=\"application\/ld+json\" class=\"yoast-schema-graph\">{\"@context\":\"https:\/\/schema.org\",\"@graph\":[{\"@type\":\"Article\",\"@id\":\"https:\/\/www.perfecteaucomm.com\/actualites\/le-balado-culture-trad-quebec-des-recits-captivants-alliant-une-pluralite-daccents\/#article\",\"isPartOf\":{\"@id\":\"https:\/\/www.perfecteaucomm.com\/actualites\/le-balado-culture-trad-quebec-des-recits-captivants-alliant-une-pluralite-daccents\/\"},\"author\":{\"name\":\"perfecteau\",\"@id\":\"https:\/\/www.perfecteaucomm.com\/#\/schema\/person\/6e8531918d9cb8157ee1a5075d81d5c7\"},\"headline\":\"Le balado Culture trad Qu\u00e9bec, des r\u00e9cits captivants alliant une pluralit\u00e9 d&#8217;accents\",\"datePublished\":\"2023-01-23T18:59:17+00:00\",\"dateModified\":\"2023-02-03T21:58:56+00:00\",\"mainEntityOfPage\":{\"@id\":\"https:\/\/www.perfecteaucomm.com\/actualites\/le-balado-culture-trad-quebec-des-recits-captivants-alliant-une-pluralite-daccents\/\"},\"wordCount\":801,\"publisher\":{\"@id\":\"https:\/\/www.perfecteaucomm.com\/#organization\"},\"image\":{\"@id\":\"https:\/\/www.perfecteaucomm.com\/actualites\/le-balado-culture-trad-quebec-des-recits-captivants-alliant-une-pluralite-daccents\/#primaryimage\"},\"thumbnailUrl\":\"https:\/\/www.perfecteaucomm.com\/wp-content\/uploads\/2023\/01\/balado_culture-trad-qc-web_1128x424.jpg\",\"articleSection\":[\"Actualit\u00e9s\"],\"inLanguage\":\"en-CA\"},{\"@type\":\"WebPage\",\"@id\":\"https:\/\/www.perfecteaucomm.com\/actualites\/le-balado-culture-trad-quebec-des-recits-captivants-alliant-une-pluralite-daccents\/\",\"url\":\"https:\/\/www.perfecteaucomm.com\/actualites\/le-balado-culture-trad-quebec-des-recits-captivants-alliant-une-pluralite-daccents\/\",\"name\":\"Le balado Culture trad Qu\u00e9bec, des r\u00e9cits captivants alliant une pluralit\u00e9 d'accents - Perfecteau Comm\",\"isPartOf\":{\"@id\":\"https:\/\/www.perfecteaucomm.com\/#website\"},\"primaryImageOfPage\":{\"@id\":\"https:\/\/www.perfecteaucomm.com\/actualites\/le-balado-culture-trad-quebec-des-recits-captivants-alliant-une-pluralite-daccents\/#primaryimage\"},\"image\":{\"@id\":\"https:\/\/www.perfecteaucomm.com\/actualites\/le-balado-culture-trad-quebec-des-recits-captivants-alliant-une-pluralite-daccents\/#primaryimage\"},\"thumbnailUrl\":\"https:\/\/www.perfecteaucomm.com\/wp-content\/uploads\/2023\/01\/balado_culture-trad-qc-web_1128x424.jpg\",\"datePublished\":\"2023-01-23T18:59:17+00:00\",\"dateModified\":\"2023-02-03T21:58:56+00:00\",\"breadcrumb\":{\"@id\":\"https:\/\/www.perfecteaucomm.com\/actualites\/le-balado-culture-trad-quebec-des-recits-captivants-alliant-une-pluralite-daccents\/#breadcrumb\"},\"inLanguage\":\"en-CA\",\"potentialAction\":[{\"@type\":\"ReadAction\",\"target\":[\"https:\/\/www.perfecteaucomm.com\/actualites\/le-balado-culture-trad-quebec-des-recits-captivants-alliant-une-pluralite-daccents\/\"]}]},{\"@type\":\"ImageObject\",\"inLanguage\":\"en-CA\",\"@id\":\"https:\/\/www.perfecteaucomm.com\/actualites\/le-balado-culture-trad-quebec-des-recits-captivants-alliant-une-pluralite-daccents\/#primaryimage\",\"url\":\"https:\/\/www.perfecteaucomm.com\/wp-content\/uploads\/2023\/01\/balado_culture-trad-qc-web_1128x424.jpg\",\"contentUrl\":\"https:\/\/www.perfecteaucomm.com\/wp-content\/uploads\/2023\/01\/balado_culture-trad-qc-web_1128x424.jpg\",\"width\":1000,\"height\":376},{\"@type\":\"BreadcrumbList\",\"@id\":\"https:\/\/www.perfecteaucomm.com\/actualites\/le-balado-culture-trad-quebec-des-recits-captivants-alliant-une-pluralite-daccents\/#breadcrumb\",\"itemListElement\":[{\"@type\":\"ListItem\",\"position\":1,\"name\":\"Accueil\",\"item\":\"https:\/\/www.perfecteaucomm.com\/\"},{\"@type\":\"ListItem\",\"position\":2,\"name\":\"Le balado Culture trad Qu\u00e9bec, des r\u00e9cits captivants alliant une pluralit\u00e9 d&rsquo;accents\"}]},{\"@type\":\"WebSite\",\"@id\":\"https:\/\/www.perfecteaucomm.com\/#website\",\"url\":\"https:\/\/www.perfecteaucomm.com\/\",\"name\":\"Perfecteau Comm\",\"description\":\"Agence de relations de presse\",\"publisher\":{\"@id\":\"https:\/\/www.perfecteaucomm.com\/#organization\"},\"potentialAction\":[{\"@type\":\"SearchAction\",\"target\":{\"@type\":\"EntryPoint\",\"urlTemplate\":\"https:\/\/www.perfecteaucomm.com\/?s={search_term_string}\"},\"query-input\":{\"@type\":\"PropertyValueSpecification\",\"valueRequired\":true,\"valueName\":\"search_term_string\"}}],\"inLanguage\":\"en-CA\"},{\"@type\":\"Organization\",\"@id\":\"https:\/\/www.perfecteaucomm.com\/#organization\",\"name\":\"Perfecteau Comm\",\"url\":\"https:\/\/www.perfecteaucomm.com\/\",\"logo\":{\"@type\":\"ImageObject\",\"inLanguage\":\"en-CA\",\"@id\":\"https:\/\/www.perfecteaucomm.com\/#\/schema\/logo\/image\/\",\"url\":\"https:\/\/www.perfecteaucomm.com\/wp-content\/uploads\/2023\/01\/logo_perfecteau_fichier_final-2.png\",\"contentUrl\":\"https:\/\/www.perfecteaucomm.com\/wp-content\/uploads\/2023\/01\/logo_perfecteau_fichier_final-2.png\",\"width\":1600,\"height\":704,\"caption\":\"Perfecteau Comm\"},\"image\":{\"@id\":\"https:\/\/www.perfecteaucomm.com\/#\/schema\/logo\/image\/\"}},{\"@type\":\"Person\",\"@id\":\"https:\/\/www.perfecteaucomm.com\/#\/schema\/person\/6e8531918d9cb8157ee1a5075d81d5c7\",\"name\":\"perfecteau\",\"sameAs\":[\"https:\/\/perfecteaucomm.la-complice.com\"],\"url\":\"https:\/\/www.perfecteaucomm.com\/en\/author\/perfecteau\/\"}]}<\/script>\n<!-- \/ Yoast SEO plugin. -->","yoast_head_json":{"title":"Le balado Culture trad Qu\u00e9bec, des r\u00e9cits captivants alliant une pluralit\u00e9 d'accents - Perfecteau Comm","robots":{"index":"index","follow":"follow","max-snippet":"max-snippet:-1","max-image-preview":"max-image-preview:large","max-video-preview":"max-video-preview:-1"},"canonical":"https:\/\/www.perfecteaucomm.com\/en\/actualites\/le-balado-culture-trad-quebec-des-recits-captivants-alliant-une-pluralite-daccents\/","og_locale":"en_US","og_type":"article","og_title":"Le balado Culture trad Qu\u00e9bec, des r\u00e9cits captivants alliant une pluralit\u00e9 d'accents - Perfecteau Comm","og_description":"COMMUNIQU\u00c9 DE PRESSEPour diffusion imm\u00e9diate Des r\u00e9cits captivants alliant une pluralit\u00e9 d\u2019accents! Qu\u00e9bec,23janvier2023 Le Conseil qu\u00e9b\u00e9cois du patrimoine vivant (CQPV) d\u00e9voile le balado Culture Trad Qu\u00e9bec. Le documentaire sonore en 5 \u00e9pisodes met en valeur les savoir-faire traditionnels que sont le c\u00e2ll, la danse, l\u2019artisanat autochtone, le fl\u00e9ch\u00e9, le filage, la menuiserie d\u2019art et la vannerie. \u00c9coutez la bande-annonce. Le balado se d\u00e9marque par la diversit\u00e9 de voix, de points de vue. En racontant leur d\u00e9marche singuli\u00e8re, leur qu\u00eate, les porteur\u00b7euse\u00b7s de traditions proposent des alternatives durables \u00e0 l&#8217;uniformisation des cultures. Des sp\u00e9cialistes de disciplines connexes (psychologie cognitive, histoire ou","og_url":"https:\/\/www.perfecteaucomm.com\/en\/actualites\/le-balado-culture-trad-quebec-des-recits-captivants-alliant-une-pluralite-daccents\/","og_site_name":"Perfecteau Comm","article_published_time":"2023-01-23T18:59:17+00:00","article_modified_time":"2023-02-03T21:58:56+00:00","og_image":[{"width":1000,"height":376,"url":"https:\/\/www.perfecteaucomm.com\/wp-content\/uploads\/2023\/01\/balado_culture-trad-qc-web_1128x424.jpg","type":"image\/jpeg"}],"author":"perfecteau","twitter_card":"summary_large_image","twitter_misc":{"Written by":"perfecteau","Est. reading time":"4 minutes"},"schema":{"@context":"https:\/\/schema.org","@graph":[{"@type":"Article","@id":"https:\/\/www.perfecteaucomm.com\/actualites\/le-balado-culture-trad-quebec-des-recits-captivants-alliant-une-pluralite-daccents\/#article","isPartOf":{"@id":"https:\/\/www.perfecteaucomm.com\/actualites\/le-balado-culture-trad-quebec-des-recits-captivants-alliant-une-pluralite-daccents\/"},"author":{"name":"perfecteau","@id":"https:\/\/www.perfecteaucomm.com\/#\/schema\/person\/6e8531918d9cb8157ee1a5075d81d5c7"},"headline":"Le balado Culture trad Qu\u00e9bec, des r\u00e9cits captivants alliant une pluralit\u00e9 d&#8217;accents","datePublished":"2023-01-23T18:59:17+00:00","dateModified":"2023-02-03T21:58:56+00:00","mainEntityOfPage":{"@id":"https:\/\/www.perfecteaucomm.com\/actualites\/le-balado-culture-trad-quebec-des-recits-captivants-alliant-une-pluralite-daccents\/"},"wordCount":801,"publisher":{"@id":"https:\/\/www.perfecteaucomm.com\/#organization"},"image":{"@id":"https:\/\/www.perfecteaucomm.com\/actualites\/le-balado-culture-trad-quebec-des-recits-captivants-alliant-une-pluralite-daccents\/#primaryimage"},"thumbnailUrl":"https:\/\/www.perfecteaucomm.com\/wp-content\/uploads\/2023\/01\/balado_culture-trad-qc-web_1128x424.jpg","articleSection":["Actualit\u00e9s"],"inLanguage":"en-CA"},{"@type":"WebPage","@id":"https:\/\/www.perfecteaucomm.com\/actualites\/le-balado-culture-trad-quebec-des-recits-captivants-alliant-une-pluralite-daccents\/","url":"https:\/\/www.perfecteaucomm.com\/actualites\/le-balado-culture-trad-quebec-des-recits-captivants-alliant-une-pluralite-daccents\/","name":"Le balado Culture trad Qu\u00e9bec, des r\u00e9cits captivants alliant une pluralit\u00e9 d'accents - Perfecteau Comm","isPartOf":{"@id":"https:\/\/www.perfecteaucomm.com\/#website"},"primaryImageOfPage":{"@id":"https:\/\/www.perfecteaucomm.com\/actualites\/le-balado-culture-trad-quebec-des-recits-captivants-alliant-une-pluralite-daccents\/#primaryimage"},"image":{"@id":"https:\/\/www.perfecteaucomm.com\/actualites\/le-balado-culture-trad-quebec-des-recits-captivants-alliant-une-pluralite-daccents\/#primaryimage"},"thumbnailUrl":"https:\/\/www.perfecteaucomm.com\/wp-content\/uploads\/2023\/01\/balado_culture-trad-qc-web_1128x424.jpg","datePublished":"2023-01-23T18:59:17+00:00","dateModified":"2023-02-03T21:58:56+00:00","breadcrumb":{"@id":"https:\/\/www.perfecteaucomm.com\/actualites\/le-balado-culture-trad-quebec-des-recits-captivants-alliant-une-pluralite-daccents\/#breadcrumb"},"inLanguage":"en-CA","potentialAction":[{"@type":"ReadAction","target":["https:\/\/www.perfecteaucomm.com\/actualites\/le-balado-culture-trad-quebec-des-recits-captivants-alliant-une-pluralite-daccents\/"]}]},{"@type":"ImageObject","inLanguage":"en-CA","@id":"https:\/\/www.perfecteaucomm.com\/actualites\/le-balado-culture-trad-quebec-des-recits-captivants-alliant-une-pluralite-daccents\/#primaryimage","url":"https:\/\/www.perfecteaucomm.com\/wp-content\/uploads\/2023\/01\/balado_culture-trad-qc-web_1128x424.jpg","contentUrl":"https:\/\/www.perfecteaucomm.com\/wp-content\/uploads\/2023\/01\/balado_culture-trad-qc-web_1128x424.jpg","width":1000,"height":376},{"@type":"BreadcrumbList","@id":"https:\/\/www.perfecteaucomm.com\/actualites\/le-balado-culture-trad-quebec-des-recits-captivants-alliant-une-pluralite-daccents\/#breadcrumb","itemListElement":[{"@type":"ListItem","position":1,"name":"Accueil","item":"https:\/\/www.perfecteaucomm.com\/"},{"@type":"ListItem","position":2,"name":"Le balado Culture trad Qu\u00e9bec, des r\u00e9cits captivants alliant une pluralit\u00e9 d&rsquo;accents"}]},{"@type":"WebSite","@id":"https:\/\/www.perfecteaucomm.com\/#website","url":"https:\/\/www.perfecteaucomm.com\/","name":"Perfecteau Comm","description":"Agence de relations de presse","publisher":{"@id":"https:\/\/www.perfecteaucomm.com\/#organization"},"potentialAction":[{"@type":"SearchAction","target":{"@type":"EntryPoint","urlTemplate":"https:\/\/www.perfecteaucomm.com\/?s={search_term_string}"},"query-input":{"@type":"PropertyValueSpecification","valueRequired":true,"valueName":"search_term_string"}}],"inLanguage":"en-CA"},{"@type":"Organization","@id":"https:\/\/www.perfecteaucomm.com\/#organization","name":"Perfecteau Comm","url":"https:\/\/www.perfecteaucomm.com\/","logo":{"@type":"ImageObject","inLanguage":"en-CA","@id":"https:\/\/www.perfecteaucomm.com\/#\/schema\/logo\/image\/","url":"https:\/\/www.perfecteaucomm.com\/wp-content\/uploads\/2023\/01\/logo_perfecteau_fichier_final-2.png","contentUrl":"https:\/\/www.perfecteaucomm.com\/wp-content\/uploads\/2023\/01\/logo_perfecteau_fichier_final-2.png","width":1600,"height":704,"caption":"Perfecteau Comm"},"image":{"@id":"https:\/\/www.perfecteaucomm.com\/#\/schema\/logo\/image\/"}},{"@type":"Person","@id":"https:\/\/www.perfecteaucomm.com\/#\/schema\/person\/6e8531918d9cb8157ee1a5075d81d5c7","name":"perfecteau","sameAs":["https:\/\/perfecteaucomm.la-complice.com"],"url":"https:\/\/www.perfecteaucomm.com\/en\/author\/perfecteau\/"}]}},"_links":{"self":[{"href":"https:\/\/www.perfecteaucomm.com\/en\/wp-json\/wp\/v2\/posts\/340","targetHints":{"allow":["GET"]}}],"collection":[{"href":"https:\/\/www.perfecteaucomm.com\/en\/wp-json\/wp\/v2\/posts"}],"about":[{"href":"https:\/\/www.perfecteaucomm.com\/en\/wp-json\/wp\/v2\/types\/post"}],"author":[{"embeddable":true,"href":"https:\/\/www.perfecteaucomm.com\/en\/wp-json\/wp\/v2\/users\/1"}],"replies":[{"embeddable":true,"href":"https:\/\/www.perfecteaucomm.com\/en\/wp-json\/wp\/v2\/comments?post=340"}],"version-history":[{"count":6,"href":"https:\/\/www.perfecteaucomm.com\/en\/wp-json\/wp\/v2\/posts\/340\/revisions"}],"predecessor-version":[{"id":352,"href":"https:\/\/www.perfecteaucomm.com\/en\/wp-json\/wp\/v2\/posts\/340\/revisions\/352"}],"wp:featuredmedia":[{"embeddable":true,"href":"https:\/\/www.perfecteaucomm.com\/en\/wp-json\/wp\/v2\/media\/341"}],"wp:attachment":[{"href":"https:\/\/www.perfecteaucomm.com\/en\/wp-json\/wp\/v2\/media?parent=340"}],"wp:term":[{"taxonomy":"category","embeddable":true,"href":"https:\/\/www.perfecteaucomm.com\/en\/wp-json\/wp\/v2\/categories?post=340"},{"taxonomy":"post_tag","embeddable":true,"href":"https:\/\/www.perfecteaucomm.com\/en\/wp-json\/wp\/v2\/tags?post=340"}],"curies":[{"name":"wp","href":"https:\/\/api.w.org\/{rel}","templated":true}]}}