{"id":337,"date":"2023-01-19T13:24:33","date_gmt":"2023-01-19T18:24:33","guid":{"rendered":"https:\/\/perfecteaucomm.la-complice.com\/?p=337"},"modified":"2023-02-22T17:32:04","modified_gmt":"2023-02-22T22:32:04","slug":"le-12e-festival-fondu-au-noir-fade-to-black-devoile-sa-programmation","status":"publish","type":"post","link":"https:\/\/www.perfecteaucomm.com\/en\/actualites\/le-12e-festival-fondu-au-noir-fade-to-black-devoile-sa-programmation\/","title":{"rendered":"Le 12e FESTIVAL FONDU AU NOIR \/ FADE TO BLACK d\u00e9voile sa programmation"},"content":{"rendered":"\n<figure class=\"wp-block-image aligncenter size-large is-resized\"><img loading=\"lazy\" decoding=\"async\" src=\"https:\/\/perfecteaucomm.la-complice.com\/wp-content\/uploads\/2023\/01\/Aff_FAN23_Web-1024x505.png\" alt=\"\" class=\"wp-image-338\" width=\"512\" height=\"253\" srcset=\"https:\/\/www.perfecteaucomm.com\/wp-content\/uploads\/2023\/01\/Aff_FAN23_Web-1024x505.png 1024w, https:\/\/www.perfecteaucomm.com\/wp-content\/uploads\/2023\/01\/Aff_FAN23_Web-300x148.png 300w, https:\/\/www.perfecteaucomm.com\/wp-content\/uploads\/2023\/01\/Aff_FAN23_Web-768x379.png 768w, https:\/\/www.perfecteaucomm.com\/wp-content\/uploads\/2023\/01\/Aff_FAN23_Web-1536x758.png 1536w, https:\/\/www.perfecteaucomm.com\/wp-content\/uploads\/2023\/01\/Aff_FAN23_Web.png 1920w\" sizes=\"auto, (max-width: 512px) 100vw, 512px\" \/><\/figure>\n\n\n\n<p class=\"has-text-align-center has-link-color wp-elements-981f17353594cd6ba11c48d0f8093a73\" id=\"viewer-b599s\"><strong>Cr\u00e9\u00e9 par la Fondation Fabienne Colas et pr\u00e9sent\u00e9 par le Groupe Banque TD<\/strong><br><strong>Dans le cadre du Mois de l\u2019Histoire des Noirs<\/strong><br><strong>8 au 12 F\u00c9VRIER 2023 | Infos :<\/strong><a rel=\"noreferrer noopener\" href=\"http:\/\/www.fonduaunoir.ca\/\" target=\"_blank\"><strong> www.FONDUAUNOIR.ca<\/strong><\/a><\/p>\n\n\n\n<p class=\"has-text-align-center\"><strong>INVIT\u00c9S D\u2019HONNEUR : DOMINIQUE ANGLADE, ILAM, AMINA GERBA, ZAB MABOUNGOU<\/strong><\/p>\n\n\n\n<p><em>Montr\u00e9al, le 19 janvier 2023 <\/em>\u2013 Le Festival Fondu au Noir, cr\u00e9\u00e9 par la <strong>Fondation Fabienne Colas<\/strong> et pr\u00e9sent\u00e9 par le <strong>Groupe<\/strong> <strong>Banque TD<\/strong>, souligne sa 12\u00e8me \u00e9dition <strong>du 8 au 12 f\u00e9vrier 2023<\/strong>, avec une formule sp\u00e9ciale en pr\u00e9sentiel et en ligne! Pour son retour en grande pompe depuis 2020, le festival mettra \u00e0 l\u2019honneur des femmes afro-descendantes chaque jour de sa programmation.<\/p>\n\n\n\n<p class=\"has-link-color wp-elements-5d7a8c2155b1e9db16c1e0acfe922fe5\">Afin de souligner le Mois de l\u2019histoire des Noirs, le festival propose un programme alliant <strong>projections de films<\/strong>, <strong>panels de<\/strong> <strong>discussions, grandes entrevues, un spectacle de musique, <\/strong>totalisant<strong> pr\u00e8s de 50 invit\u00e9s et artistes<\/strong>. La programmation met en lumi\u00e8re des personnalit\u00e9s bien connues de la sc\u00e8ne culturelle qu\u00e9b\u00e9coise et canadienne, notamment<strong> Dominique Anglade, Fabienne Colas, Zab Maboungou, Amina Gerba, Ilam, D\u00e9borah Cherenfant, Sh\u00e9rane Figaro, Sabine Daniel, Kerlande Mibel, Camille Esther Garon, Marina Mathieu, Marilyn Cooke, \u00c9milie Mannering, Sara Nacer, diff\u00e9rentes cin\u00e9astes <\/strong>et plusieurs autres. Les billets, les bandes-annonces et les d\u00e9tails sont disponibles sur <a rel=\"noreferrer noopener\" href=\"http:\/\/www.fonduaunoir.ca\/\" target=\"_blank\">www.fonduaunoir.ca<\/a><\/p>\n\n\n\n<p>\u00ab Fondu au Noir offre, pendant le Mois de l\u2019Histoire des Noirs, une occasion unique au public de rencontrer des personnalit\u00e9s connues et inspirantes de tous les domaines et de toutes les disciplines, en plus de participer \u00e0 la construction de notre patrimoine culturel par la connaissance, la r\u00e9flexion et l\u2019engagement! Un bonheur de se retrouver en pr\u00e9sentiel et en ligne! \u00bb affirme Fabienne Colas, pr\u00e9sidente fondatrice du Festival Fondu au Noir.<\/p>\n\n\n\n<p>\u00ab \u00c0 la TD, nous sommes fiers de soutenir les \u00e9v\u00e9nements et initiatives du Mois de l\u2019histoire des Noirs, de m\u00eame que des activit\u00e9s qui se d\u00e9roulent tout au long de l\u2019ann\u00e9e pour aider \u00e0 rassembler les gens, \u00e0 amplifier les voix de la communaut\u00e9 noire, \u00e0 c\u00e9l\u00e9brer la culture des Noirs et \u00e0 favoriser le changement. Dans le cadre de La promesse TD Pr\u00eats \u00e0 agir, la plateforme d\u2019entreprise citoyenne de la TD, nous nous effor\u00e7ons d\u2019\u00e9liminer les obstacles et de favoriser le progr\u00e8s afin d\u2019ouvrir les portes \u00e0 un avenir plus inclusif et \u00e9quitable. \u00bb affirme Sylvie Demers, Pr\u00e9sidente, Direction du Qu\u00e9bec, Groupe Banque TD.<\/p>\n\n\n\n<p class=\"has-text-align-center has-link-color wp-elements-9608ef1fbf55c1ec81e24cb3c87faafa\"><strong>12e Festival Fondu au Noir<\/strong>, cr\u00e9\u00e9 par la Fondation Fabienne Colas, est pr\u00e9sent\u00e9 par le <strong>Groupe<\/strong> <strong>Banque TD <\/strong>du<strong> 8 au 12 f\u00e9vrier 2023<\/strong>. <br>Programmation compl\u00e8te sur<a rel=\"noreferrer noopener\" href=\"http:\/\/www.fonduaunoir.ca\/\" target=\"_blank\"> www.fonduaunoir.ca<\/a><\/p>\n\n\n\n<p class=\"has-link-color wp-elements-04c2a24e0e289cfe7af11bff7fc93bf0\" id=\"viewer-afr7j\"><strong>SOIR\u00c9E D\u2019OUVERTURE :<\/strong><br><strong>FEMMES, CIN\u00c9MA &amp; INCLUSION:<\/strong><br><strong>S\u00e9ries de 5 courts-m\u00e9trages r\u00e9alis\u00e9es par des femmes<\/strong><br><strong>Mercredi 8 f\u00e9vrier 2023 &#8211; 6PM (20$) &#8211; \u00e0 la Cin\u00e9math\u00e8que qu\u00e9b\u00e9coise (255 boul. de Maisonneuve Est, Montr\u00e9al) Billets, et synopsis des films: <\/strong><a rel=\"noreferrer noopener\" href=\"http:\/\/www.fonduaunoir.ca\/\" target=\"_blank\"><strong>www.fonduaunoir.ca<\/strong><\/a><br><strong>En partenariat avec la Cin\u00e9math\u00e8que qu\u00e9b\u00e9coise, TV5<\/strong><br>Une soir\u00e9e d\u2019ouverture d\u00e9di\u00e9e \u00e0 cinq cin\u00e9astes femmes remarquables qui font rayonner l\u2019industrie cin\u00e9matographique afro-canadienne et qu\u00e9b\u00e9coise aussi bien au niveau national qu\u2019international!<br>Suite aux projections, une discussion prendra place autour du m\u00e9tier de cin\u00e9aste et de l\u2019inclusion dans le paysage qu\u00e9b\u00e9cois et Canadien.<\/p>\n\n\n\n<p id=\"viewer-frd7o\"><strong>Amani<\/strong>, de Alliah Fafin, 17 min, 2020<br><strong>Pas de fant\u00f4me \u00e0 la morgue<\/strong>, de Marilyn Cooke, 16 min, 2022<br><strong>Him &amp; Her<\/strong>, de Simonee Chichester, 22 min, 2022<br><strong>Nid d\u2019oiseaux<\/strong>, Nadia Louis-Desmarchais, 9 min , 2022<br><strong>\u00c0 la vie \u00e0 l\u2019amor<\/strong>, de \u00c9milie Mannering, 15 min, 2022<\/p>\n\n\n\n<p id=\"viewer-frd7o\">Les films seront suivis d\u2019une discussion<strong> anim\u00e9e par Diane Gistal<\/strong>, fondatrice de Nigra Iuventa.<\/p>\n\n\n\n<p class=\"has-text-align-center\" id=\"viewer-96ush\"><strong>LES GRANDES ENTREVUES<\/strong><br><strong>Billets disponibles sur: www.fonduaunoir.ca<\/strong><\/p>\n\n\n\n<p id=\"viewer-b1dul\"><strong>Grande entrevue : Discussion \u00e0 c\u0153ur ouvert avec Dominique Anglade &#8211; Jeudi 9 f\u00e9vrier 2023 &#8211; 18 h PM (35$)- \u00e0 la Grande Biblioth\u00e8que (475 Boul. de Maisonneuve E. Montr\u00e9al)<\/strong><br><strong>Pr\u00e9sent\u00e9e par Le Devoir<\/strong><\/p>\n\n\n\n<p>Venez assister \u00e0 cette rencontre exclusive avec <strong>Dominique Anglade<\/strong>! Une discussion \u00e0 c\u0153ur ouvert de l\u2019ex vice-premi\u00e8re ministre du Qu\u00e9bec, ex cheffe du Parti lib\u00e9ral du Qu\u00e9bec, Ing\u00e9nieure, entrepreneure sociale et autrice.<\/p>\n\n\n\n<p><strong>Anim\u00e9e par Fabienne Colas<\/strong>, actrice, r\u00e9alisatrice, productrice, entrepreneure, fondatrice du Festival Fondu au Noir<\/p>\n\n\n\n<p id=\"viewer-ckdvp\"><strong>Grande entrevue: Rencontre en t\u00eate-\u00e0-t\u00eate avec Zab Maboungou<\/strong><br><strong>Samedi 11 f\u00e9vrier 2023 &#8211; 2 PM (20$) &#8211; Afromus\u00e9e (533 rue Ontario E. Montr\u00e9al)<\/strong><br><strong>En partenariat avec Nyata Nyata, L\u2019Afromus\u00e9e et TV5<\/strong><\/p>\n\n\n\n<p id=\"viewer-dpe9v\">Une rencontre en t\u00eate-\u00e0-t\u00eate avec <strong>Zab Maboungou<\/strong>, artiste-chor\u00e9graphe et interpr\u00e8te, professeure de philosophie et auteure du livre Heya. Une introduction essentielle \u00e0 ce qui fait la danse et le danseur, destin\u00e9e \u00e0 ceux et celles qui recherchent un enseignement \u00e0 la fois rigoureux et dynamique des principes de la danse. Th\u00e9orie et pratique du Loketo \u2013 principe postural et ressort rythmique.<\/p>\n\n\n\n<p id=\"viewer-6bejj\">La rencontre est <strong>pr\u00e9c\u00e9d\u00e9e de la pi\u00e8ce Duod\u00e9num, chor\u00e9graphi\u00e9e par Zab Maboungou<\/strong><br><strong>Anim\u00e9e par Sh\u00e9rane Figaro, <\/strong>Chor\u00e9graphe, interpr\u00e8te, formatrice, animatrice de balado<\/p>\n\n\n\n<p id=\"viewer-ekmpo\"><strong>SOIR\u00c9E DE CL\u00d4TURE :<\/strong><\/p>\n\n\n\n<p id=\"viewer-d2ptn\"><strong>Grande entrevue en ligne: Discussion avec l\u2019honorable Amina Gerba, s\u00e9natrice<\/strong><\/p>\n\n\n\n<p class=\"has-link-color wp-elements-a9d1161f3a518395a656b6cf29ce714b\" id=\"viewer-er6b3\"><strong>Dimanche 12 f\u00e9vrier 2023 &#8211; 6PM &#8211; EN LIGNE au <\/strong><a href=\"http:\/\/www.fonduaunoir.ca\/\" target=\"_blank\" rel=\"noreferrer noopener\"><strong>www.fonduaunoir.ca<\/strong><\/a><strong><\/strong><\/p>\n\n\n\n<p id=\"viewer-56bti\">Une rencontre \u00e0 c\u0153ur ouvert au sujet de la carri\u00e8re professionnelle et du parcours exceptionnel de l\u2019Honorable s\u00e9natrice <strong>Amina Gerba<\/strong>.<br>La s\u00e9natrice du Canada Amina Gerba, qui repr\u00e9sente le Qu\u00e9bec, est une entrepreneure poss\u00e9dant plus de 25 ann\u00e9es d\u2019exp\u00e9rience. En 1995, elle a cr\u00e9\u00e9 son propre cabinet de conseil, Afrique Expansion inc., pour nouer des liens entre le Canada et l\u2019Afrique et pour favoriser les occasions d\u2019affaires. De f\u00e9vrier 2018 jusqu\u2019\u00e0 sa nomination, la s\u00e9natrice Gerba \u00e9tait pr\u00e9sidente du conseil de direction d\u2019Entreprendre ici, un organisme mis en place dans le cadre du Plan d\u2019action gouvernemental en entrepreneuriat (PAGE) 2017-2022 du Qu\u00e9bec, pour appuyer les entrepreneurs issus de communaut\u00e9s culturelles. La s\u00e9natrice Gerba a si\u00e9g\u00e9 \u00e0 des conseils d\u2019administration publics et priv\u00e9s, et elle mentore aupr\u00e8s du R\u00e9seau des entrepreneurs et professionnels africains.<br><strong>Anim\u00e9e par D\u00e9borah Cherenfant<\/strong>, Directrice Qu\u00e9bec, Femmes en Entreprise, Groupe Banque TD<\/p>\n\n\n\n<p class=\"has-text-align-center has-link-color wp-elements-d8beeecb7f54dcd3c4b7eb3a1e47993e\" id=\"viewer-5ivcb\"><strong>MUSIQUE<\/strong><br><strong>Billets disponibles sur: <\/strong><a rel=\"noreferrer noopener\" href=\"http:\/\/www.fonduaunoir.ca\/\" target=\"_blank\"><strong>www.fonduaunoir.ca<\/strong><\/a><\/p>\n\n\n\n<p id=\"viewer-1fo74\"><strong>ILAM<\/strong><br><strong>Jeudi 9 f\u00e9vrier 2023 \u2013 8PM \u2013 30$ Ausgang Plaza (6524 Rue St-Hubert, Montr\u00e9al)<\/strong><br><strong>Spectacle co-pr\u00e9sent\u00e9 par Vues d\u2019Afrique<\/strong><br>N\u00e9 \u00e0 Dakar, au S\u00e9n\u00e9gal, ILAM puise dans ses racines peulh pour proposer un style musical qui s\u2019inspire \u00e0 la fois du ILAM blues du Sahel et de l\u2019afropop, avec des accents de reggae, de jazz et de soul.<br>Dans ce spectacle, ILAM pr\u00e9sentera les chansons de son dernier album N\u00e9n\u00e9, nomm\u00e9 meilleur album musique du Monde \u00e0 l\u2019ADISQ et au GAMIQ).<\/p>\n\n\n\n<p class=\"has-text-align-center\" id=\"viewer-a9m94\"><strong>CIN\u00c9MA<\/strong><br><strong>Billets disponibles sur: www.fonduaunoir.ca<\/strong><\/p>\n\n\n\n<p id=\"viewer-8pnl\"><strong>Vendredi 10 f\u00e9vrier 2023 &#8211; 7PM &#8211; Maison de la culture de Notre-Dame-de-Gr\u00e2ce<\/strong><br><strong>(6400 ave Monkland, Montr\u00e9al)<\/strong><\/p>\n\n\n\n<p id=\"viewer-b5vde\"><strong>\u00caTRE NOIR.E \u00c0 MONTR\u00c9AL &#8211; COHORTES FRANCOPHONE &amp; ANGLOPHONE 2021<\/strong><br><strong>Un \u00e9v\u00e9nement organis\u00e9 en partenariat avec la Maison de la culture de Notre-Dame-de-Gr\u00e2ce et TV5, \u00e9galement pr\u00e9sent\u00e9 en ligne tout au long du festival.<\/strong><\/p>\n\n\n\n<p>Le Festival Fondu au Noir est fier de pr\u00e9senter les 12 court-m\u00e9trages documentaires francophones et anglophones de <strong>\u00catre Noir.e \u00e0 Montr\u00e9al <\/strong>de l\u2019\u00e9dition <strong>2021 <\/strong>du<strong> <\/strong>programme <strong>\u00catre Noir au Canada<\/strong> de la Fondation Fabienne Colas. Un programme pr\u00e9sent\u00e9 par <strong>Netflix<\/strong>, en collaboration avec la <strong>Banque Nationale<\/strong>, et support\u00e9 par <strong>T\u00e9l\u00e9film Canada,<\/strong> <strong>le Fonds des m\u00e9dias du Canada <\/strong>et<strong> <\/strong>le<strong> Conseil des arts du Canada.<\/strong><\/p>\n\n\n\n<p><strong>\u00catre Noir.e au Canada \u202f<\/strong>repr\u00e9sente <strong>\u202fle plus grand programme de formation, mentorat et cr\u00e9ation au Canada \u00e0 \u00eatre enti\u00e8rement consacr\u00e9 aux cin\u00e9astes noirs.\u202f<\/strong>Dans le cadre de <strong>l\u2019Initiative Rel\u00e8ve et Diversit\u00e9<\/strong> de la Fondation Fabienne Colas, le programme <strong>\u00catre Noir.e au Canada<\/strong> de la FFC a \u00e9t\u00e9 cr\u00e9\u00e9 pour pallier le manque flagrant de diversit\u00e9 et le manque de personnes noires devant et derri\u00e8re la cam\u00e9ra au Canada.\u202f Fond\u00e9 en 2012, avec la premi\u00e8re cohorte lanc\u00e9e en 2014, le Programme donne une voix et une plateforme aux cr\u00e9ateurs qui, autrement, ne seraient ni vus ni entendus.\u202f La fondation favorise l\u2019\u00e9galit\u00e9 des chances pour les cin\u00e9astes noirs tout en diversifiant nos \u00e9crans trop blancs pour une soci\u00e9t\u00e9 m\u00e9tiss\u00e9e.<\/p>\n\n\n\n<p id=\"viewer-cbd99\"><strong>Programme francophone<\/strong><strong> <\/strong>(avec sous-titre anglais):<\/p>\n\n\n\n<p id=\"viewer-2d8ka\"><strong>LOUDER<\/strong> par Ma\u00eblle Bonnegrace<br><strong>NOIR COMME MON ART <\/strong>par Nkosi Phanord<br><strong>NOUS NE TRAHIRONS PAS LE PO\u00c8ME<\/strong> par Matthieu Pierre-Canel<br><strong>MON R\u00caVE DU CANADA<\/strong> par Tani Balourd<br><strong>NOIR: COUPABLE &amp; INNOCENT<\/strong> par Ernst Pierre<br><strong>QUI SE RESSEMBLE, S\u2019ASSEMBLE?<\/strong> par Jenny Jean-Baptiste<\/p>\n\n\n\n<p id=\"viewer-386tu\"><strong>Programme anglophone <\/strong>(avec sous-titrage en fran\u00e7ais):<\/p>\n\n\n\n<p id=\"viewer-bpll7\"><strong>OBJECTS IN THE MIRROR ( OBJETS DANS LE MIROIR) <\/strong>par Christopher Henny-Nyanguila<br><strong>BLACKADEMIA<\/strong> par Roy Kingsley<br><strong>THE COLOURED WOMEN\u2019S CLUB <\/strong>par Hamda Elmi<br><strong>IT\u2019S THE SMALL THINGS<\/strong> par Yzaih Ph\u00e9nix-Alphonse<br><strong>REMEMBER<\/strong> par Aduke Babalola<br><strong>MY CULTURE, MY HOME<\/strong> par Mikael Romulus<\/p>\n\n\n\n<p id=\"viewer-dtd3l\"><strong>S\u00c9LECTION COUP DE COEUR: DOCUMENTAIRES EN LIGNE<\/strong><br><strong>Visionnez des \u0153uvres documentaires exceptionnelles dans le confort de votre chez-soi.<\/strong><br><strong>Du 8 au 12 f\u00e9vrier inclusivement &#8211; En ligne &#8211; 25$<\/strong><\/p>\n\n\n\n<p id=\"viewer-6cb3u\"><strong>LA<\/strong> <strong>ROCKEUSE DU D\u00c9SERT<\/strong> par Sara Nacer,1h15 min, 2021<br><strong>DEAR JACKIE <\/strong>par Henri Pardo, 1h30 min, 2021<br><strong>OUR DANCE OF REVOLUTION par <\/strong>Phillip Pike,1h42 min<strong>, <\/strong>2019<\/p>\n\n\n\n<p class=\"has-text-align-center\" id=\"viewer-amh7q\"><strong>DISCUSSIONS ET TABLES RONDES<\/strong><\/p>\n\n\n\n<p id=\"viewer-1sqho\">Des panels de discussion sur des enjeux sociaux, culturels et \u00e9conomiques v\u00e9cues par les personnes issues des communaut\u00e9s noir.es seront pr\u00e9sent\u00e9s gratuitement en ligne. La 12\u00e8me \u00e9dition du Festival Fondu au Noir met en lumi\u00e8re des sujets d\u2019actualit\u00e9 avec des leaders et des personnalit\u00e9s inspirantes, aussi bien dans leurs communaut\u00e9s que sur la sc\u00e8ne publique qu\u00e9b\u00e9coise et canadienne.<\/p>\n\n\n\n<p id=\"viewer-3qvfh\"><strong>LES PANELS DU MIDI &#8211; GRATUIT<\/strong><\/p>\n\n\n\n<p class=\"has-link-color wp-elements-6248de96bf61158992a0c394a54373d6\" id=\"viewer-mht3\"><strong>Panel 1 &#8211; \u00c9tat des lieux du profilage racial au Qu\u00e9bec &#8211; Jeudi 9 f\u00e9vrier &#8211; 12PM &#8211; en ligne au <\/strong><a rel=\"noreferrer noopener\" href=\"http:\/\/www.fonduaunoir.ca\/\" target=\"_blank\"><strong>www.fonduaunoir.ca<\/strong><\/a><br><strong>\u00c9v\u00e9nement en partenariat avec N\u00e9oQu\u00e9bec<\/strong><\/p>\n\n\n\n<p id=\"viewer-1umct\"><strong>Mod\u00e9ratrice : Sabine Daniel, <\/strong>Animatrice et productrice<br><strong>Pan\u00e9listes : St\u00e9phanie Germain,<\/strong> animatrice et organisatrice sociale,<strong> Cyrille Ekwalla, <\/strong>Journaliste \/ Directeur de l&#8217;Institut N\u00e9oqu\u00e9bec,<strong>Me Kwadwo D. Yeboah, <\/strong>Pr\u00e9sident et avocat chez KDY legal<\/p>\n\n\n\n<p class=\"has-link-color wp-elements-645a9be219c82fe194f9acd505acf41e\" id=\"viewer-2stjk\"><strong>Panel 2 &#8211;<\/strong> <strong>Femmes et leadership: quel avenir dans les instances de pouvoir? &#8211; Vendredi 10 f\u00e9vrier &#8211; 12PM &#8211; en ligne au <\/strong><a rel=\"noreferrer noopener\" href=\"http:\/\/www.fonduaunoir.ca\/\" target=\"_blank\"><strong>www.fonduaunoir.ca<\/strong><\/a><br><strong>\u00c9v\u00e9nement en partenariat avec Le Forum \u00e9conomique International des Noirs<\/strong><\/p>\n\n\n\n<p id=\"viewer-ep2i1\"><strong>Mod\u00e9ratrice :<\/strong> <strong>Kerlande Mibel:<\/strong> Pr\u00e9sidente &amp; fondatrice &#8211; Forum \u00e9conomique international des Noirs<br><strong>Pan\u00e9listes : Ericka Alneus: <\/strong>Responsable de la culture et du patrimoine au comit\u00e9 ex\u00e9cutif de la Ville de Montr\u00e9al; <strong>Camille Esther Garon<\/strong>; pr\u00e9sidente de Gris-Qu\u00e9bec entrepreneur de l&#8217;entreprise Appartenance Communication CEG; <strong>Nicole Piggott: <\/strong>Pr\u00e9sidente et Co-fondatrice, Synclusiv, Cheffe des op\u00e9rations, La Gouvernance au f\u00e9minin<\/p>\n\n\n\n<p class=\"has-link-color wp-elements-073952eb636ee9dc1976e02811a74770\"><strong>Panel 3 &#8211; Identit\u00e9 des personnes noires et LGBTQIA+: un combat intersectoriel &#8211; Samedi 11 f\u00e9vrier &#8211; 12PM &#8211; en ligne au <\/strong><a rel=\"noreferrer noopener\" href=\"http:\/\/www.fonduaunoir.ca\/\" target=\"_blank\"><strong>www.fonduaunoir.ca<\/strong><\/a><\/p>\n\n\n\n<p id=\"viewer-3beg4\"><strong>Mod\u00e9ratrice:<\/strong> <strong>Camille Esther Garon:<\/strong> pr\u00e9sidente de Gris-Qu\u00e9bec entrepreneure de l&#8217;entreprise Appartenance Communication CEG<br><strong>Pan\u00e9listes: Suzanne Serres: <\/strong>R\u00e9alisatrice; <strong>Clairobscure:<\/strong> Po\u00e8te audiovisuel, <strong>Dupr\u00e9 Latour: <\/strong>Activiste, militante BIPOC\/2SLGBTQIA+ C.E.O Dupr\u00e9Latour Cosmetics<\/p>\n\n\n\n<p class=\"has-link-color wp-elements-c40e56cc17dcc4670bfc79b9a0239d32\" id=\"viewer-ea53q\"><strong>\u00c9v\u00e9nement 5 \u00e0 7 co-pr\u00e9sent\u00e9 par <\/strong><a href=\"https:\/\/www.perfecteaucomm.com\/accueil\/hashtags\/SHE_BUILDS\"><strong>#SHE_BUILDS<\/strong><\/a><br><strong>Vendredi 10 f\u00e9vrier 2023 \u2013 5PM \u2013 \u00c0 la BDC # 5, Place Ville Marie<\/strong><\/p>\n\n\n\n<p id=\"viewer-ab1cr\"><strong>ENTREPRENARIAT AU F\u00c9MININ ET SANT\u00c9 MENTALE<\/strong><\/p>\n\n\n\n<p id=\"viewer-882r2\"><strong>Mod\u00e9ratrice :<\/strong> Marina Mathieu; Consultante en Communication &amp; Productrice de Contenu M\u00e9diatique et Culturel<br><strong>Pan\u00e9listes : Andr\u00e9a Bomo: <\/strong>Pr\u00e9sidente et fondatrice de Ann &amp; Eli Apothecary, <strong>Nersa Dorismond: <\/strong>Femme d\u2019affaires et chef d\u2019entreprise, <strong>Samanta Nyinawumuntu<\/strong> : Fondatrice et directrice du Black Healing Center<\/p>\n\n\n\n<p class=\"has-link-color wp-elements-961d9afa222215dbfa9cdfbf499cca89\" id=\"viewer-8ivif\"><strong>R\u00e9servez votre place gratuitement ici: <\/strong><a rel=\"noreferrer noopener\" href=\"http:\/\/www.fonduaunoir.ca\/\" target=\"_blank\"><strong>www.FonduAuNoir.ca<\/strong><\/a><\/p>\n\n\n\n<p class=\"has-text-align-center has-link-color wp-elements-bf189ea43b3f916566448a2d2c9db9e0\"><strong>Le 12e Festival Fondu au Noir,<\/strong> cr\u00e9\u00e9 par la Fondation Fabienne Colas, est pr\u00e9sent\u00e9 par le <strong>Groupe<\/strong> <strong>Banque TD <\/strong>du<strong> 8 au 12 f\u00e9vrier 2023. <\/strong><br>Programmation compl\u00e8te sur<a rel=\"noreferrer noopener\" href=\"http:\/\/www.fonduaunoir.ca\/\" target=\"_blank\"> www.fonduaunoir.ca<\/a><\/p>\n\n\n\n<p class=\"has-link-color wp-elements-97a443f28a325a991214b8e9f08c4dd5\" id=\"viewer-etcn4\"><strong>\u00c0 PROPOS DU FESTIVAL FONDU AU NOIR \/ FADE TO BLACK<\/strong><br>Cr\u00e9\u00e9 par la Fondation Fabienne Colas, organisme artistique sans but lucratif vou\u00e9 \u00e0 l\u2019avancement de l\u2019\u00e9ducation \u00e0 travers les arts, FONDU AU NOIR repr\u00e9sente le plus grand festival c\u00e9l\u00e9brant le Mois de l\u2019Histoire des Noirs au Qu\u00e9bec. Il permet de se rappeler du pass\u00e9 afin de savourer le pr\u00e9sent et de mieux avancer vers l&#8217;avenir \u00e0 travers un programme artistique musical avec un volet pluridisciplinaire. FONDU AU NOIR veut : encourager l&#8217;ouverture \u00e0 la diversit\u00e9 ainsi que promouvoir la compr\u00e9hension interculturelle et la sensibilisation, gr\u00e2ce \u00e0 des programmes qui provoquent, \u00e9duquent et divertissent.<a rel=\"noreferrer noopener\" href=\"http:\/\/www.fonduaunoir.ca\/\" target=\"_blank\"> www.fonduaunoir.ca<\/a><\/p>\n\n\n\n<p>Mots-cl\u00e9s :<\/p>\n\n\n\n<ul class=\"has-link-color wp-block-list wp-elements-c3dc0d6d21e5a8b4ca48a49350c03d1b\">\n<li><a href=\"https:\/\/www.perfecteaucomm.com\/accueil\/tags\/festival-fondu-au-noir-1\">Festival Fondu au Noir<\/a><\/li>\n\n\n\n<li><a href=\"https:\/\/www.perfecteaucomm.com\/accueil\/tags\/fondation-fabienne-colas\">Fondation Fabienne Colas<\/a><\/li>\n\n\n\n<li><a href=\"https:\/\/www.perfecteaucomm.com\/accueil\/tags\/fondu-au-noir\">Fondu au Noir<\/a><\/li>\n\n\n\n<li><a href=\"https:\/\/www.perfecteaucomm.com\/accueil\/tags\/fade-to-black\">Fade to black<\/a><\/li>\n\n\n\n<li><a href=\"https:\/\/www.perfecteaucomm.com\/accueil\/tags\/mois-de-l-histoire-des-noirs\">Mois de l&#8217;histoire des Noirs<\/a><\/li>\n<\/ul>\n","protected":false},"excerpt":{"rendered":"<p>Cr\u00e9\u00e9 par la Fondation Fabienne Colas et pr\u00e9sent\u00e9 par le Groupe Banque TDDans le cadre du Mois de l\u2019Histoire des Noirs8 au 12 F\u00c9VRIER 2023 | Infos : www.FONDUAUNOIR.ca INVIT\u00c9S D\u2019HONNEUR : DOMINIQUE ANGLADE, ILAM, AMINA GERBA, ZAB MABOUNGOU Montr\u00e9al, le 19 janvier 2023 \u2013 Le Festival Fondu au Noir, cr\u00e9\u00e9 par la Fondation Fabienne Colas et pr\u00e9sent\u00e9 par le Groupe Banque TD, souligne sa 12\u00e8me \u00e9dition du 8 au 12 f\u00e9vrier 2023, avec une formule sp\u00e9ciale en pr\u00e9sentiel et en ligne! Pour son retour en grande pompe depuis 2020, le festival mettra \u00e0 l\u2019honneur des femmes afro-descendantes chaque jour<\/p>\n","protected":false},"author":1,"featured_media":338,"comment_status":"closed","ping_status":"closed","sticky":false,"template":"","format":"standard","meta":{"footnotes":""},"categories":[20],"tags":[],"class_list":["post-337","post","type-post","status-publish","format-standard","has-post-thumbnail","hentry","category-actualites"],"yoast_head":"<!-- This site is optimized with the Yoast SEO plugin v25.5 - https:\/\/yoast.com\/wordpress\/plugins\/seo\/ -->\n<title>Le 12e FESTIVAL FONDU AU NOIR \/ FADE TO BLACK d\u00e9voile sa programmation - Perfecteau Comm<\/title>\n<meta name=\"robots\" content=\"index, follow, max-snippet:-1, max-image-preview:large, max-video-preview:-1\" \/>\n<link rel=\"canonical\" href=\"https:\/\/www.perfecteaucomm.com\/en\/actualites\/le-12e-festival-fondu-au-noir-fade-to-black-devoile-sa-programmation\/\" \/>\n<meta property=\"og:locale\" content=\"en_US\" \/>\n<meta property=\"og:locale:alternate\" content=\"fr_CA\" \/>\n<meta property=\"og:type\" content=\"article\" \/>\n<meta property=\"og:title\" content=\"Le 12e FESTIVAL FONDU AU NOIR \/ FADE TO BLACK d\u00e9voile sa programmation - Perfecteau Comm\" \/>\n<meta property=\"og:description\" content=\"Cr\u00e9\u00e9 par la Fondation Fabienne Colas et pr\u00e9sent\u00e9 par le Groupe Banque TDDans le cadre du Mois de l\u2019Histoire des Noirs8 au 12 F\u00c9VRIER 2023 | Infos : www.FONDUAUNOIR.ca INVIT\u00c9S D\u2019HONNEUR : DOMINIQUE ANGLADE, ILAM, AMINA GERBA, ZAB MABOUNGOU Montr\u00e9al, le 19 janvier 2023 \u2013 Le Festival Fondu au Noir, cr\u00e9\u00e9 par la Fondation Fabienne Colas et pr\u00e9sent\u00e9 par le Groupe Banque TD, souligne sa 12\u00e8me \u00e9dition du 8 au 12 f\u00e9vrier 2023, avec une formule sp\u00e9ciale en pr\u00e9sentiel et en ligne! Pour son retour en grande pompe depuis 2020, le festival mettra \u00e0 l\u2019honneur des femmes afro-descendantes chaque jour\" \/>\n<meta property=\"og:url\" content=\"https:\/\/www.perfecteaucomm.com\/en\/actualites\/le-12e-festival-fondu-au-noir-fade-to-black-devoile-sa-programmation\/\" \/>\n<meta property=\"og:site_name\" content=\"Perfecteau Comm\" \/>\n<meta property=\"article:published_time\" content=\"2023-01-19T18:24:33+00:00\" \/>\n<meta property=\"article:modified_time\" content=\"2023-02-22T22:32:04+00:00\" \/>\n<meta property=\"og:image\" content=\"https:\/\/www.perfecteaucomm.com\/wp-content\/uploads\/2023\/01\/Aff_FAN23_Web.png\" \/>\n\t<meta property=\"og:image:width\" content=\"1920\" \/>\n\t<meta property=\"og:image:height\" content=\"947\" \/>\n\t<meta property=\"og:image:type\" content=\"image\/png\" \/>\n<meta name=\"author\" content=\"perfecteau\" \/>\n<meta name=\"twitter:card\" content=\"summary_large_image\" \/>\n<meta name=\"twitter:label1\" content=\"Written by\" \/>\n\t<meta name=\"twitter:data1\" content=\"perfecteau\" \/>\n\t<meta name=\"twitter:label2\" content=\"Est. reading time\" \/>\n\t<meta name=\"twitter:data2\" content=\"10 minutes\" \/>\n<script type=\"application\/ld+json\" class=\"yoast-schema-graph\">{\"@context\":\"https:\/\/schema.org\",\"@graph\":[{\"@type\":\"Article\",\"@id\":\"https:\/\/www.perfecteaucomm.com\/actualites\/le-12e-festival-fondu-au-noir-fade-to-black-devoile-sa-programmation\/#article\",\"isPartOf\":{\"@id\":\"https:\/\/www.perfecteaucomm.com\/actualites\/le-12e-festival-fondu-au-noir-fade-to-black-devoile-sa-programmation\/\"},\"author\":{\"name\":\"perfecteau\",\"@id\":\"https:\/\/www.perfecteaucomm.com\/#\/schema\/person\/6e8531918d9cb8157ee1a5075d81d5c7\"},\"headline\":\"Le 12e FESTIVAL FONDU AU NOIR \/ FADE TO BLACK d\u00e9voile sa programmation\",\"datePublished\":\"2023-01-19T18:24:33+00:00\",\"dateModified\":\"2023-02-22T22:32:04+00:00\",\"mainEntityOfPage\":{\"@id\":\"https:\/\/www.perfecteaucomm.com\/actualites\/le-12e-festival-fondu-au-noir-fade-to-black-devoile-sa-programmation\/\"},\"wordCount\":2097,\"publisher\":{\"@id\":\"https:\/\/www.perfecteaucomm.com\/#organization\"},\"image\":{\"@id\":\"https:\/\/www.perfecteaucomm.com\/actualites\/le-12e-festival-fondu-au-noir-fade-to-black-devoile-sa-programmation\/#primaryimage\"},\"thumbnailUrl\":\"https:\/\/www.perfecteaucomm.com\/wp-content\/uploads\/2023\/01\/Aff_FAN23_Web.png\",\"articleSection\":[\"Actualit\u00e9s\"],\"inLanguage\":\"en-CA\"},{\"@type\":\"WebPage\",\"@id\":\"https:\/\/www.perfecteaucomm.com\/actualites\/le-12e-festival-fondu-au-noir-fade-to-black-devoile-sa-programmation\/\",\"url\":\"https:\/\/www.perfecteaucomm.com\/actualites\/le-12e-festival-fondu-au-noir-fade-to-black-devoile-sa-programmation\/\",\"name\":\"Le 12e FESTIVAL FONDU AU NOIR \/ FADE TO BLACK d\u00e9voile sa programmation - Perfecteau Comm\",\"isPartOf\":{\"@id\":\"https:\/\/www.perfecteaucomm.com\/#website\"},\"primaryImageOfPage\":{\"@id\":\"https:\/\/www.perfecteaucomm.com\/actualites\/le-12e-festival-fondu-au-noir-fade-to-black-devoile-sa-programmation\/#primaryimage\"},\"image\":{\"@id\":\"https:\/\/www.perfecteaucomm.com\/actualites\/le-12e-festival-fondu-au-noir-fade-to-black-devoile-sa-programmation\/#primaryimage\"},\"thumbnailUrl\":\"https:\/\/www.perfecteaucomm.com\/wp-content\/uploads\/2023\/01\/Aff_FAN23_Web.png\",\"datePublished\":\"2023-01-19T18:24:33+00:00\",\"dateModified\":\"2023-02-22T22:32:04+00:00\",\"breadcrumb\":{\"@id\":\"https:\/\/www.perfecteaucomm.com\/actualites\/le-12e-festival-fondu-au-noir-fade-to-black-devoile-sa-programmation\/#breadcrumb\"},\"inLanguage\":\"en-CA\",\"potentialAction\":[{\"@type\":\"ReadAction\",\"target\":[\"https:\/\/www.perfecteaucomm.com\/actualites\/le-12e-festival-fondu-au-noir-fade-to-black-devoile-sa-programmation\/\"]}]},{\"@type\":\"ImageObject\",\"inLanguage\":\"en-CA\",\"@id\":\"https:\/\/www.perfecteaucomm.com\/actualites\/le-12e-festival-fondu-au-noir-fade-to-black-devoile-sa-programmation\/#primaryimage\",\"url\":\"https:\/\/www.perfecteaucomm.com\/wp-content\/uploads\/2023\/01\/Aff_FAN23_Web.png\",\"contentUrl\":\"https:\/\/www.perfecteaucomm.com\/wp-content\/uploads\/2023\/01\/Aff_FAN23_Web.png\",\"width\":1920,\"height\":947},{\"@type\":\"BreadcrumbList\",\"@id\":\"https:\/\/www.perfecteaucomm.com\/actualites\/le-12e-festival-fondu-au-noir-fade-to-black-devoile-sa-programmation\/#breadcrumb\",\"itemListElement\":[{\"@type\":\"ListItem\",\"position\":1,\"name\":\"Accueil\",\"item\":\"https:\/\/www.perfecteaucomm.com\/\"},{\"@type\":\"ListItem\",\"position\":2,\"name\":\"Le 12e FESTIVAL FONDU AU NOIR \/ FADE TO BLACK d\u00e9voile sa programmation\"}]},{\"@type\":\"WebSite\",\"@id\":\"https:\/\/www.perfecteaucomm.com\/#website\",\"url\":\"https:\/\/www.perfecteaucomm.com\/\",\"name\":\"Perfecteau Comm\",\"description\":\"Agence de relations de presse\",\"publisher\":{\"@id\":\"https:\/\/www.perfecteaucomm.com\/#organization\"},\"potentialAction\":[{\"@type\":\"SearchAction\",\"target\":{\"@type\":\"EntryPoint\",\"urlTemplate\":\"https:\/\/www.perfecteaucomm.com\/?s={search_term_string}\"},\"query-input\":{\"@type\":\"PropertyValueSpecification\",\"valueRequired\":true,\"valueName\":\"search_term_string\"}}],\"inLanguage\":\"en-CA\"},{\"@type\":\"Organization\",\"@id\":\"https:\/\/www.perfecteaucomm.com\/#organization\",\"name\":\"Perfecteau Comm\",\"url\":\"https:\/\/www.perfecteaucomm.com\/\",\"logo\":{\"@type\":\"ImageObject\",\"inLanguage\":\"en-CA\",\"@id\":\"https:\/\/www.perfecteaucomm.com\/#\/schema\/logo\/image\/\",\"url\":\"https:\/\/www.perfecteaucomm.com\/wp-content\/uploads\/2023\/01\/logo_perfecteau_fichier_final-2.png\",\"contentUrl\":\"https:\/\/www.perfecteaucomm.com\/wp-content\/uploads\/2023\/01\/logo_perfecteau_fichier_final-2.png\",\"width\":1600,\"height\":704,\"caption\":\"Perfecteau Comm\"},\"image\":{\"@id\":\"https:\/\/www.perfecteaucomm.com\/#\/schema\/logo\/image\/\"}},{\"@type\":\"Person\",\"@id\":\"https:\/\/www.perfecteaucomm.com\/#\/schema\/person\/6e8531918d9cb8157ee1a5075d81d5c7\",\"name\":\"perfecteau\",\"sameAs\":[\"https:\/\/perfecteaucomm.la-complice.com\"],\"url\":\"https:\/\/www.perfecteaucomm.com\/en\/author\/perfecteau\/\"}]}<\/script>\n<!-- \/ Yoast SEO plugin. -->","yoast_head_json":{"title":"Le 12e FESTIVAL FONDU AU NOIR \/ FADE TO BLACK d\u00e9voile sa programmation - Perfecteau Comm","robots":{"index":"index","follow":"follow","max-snippet":"max-snippet:-1","max-image-preview":"max-image-preview:large","max-video-preview":"max-video-preview:-1"},"canonical":"https:\/\/www.perfecteaucomm.com\/en\/actualites\/le-12e-festival-fondu-au-noir-fade-to-black-devoile-sa-programmation\/","og_locale":"en_US","og_type":"article","og_title":"Le 12e FESTIVAL FONDU AU NOIR \/ FADE TO BLACK d\u00e9voile sa programmation - Perfecteau Comm","og_description":"Cr\u00e9\u00e9 par la Fondation Fabienne Colas et pr\u00e9sent\u00e9 par le Groupe Banque TDDans le cadre du Mois de l\u2019Histoire des Noirs8 au 12 F\u00c9VRIER 2023 | Infos : www.FONDUAUNOIR.ca INVIT\u00c9S D\u2019HONNEUR : DOMINIQUE ANGLADE, ILAM, AMINA GERBA, ZAB MABOUNGOU Montr\u00e9al, le 19 janvier 2023 \u2013 Le Festival Fondu au Noir, cr\u00e9\u00e9 par la Fondation Fabienne Colas et pr\u00e9sent\u00e9 par le Groupe Banque TD, souligne sa 12\u00e8me \u00e9dition du 8 au 12 f\u00e9vrier 2023, avec une formule sp\u00e9ciale en pr\u00e9sentiel et en ligne! Pour son retour en grande pompe depuis 2020, le festival mettra \u00e0 l\u2019honneur des femmes afro-descendantes chaque jour","og_url":"https:\/\/www.perfecteaucomm.com\/en\/actualites\/le-12e-festival-fondu-au-noir-fade-to-black-devoile-sa-programmation\/","og_site_name":"Perfecteau Comm","article_published_time":"2023-01-19T18:24:33+00:00","article_modified_time":"2023-02-22T22:32:04+00:00","og_image":[{"width":1920,"height":947,"url":"https:\/\/www.perfecteaucomm.com\/wp-content\/uploads\/2023\/01\/Aff_FAN23_Web.png","type":"image\/png"}],"author":"perfecteau","twitter_card":"summary_large_image","twitter_misc":{"Written by":"perfecteau","Est. reading time":"10 minutes"},"schema":{"@context":"https:\/\/schema.org","@graph":[{"@type":"Article","@id":"https:\/\/www.perfecteaucomm.com\/actualites\/le-12e-festival-fondu-au-noir-fade-to-black-devoile-sa-programmation\/#article","isPartOf":{"@id":"https:\/\/www.perfecteaucomm.com\/actualites\/le-12e-festival-fondu-au-noir-fade-to-black-devoile-sa-programmation\/"},"author":{"name":"perfecteau","@id":"https:\/\/www.perfecteaucomm.com\/#\/schema\/person\/6e8531918d9cb8157ee1a5075d81d5c7"},"headline":"Le 12e FESTIVAL FONDU AU NOIR \/ FADE TO BLACK d\u00e9voile sa programmation","datePublished":"2023-01-19T18:24:33+00:00","dateModified":"2023-02-22T22:32:04+00:00","mainEntityOfPage":{"@id":"https:\/\/www.perfecteaucomm.com\/actualites\/le-12e-festival-fondu-au-noir-fade-to-black-devoile-sa-programmation\/"},"wordCount":2097,"publisher":{"@id":"https:\/\/www.perfecteaucomm.com\/#organization"},"image":{"@id":"https:\/\/www.perfecteaucomm.com\/actualites\/le-12e-festival-fondu-au-noir-fade-to-black-devoile-sa-programmation\/#primaryimage"},"thumbnailUrl":"https:\/\/www.perfecteaucomm.com\/wp-content\/uploads\/2023\/01\/Aff_FAN23_Web.png","articleSection":["Actualit\u00e9s"],"inLanguage":"en-CA"},{"@type":"WebPage","@id":"https:\/\/www.perfecteaucomm.com\/actualites\/le-12e-festival-fondu-au-noir-fade-to-black-devoile-sa-programmation\/","url":"https:\/\/www.perfecteaucomm.com\/actualites\/le-12e-festival-fondu-au-noir-fade-to-black-devoile-sa-programmation\/","name":"Le 12e FESTIVAL FONDU AU NOIR \/ FADE TO BLACK d\u00e9voile sa programmation - Perfecteau Comm","isPartOf":{"@id":"https:\/\/www.perfecteaucomm.com\/#website"},"primaryImageOfPage":{"@id":"https:\/\/www.perfecteaucomm.com\/actualites\/le-12e-festival-fondu-au-noir-fade-to-black-devoile-sa-programmation\/#primaryimage"},"image":{"@id":"https:\/\/www.perfecteaucomm.com\/actualites\/le-12e-festival-fondu-au-noir-fade-to-black-devoile-sa-programmation\/#primaryimage"},"thumbnailUrl":"https:\/\/www.perfecteaucomm.com\/wp-content\/uploads\/2023\/01\/Aff_FAN23_Web.png","datePublished":"2023-01-19T18:24:33+00:00","dateModified":"2023-02-22T22:32:04+00:00","breadcrumb":{"@id":"https:\/\/www.perfecteaucomm.com\/actualites\/le-12e-festival-fondu-au-noir-fade-to-black-devoile-sa-programmation\/#breadcrumb"},"inLanguage":"en-CA","potentialAction":[{"@type":"ReadAction","target":["https:\/\/www.perfecteaucomm.com\/actualites\/le-12e-festival-fondu-au-noir-fade-to-black-devoile-sa-programmation\/"]}]},{"@type":"ImageObject","inLanguage":"en-CA","@id":"https:\/\/www.perfecteaucomm.com\/actualites\/le-12e-festival-fondu-au-noir-fade-to-black-devoile-sa-programmation\/#primaryimage","url":"https:\/\/www.perfecteaucomm.com\/wp-content\/uploads\/2023\/01\/Aff_FAN23_Web.png","contentUrl":"https:\/\/www.perfecteaucomm.com\/wp-content\/uploads\/2023\/01\/Aff_FAN23_Web.png","width":1920,"height":947},{"@type":"BreadcrumbList","@id":"https:\/\/www.perfecteaucomm.com\/actualites\/le-12e-festival-fondu-au-noir-fade-to-black-devoile-sa-programmation\/#breadcrumb","itemListElement":[{"@type":"ListItem","position":1,"name":"Accueil","item":"https:\/\/www.perfecteaucomm.com\/"},{"@type":"ListItem","position":2,"name":"Le 12e FESTIVAL FONDU AU NOIR \/ FADE TO BLACK d\u00e9voile sa programmation"}]},{"@type":"WebSite","@id":"https:\/\/www.perfecteaucomm.com\/#website","url":"https:\/\/www.perfecteaucomm.com\/","name":"Perfecteau Comm","description":"Agence de relations de presse","publisher":{"@id":"https:\/\/www.perfecteaucomm.com\/#organization"},"potentialAction":[{"@type":"SearchAction","target":{"@type":"EntryPoint","urlTemplate":"https:\/\/www.perfecteaucomm.com\/?s={search_term_string}"},"query-input":{"@type":"PropertyValueSpecification","valueRequired":true,"valueName":"search_term_string"}}],"inLanguage":"en-CA"},{"@type":"Organization","@id":"https:\/\/www.perfecteaucomm.com\/#organization","name":"Perfecteau Comm","url":"https:\/\/www.perfecteaucomm.com\/","logo":{"@type":"ImageObject","inLanguage":"en-CA","@id":"https:\/\/www.perfecteaucomm.com\/#\/schema\/logo\/image\/","url":"https:\/\/www.perfecteaucomm.com\/wp-content\/uploads\/2023\/01\/logo_perfecteau_fichier_final-2.png","contentUrl":"https:\/\/www.perfecteaucomm.com\/wp-content\/uploads\/2023\/01\/logo_perfecteau_fichier_final-2.png","width":1600,"height":704,"caption":"Perfecteau Comm"},"image":{"@id":"https:\/\/www.perfecteaucomm.com\/#\/schema\/logo\/image\/"}},{"@type":"Person","@id":"https:\/\/www.perfecteaucomm.com\/#\/schema\/person\/6e8531918d9cb8157ee1a5075d81d5c7","name":"perfecteau","sameAs":["https:\/\/perfecteaucomm.la-complice.com"],"url":"https:\/\/www.perfecteaucomm.com\/en\/author\/perfecteau\/"}]}},"_links":{"self":[{"href":"https:\/\/www.perfecteaucomm.com\/en\/wp-json\/wp\/v2\/posts\/337","targetHints":{"allow":["GET"]}}],"collection":[{"href":"https:\/\/www.perfecteaucomm.com\/en\/wp-json\/wp\/v2\/posts"}],"about":[{"href":"https:\/\/www.perfecteaucomm.com\/en\/wp-json\/wp\/v2\/types\/post"}],"author":[{"embeddable":true,"href":"https:\/\/www.perfecteaucomm.com\/en\/wp-json\/wp\/v2\/users\/1"}],"replies":[{"embeddable":true,"href":"https:\/\/www.perfecteaucomm.com\/en\/wp-json\/wp\/v2\/comments?post=337"}],"version-history":[{"count":2,"href":"https:\/\/www.perfecteaucomm.com\/en\/wp-json\/wp\/v2\/posts\/337\/revisions"}],"predecessor-version":[{"id":772,"href":"https:\/\/www.perfecteaucomm.com\/en\/wp-json\/wp\/v2\/posts\/337\/revisions\/772"}],"wp:featuredmedia":[{"embeddable":true,"href":"https:\/\/www.perfecteaucomm.com\/en\/wp-json\/wp\/v2\/media\/338"}],"wp:attachment":[{"href":"https:\/\/www.perfecteaucomm.com\/en\/wp-json\/wp\/v2\/media?parent=337"}],"wp:term":[{"taxonomy":"category","embeddable":true,"href":"https:\/\/www.perfecteaucomm.com\/en\/wp-json\/wp\/v2\/categories?post=337"},{"taxonomy":"post_tag","embeddable":true,"href":"https:\/\/www.perfecteaucomm.com\/en\/wp-json\/wp\/v2\/tags?post=337"}],"curies":[{"name":"wp","href":"https:\/\/api.w.org\/{rel}","templated":true}]}}