{"id":310,"date":"2022-01-31T12:36:13","date_gmt":"2022-01-31T17:36:13","guid":{"rendered":"https:\/\/perfecteaucomm.la-complice.com\/?p=310"},"modified":"2023-02-22T17:40:12","modified_gmt":"2023-02-22T22:40:12","slug":"le-11e-festival-fondu-au-noir-fade-to-black-devoile-sa-programmation","status":"publish","type":"post","link":"https:\/\/www.perfecteaucomm.com\/en\/actualites\/le-11e-festival-fondu-au-noir-fade-to-black-devoile-sa-programmation\/","title":{"rendered":"Le 11e FESTIVAL FONDU AU NOIR \/ FADE TO BLACK d\u00e9voile sa programmation"},"content":{"rendered":"\n<figure class=\"wp-block-image aligncenter size-large is-resized\"><img loading=\"lazy\" decoding=\"async\" src=\"https:\/\/perfecteaucomm.la-complice.com\/wp-content\/uploads\/2023\/01\/1920\u200a\u00d7\u200a947_AffFan2022-1024x505.jpg\" alt=\"\" class=\"wp-image-311\" width=\"512\" height=\"253\" srcset=\"https:\/\/www.perfecteaucomm.com\/wp-content\/uploads\/2023\/01\/1920\u200a\u00d7\u200a947_AffFan2022-1024x505.jpg 1024w, https:\/\/www.perfecteaucomm.com\/wp-content\/uploads\/2023\/01\/1920\u200a\u00d7\u200a947_AffFan2022-300x148.jpg 300w, https:\/\/www.perfecteaucomm.com\/wp-content\/uploads\/2023\/01\/1920\u200a\u00d7\u200a947_AffFan2022-768x379.jpg 768w, https:\/\/www.perfecteaucomm.com\/wp-content\/uploads\/2023\/01\/1920\u200a\u00d7\u200a947_AffFan2022-1536x758.jpg 1536w, https:\/\/www.perfecteaucomm.com\/wp-content\/uploads\/2023\/01\/1920\u200a\u00d7\u200a947_AffFan2022.jpg 1920w\" sizes=\"auto, (max-width: 512px) 100vw, 512px\" \/><\/figure>\n\n\n\n<p class=\"has-text-align-center\" id=\"viewer-fb216\"><strong>Le 11e FESTIVAL FONDU AU NOIR \/ FADE TO BLACK d\u00e9voile sa programmation<\/strong><\/p>\n\n\n\n<p class=\"has-text-align-center has-link-color wp-elements-ad8ca9a676e3e8bdc16e7631f856df6b\" id=\"viewer-dqhub\"><strong>Cr\u00e9\u00e9 par la Fondation Fabienne Colas et pr\u00e9sent\u00e9 par le Groupe Banque TD<\/strong><br><strong>Dans le cadre du Mois de l\u2019Histoire des Noirs<\/strong><br><strong>23 au 27 F\u00c9VRIER 2022 | Info :<\/strong><a rel=\"noreferrer noopener\" href=\"http:\/\/www.fonduaunoir.ca\/\" target=\"_blank\"><strong> www.FonduAuNoir.ca<\/strong><\/a><\/p>\n\n\n\n<p class=\"has-text-align-center\" id=\"viewer-di0c3\"><strong>INVIT\u00c9S D\u2019HONNEUR : BRUNY SURIN, DIDIER LUCIEN et GESSICA G\u00c9N\u00c9US<\/strong><\/p>\n\n\n\n<p class=\"has-link-color wp-elements-ea6c4b148ddf2849d263a2def18a990e\" id=\"viewer-4i5hc\"><em>Montr\u00e9al, le 31 janvier 2022<\/em> \u2013<strong> <\/strong>Fondu au Noir, <strong>le plus grand festival c\u00e9l\u00e9brant le Mois de l\u2019Histoire des Noirs au Qu\u00e9bec<\/strong>, tiendra sa 11e \u00e9dition du <strong>23 au 27 f\u00e9vrier 2022, 100% en ligne<\/strong>.<strong> <\/strong>Il pr\u00e9sentera une programmation pluridisciplinaire diversifi\u00e9e offrant un tour d\u2019horizon \u00e0 travers les arts et le sport de haut niveau tout en promettant de faire r\u00e9fl\u00e9chir et de susciter la discussion. Un programme contenant <strong>panels de<\/strong> <strong>discussion, grandes entrevues, cin\u00e9ma et spectacles de musique et th\u00e9\u00e2tre <\/strong>totalisant<strong> <\/strong>plus de<strong> 50 invit\u00e9s et artistes<\/strong>. Des personnalit\u00e9s connues du milieu culturel qu\u00e9b\u00e9cois et international seront \u00e0 l\u2019honneur, notamment <strong>Bruny Surin, Didier Lucien, Gessica G\u00e9n\u00e9us, Fabienne Colas, Fabrice Vil, Sabine Daniel, Rodney St-\u00c9loi, Diane Gistal, Julie Barbeau, Diego Brice\u00f1o et plusieurs autres<\/strong>.<strong> <\/strong>Les billets, les bandes annonces et les d\u00e9tails sont disponibles sur <a rel=\"noreferrer noopener\" href=\"http:\/\/www.fonduaunoir.ca\/\" target=\"_blank\"><u>www.fonduaunoir.ca<\/u><\/a><\/p>\n\n\n\n<p id=\"viewer-2a2uk\">\u00ab Je suis tr\u00e8s fi\u00e8re de pouvoir compter sur une \u00e9quipe qui se surpasse et qui, malgr\u00e9 un contexte pand\u00e9mique encore difficile cette ann\u00e9e, a r\u00e9ussi \u00e0 se relever les manches pour cr\u00e9er un contenu rafra\u00eechissant et innovateur. La programmation tr\u00e8s riche offre une palette de sujets et de d\u00e9bats dans la positivit\u00e9. \u00bb a d\u00e9clar\u00e9 <strong>Fabienne Colas<\/strong>, pr\u00e9sidente-fondatrice du Festival Fondu au Noir. \u00ab Je tiens \u00e9galement \u00e0 remercier le Groupe Banque TD, dont le soutien nous est si important, depuis les tout d\u00e9buts du Festival. Et bien s\u00fbr, notre fid\u00e8le public, toujours au rendez-vous. Bon festival \u00e0 tous !!! \u00bb<\/p>\n\n\n\n<p>\u00ab Au cours d\u2019une ann\u00e9e o\u00f9 tout s\u2019est encore d\u00e9roul\u00e9 sous forme virtuelle, les organismes des communaut\u00e9s noires partout au Canada ont continu\u00e9 \u00e0 s\u2019adapter, \u00e0 innover et \u00e0 pr\u00f4ner le changement, \u00bb affirme <strong>Sylvie Demers<\/strong>, Pr\u00e9sidente, Direction du Qu\u00e9bec, Groupe Banque TD. \u00ab Par l\u2019entremise de La promesse TD Pr\u00eats \u00e0 agir, nous sommes fiers d\u2019appuyer des occasions comme le Festival Fondu au Noir qui rassemblent les gens et aident \u00e0 outiller, inspirer et renforcer davantage les communaut\u00e9s noires. \u00bb<\/p>\n\n\n\n<p class=\"has-text-align-center has-link-color wp-elements-45e5cb75ca9f529e2bf0d082fc67e47d\" id=\"viewer-5jode\"><strong>11e Festival Fondu au Noir<\/strong>, cr\u00e9\u00e9 par la Fondation Fabienne Colas, est pr\u00e9sent\u00e9 par le <strong>Groupe<\/strong> <strong>Banque TD <\/strong>du<strong> 23 au 27 f\u00e9vrier 2022<\/strong>. <br>Programmation compl\u00e8te sur <a rel=\"noreferrer noopener\" href=\"http:\/\/www.fonduaunoir.ca\/\" target=\"_blank\"><u>www.fonduaunoir.ca<\/u><\/a><\/p>\n\n\n\n<p class=\"has-text-align-center has-link-color wp-elements-e24537093b2c9b8b7f157698a2e33e91\" id=\"viewer-5rlj8\"><strong>LES GRANDES ENTREVUES<\/strong><br><strong>Infos disponibles sur <\/strong><a rel=\"noreferrer noopener\" href=\"http:\/\/www.fonduaunoir.ca\/\" target=\"_blank\"><strong><u>www.FonduAuNoir.ca<\/u><\/strong><\/a><\/p>\n\n\n\n<p id=\"viewer-9h7td\"><strong>SOIR\u00c9E D\u2019OUVERTURE :<\/strong><br><strong>Discussion avec le champion olympique BRUNY SURIN<\/strong><br><strong>Mercredi 23 f\u00e9vrier 2022 \u2013 19h \u2013 Gratuit<\/strong><br><strong>En partenariat avec Pour 3 Points<\/strong><br><strong>Mod\u00e9r\u00e9e par Fabrice Vil, fondateur de Pour 3 Points.<\/strong><\/p>\n\n\n\n<p>Rencontre avec le champion olympique Bruny Surin, m\u00e9daill\u00e9 d\u2019or au relais 4 x 100 m aux Jeux Olympiques de 1996 et nouveau membre de l\u2019Ordre du Canada. L\u2019athl\u00e8te de haut niveau, d\u2019origine canado-ha\u00eftienne, continue de servir la communaut\u00e9 \u00e0 travers la Fondation Bruny Surin en accompagnant les jeunes sportifs dans la poursuite de leur objectif, \u00e0 croire en eux et \u00e0 se surpasser. Cette rencontre permettra de faire un retour sur la carri\u00e8re de l\u2019athl\u00e8te, 25 ans apr\u00e8s avoir d\u00e9croch\u00e9 la m\u00e9daille olympique aux \u00c9tats-Unis, \u00e0 Atlanta, tout en s\u2019attardant sur le conf\u00e9rencier et coach d&#8217;affaires hors pair qu\u2019il est devenu.<\/p>\n\n\n\n<p id=\"viewer-b2alb\"><strong>En t\u00eate-\u00e0-t\u00eate avec le com\u00e9dien, auteur et metteur en sc\u00e8ne DIDIER LUCIEN<\/strong><br><strong>Jeudi 24 f\u00e9vrier 2022 \u2013 19h &#8211; Gratuit<\/strong><br><strong>En partenariat avec Duceppe<\/strong><br><strong>Mod\u00e9r\u00e9e par Sabine Daniel, animatrice et productrice.<\/strong><\/p>\n\n\n\n<p id=\"viewer-dvm6q\">Le Festival Fondu au Noir rend hommage au grand acteur Didier Lucien \u00e0 travers la r\u00e9trospective d\u2019une carri\u00e8re des plus fructueuses dans le cin\u00e9ma et le th\u00e9\u00e2tre.<\/p>\n\n\n\n<p id=\"viewer-fgidd\">Depuis sa sortie de l\u2019\u00c9cole Nationale de Th\u00e9\u00e2tre en 1994, Didier Lucien s\u2019est taill\u00e9 une place de choix dans le c\u0153ur du public. Il laissera sa marque autant au th\u00e9\u00e2tre (plus d\u2019une trentaine de productions) qu\u2019\u00e0 la t\u00e9l\u00e9vision et au cin\u00e9ma (plus d\u2019une cinquantaine de projets combin\u00e9s). Com\u00e9dien, auteur, metteur en sc\u00e8ne, animateur, Didier se d\u00e9marque comme un grand artiste polyvalent qui continue, malgr\u00e9 son succ\u00e8s, d\u2019ajouter des cordes \u00e0 son arc.<\/p>\n\n\n\n<p id=\"viewer-543jj\">Malgr\u00e9 la pand\u00e9mie, Didier n\u2019a pas ralenti la cadence et continue de travailler sur plusieurs projets. Il a \u00e9t\u00e9 porte-parole pour la F\u00eate Nationale en 2020, a particip\u00e9 \u00e0 un laboratoire de th\u00e9\u00e2tre au TNM avec la pi\u00e8ce Abraham Lincoln va au Th\u00e9\u00e2tre et a continu\u00e9 de tourner sur quelques s\u00e9ries dont L\u00e9o, Alix et les Merveilleux, Cam\u00e9ra Caf\u00e9 et Les Beaux Malaises. Il fera partie de la saison 3 de La Faille et a plusieurs projets de pr\u00e9vus jusqu\u2019\u00e0 2023!<\/p>\n\n\n\n<p id=\"viewer-c0mil\"><strong>SOIR\u00c9E DE CL\u00d4TURE :<\/strong><br><strong>\u00c0 c\u0153ur ouvert avec la r\u00e9alisatrice GESSICA G\u00c9N\u00c9US<\/strong><br><strong>Dimanche 27 f\u00e9vrier 2022 \u2013 19h \u2013 Gratuit<\/strong><br><strong>Mod\u00e9r\u00e9e par Fabienne Colas, actrice, r\u00e9alisatrice, productrice, entrepreneuse, fondatrice du Festival du Film Black de Montr\u00e9al.<\/strong><\/p>\n\n\n\n<p id=\"viewer-fhssv\">Une rencontre \u00e0 c\u0153ur ouvert au sujet de la carri\u00e8re professionnelle de Gessica G\u00e9n\u00e9us et de son film \u00e0 grand succ\u00e8s international, <em>Freda<\/em>.<\/p>\n\n\n\n<p id=\"viewer-ckkf0\"><em>Freda<\/em> est le premier long-m\u00e9trage de fiction de Gessica G\u00e9n\u00e9us. Le film remporte la mention sp\u00e9ciale D\u00e9couverte du prix Fran\u00e7ois Chalais \u00e0 la 74e \u00e9dition du Festival International du Film de Cannes. Il remporte \u00e9galement l&#8217;\u00c9talon d&#8217;argent de Yennenga du 27e Festival panafricain du cin\u00e9ma et de la t\u00e9l\u00e9vision de Ouagadougou (FESPACO). Freda a \u00e9galement remport\u00e9 le prix du meilleur son (FESPACO).<\/p>\n\n\n\n<p class=\"has-text-align-center has-link-color wp-elements-90898c78ad265c9b852f5c264b9ea002\" id=\"viewer-9fm2i\"><strong>LES SPECTACLES MUSICAUX<\/strong><br><strong>Infos disponibles sur <\/strong><a rel=\"noreferrer noopener\" href=\"http:\/\/www.fonduaunoir.ca\/\" target=\"_blank\"><strong><u>www.FonduAuNoir.ca<\/u><\/strong><\/a><\/p>\n\n\n\n<p class=\"has-text-align-center\" id=\"viewer-2k08p\"><strong>SOIR\u00c9E D\u2019OUVERTURE :<\/strong><\/p>\n\n\n\n<p id=\"viewer-8mltj\"><strong>MALIKA TIROLIEN<\/strong><br><strong>Mercredi 23 f\u00e9vrier 2022 \u2013 20h30 \u2013 Gratuit<\/strong><\/p>\n\n\n\n<p>Originaire de la Guadeloupe et bas\u00e9e \u00e0 Montr\u00e9al, Malika Tirolien a deux albums solos \u00e0 son actif, en plus d\u2019\u00eatre chanteuse du groupe Bokant\u00e9 (nomination aux Grammys en 2020, tourn\u00e9e dans plus de 20 pays). Son plus r\u00e9cent opus, HIGHER (2021), m\u00e9lange la soul, le r&amp;b, le funk, avec quelques touches de jazz. Malika est accompagn\u00e9e sur sc\u00e8ne de son guitariste Philippe Lallier.<\/p>\n\n\n\n<p id=\"viewer-9tmmn\"><strong>FUNK LION<\/strong><br><strong>Samedi 26 f\u00e9vrier 2022 \u2013 19h \u2013 Gratuit<\/strong><\/p>\n\n\n\n<p id=\"viewer-813ha\">Funk Lion, Qu\u00e9b\u00e9cois d&#8217;origine ha\u00eftienne, compose ses histoires de qu\u00eate de l\u2019Eldorado comme un manifeste po\u00e9tique du d\u00e9racinement. Avec son \u00ab rock fauve et autres psych\u00e9d\u00e9lices \u00bb qui donne autant dans l\u2019afrobeat du futur que dans le chant negro-spiritual, le vaudou-funk ou le rock, l&#8217;exp\u00e9rience Funk Lion se vit \u00e0 la mani\u00e8re d&#8217;un carnaval psych\u00e9d\u00e9lique d\u00e9complex\u00e9.<\/p>\n\n\n\n<p id=\"viewer-6he76\"><strong>SOIR\u00c9E DE CL\u00d4TURE :<\/strong><br><strong>REBECCA JEAN<\/strong><br><strong>Dimanche 27 f\u00e9vrier 2022 \u2013 20h30 \u2013 Gratuit<\/strong><\/p>\n\n\n\n<p id=\"viewer-2c1kk\">Dans un univers intimiste, Rebecca Jean et ses musiciens vous proposent un voyage sur des rythmes m\u00e9tiss\u00e9s o\u00f9 se marient les sons du violon, du piano et de la guitare.<\/p>\n\n\n\n<p class=\"has-text-align-center has-link-color wp-elements-e02facf72e7cc476c3774e379acd57d6\" id=\"viewer-fvjec\"><strong>CIN\u00c9MA<\/strong><br><strong>Billets disponibles sur <\/strong><a rel=\"noreferrer noopener\" href=\"http:\/\/www.fonduaunoir.ca\/\" target=\"_blank\"><strong><u>www.FonduAuNoir.ca<\/u><\/strong><\/a><br><strong>19,00$ ( +tx et frais)<\/strong><\/p>\n\n\n\n<p id=\"viewer-9m298\">L\u2019\u00e9quipe de programmation du Festival Fondu au Noir tient \u00e0 souligner le talent, la pers\u00e9v\u00e9rance et le succ\u00e8s de cin\u00e9astes afro-qu\u00e9b\u00e9cois, qui ont su tr\u00e8s bien se d\u00e9marquer entre 2019 et 2021.<\/p>\n\n\n\n<p id=\"viewer-9seq4\"><strong>SOIR\u00c9E D\u2019OUVERTURE :<\/strong><\/p>\n\n\n\n<p id=\"viewer-bgmmm\"><strong>Mercredi 23 f\u00e9vrier 2022 \u2013 17h \u2013<\/strong><\/p>\n\n\n\n<ol class=\"wp-block-list\">\n<li><em>La cit\u00e9 des autres<\/em>, Justice Rutikara<\/li>\n\n\n\n<li><em>Ousmane<\/em>, Jorge Camarotti<\/li>\n\n\n\n<li><em>En ta paume<\/em>, Malcom Odd<\/li>\n\n\n\n<li><em>Fanmi<\/em>, Carmine Pierre-Dufour<\/li>\n\n\n\n<li><em>Zab Maboungou<\/em>, Carmine Pierre- Dufour<\/li>\n<\/ol>\n\n\n\n<p id=\"viewer-a4gaj\"><strong>\u00caTRE NOIR.E \u00c0 MONTR\u00c9AL<\/strong><\/p>\n\n\n\n<p id=\"viewer-2fj3d\">Le Festival Fondu au Noir vous invite \u00e0 visionner les courts-m\u00e9trages documentaires <strong>\u00catre Noir.e \u00e0 Montr\u00e9al de la cohorte francophone<\/strong> (\u00e9dition 2020).<\/p>\n\n\n\n<ul class=\"wp-block-list\">\n<li><strong>ENVERS ET CONTRE TOUT<\/strong> par Kimberley Ann Surin<\/li>\n\n\n\n<li><strong>IB\u00c0NGA<\/strong> par Tania Doumbe Fines<\/li>\n\n\n\n<li><strong>KASE CHENN<\/strong> par Nits\u00e9 Mathelier<\/li>\n\n\n\n<li><strong>NOEUDS<\/strong> par A\u00efcha Morin-Bald\u00e9<\/li>\n\n\n\n<li><strong>NUANCE<\/strong> par Cassandre Gr\u00e9goire<\/li>\n<\/ul>\n\n\n\n<p>Le Festival Fondu au Noir est fier de pr\u00e9senter les <strong>5 court-m\u00e9trages documentaires francophones<\/strong> de \u00catre Noir.e \u00e0 Montr\u00e9al de l\u2019\u00e9dition <strong>2020 <\/strong>du<strong> <\/strong>programme <strong>\u00catre Noir au Canada<\/strong> de la Fondation Fabienne Colas. Un programme pr\u00e9sent\u00e9 par <strong>Netflix<\/strong>, en collaboration avec la <strong>Banque Nationale<\/strong>, et support\u00e9 par <strong>T\u00e9l\u00e9film Canada,<\/strong> le<strong> Conseil des arts du Canada, CALQ, SODEC, le Conseil des Arts de Montr\u00e9al.<\/strong><\/p>\n\n\n\n<p class=\"has-text-align-center has-link-color wp-elements-9052d7d28281838821592378cec78cdc\" id=\"viewer-2c02j\"><strong>DISCUSSIONS ET TABLES RONDES<\/strong><br><strong>Infos disponibles sur <\/strong><a rel=\"noreferrer noopener\" href=\"http:\/\/www.fonduaunoir.ca\/\" target=\"_blank\"><strong><u>www.FonduAuNoir.ca<\/u><\/strong><\/a><\/p>\n\n\n\n<p>Cinq panels de discussion et tables rondes seront pr\u00e9sent\u00e9s gratuitement en ligne. La 11\u00e8me \u00e9dition du Festival Fondu au Noir met en lumi\u00e8re des sujets chauds avec des leaders noir.e.s d\u2019exception.<\/p>\n\n\n\n<p id=\"viewer-2j03j\"><strong>Panel 1 \u2013 Vivre avec l\u2019an\u00e9mie falciforme; le combat d\u2019une vie.<\/strong><br><strong>Jeudi 24 f\u00e9vrier 2022 \u2013 17h \u2013 Gratuit<\/strong><br><strong>Pr\u00e9sent\u00e9 par H\u00e9ma-Qu\u00e9bec<\/strong><\/p>\n\n\n\n<p id=\"viewer-c2uo4\"><strong>Mod\u00e9ratrice : Dorothy Alexandre, <\/strong>entrepreneuse en communication<br><strong>Pan\u00e9listes : Dre Yvette Bonny<\/strong>, p\u00e9diatre-h\u00e9matologue,<strong> Naderge Ceneston, <\/strong>conseill\u00e8re au d\u00e9veloppement des communaut\u00e9s culturelles et infirmi\u00e8re \u00e0 H\u00e9ma-Qu\u00e9bec, <strong>Teddy Hom\u00e8re, <\/strong>receveur de sang, <strong>Jean-Woodley Viel, <\/strong>donneur de sang qui c\u00f4toie l&#8217;an\u00e9mie falciforme de pr\u00e8s depuis toujours.<\/p>\n\n\n\n<p id=\"viewer-7cr6k\"><strong>Panel 2 \u2013 \u00c9tat du financement et reconnaissance des artistes noir.e.s dans les arts visuels<\/strong><br><strong>Vendredi 25 f\u00e9vrier 2022 \u2013 17h \u2013 Gratuit<\/strong><br><strong>En partenariat avec Nigra Iuventa<\/strong><\/p>\n\n\n\n<p id=\"viewer-5lbk6\"><strong>Mod\u00e9ratrice : Diane Gistal, <\/strong>commissaire ind\u00e9pendante et fondatrice de Nigra Iuventa<br><strong>Pan\u00e9listes : Malcom Odd,<\/strong> artiste multidisciplinaire, <strong>Eve Tagny,<\/strong> artiste visuelle et multidisciplinaire, <strong>Moridja Kitenge Banza, <\/strong>artiste multidisciplinaire, <strong>et Anna Binta Diallo<\/strong>, artiste multidisciplinaire<\/p>\n\n\n\n<p id=\"viewer-68l8f\"><strong>Panel 3 &#8211; Le legs de Martin Luther King et l&#8217;autonomisation de la parole dans le th\u00e9\u00e2tre &#8211; Discussion apr\u00e8s la pi\u00e8ce <em>Au Sommet de la Montagne<\/em> &#8211;<\/strong><br><strong>Vendredi 25 f\u00e9vrier 2022 \u2013 20h \u2013 Vente de billets \u00e0 venir &#8211; \u00c9v\u00e9nement en pr\u00e9sentiel<\/strong><br><strong>Copr\u00e9sent\u00e9 par Duceppe<\/strong><\/p>\n\n\n\n<p>Le Festival Fondu au Noir s\u2019associe pour la premi\u00e8re fois avec le th\u00e9\u00e2tre Duceppe afin de copr\u00e9senter une discussion en marge de la pi\u00e8ce <em>Au sommet de la montagne<\/em>, mettant en sc\u00e8ne les derni\u00e8res heures de la vie de Martin Luther King, interpr\u00e9t\u00e9e par Didier Lucien et Sharon James. Apr\u00e8s la repr\u00e9sentation, le public assistera \u00e0 un \u00e9change sur la question de la prise de parole des communaut\u00e9s noires dans le milieu du th\u00e9\u00e2tre ainsi que du legs de Martin Luther King aux g\u00e9n\u00e9rations actuelles. Pr\u00e8s d\u2019un demi-si\u00e8cle plus tard, l\u2019influence de Martin Luther King est-elle toujours pr\u00e9sente? Y-a-t-il une identification encore tr\u00e8s forte des communaut\u00e9s noires envers le militant afro-am\u00e9ricain des droits civiques et si tel est le cas, comment portent-elles ce legs aujourd\u2019hui?<\/p>\n\n\n\n<p><strong>Invit\u00e9.e.s: Didier Lucien, <\/strong>com\u00e9dien, auteur, metteur en sc\u00e8ne, <strong>Sharon James, <\/strong>com\u00e9dienne, <strong>\u00c9dith Kabuya, <\/strong>autrice et sc\u00e9nariste, <strong>Marilou Craft, <\/strong>autrice et conseill\u00e8re dramaturgique, et<strong> Myriam Fehmiu,<\/strong> animatrice et journaliste culturelle.<\/p>\n\n\n\n<p id=\"viewer-4udr0\"><strong>Panel 4 \u2013 Racisme: parlons-en pour un vivre-ensemble<\/strong><br><strong>Samedi 26 f\u00e9vrier 2022 \u2013 17h \u2013 Gratuit<\/strong><br><strong>En collaboration avec M\u00e9moire d\u2019encrier<\/strong><\/p>\n\n\n\n<p id=\"viewer-eba8s\"><strong>Mod\u00e9rateur: Gilles Bibeau,<\/strong> anthropologue m\u00e9dical, professeur \u00e9m\u00e9rite \u00e0 l\u2019Universit\u00e9 de Montr\u00e9al<br><strong>Pan\u00e9listes : Rodney Saint-\u00c9loi, <\/strong>\u00e9crivain, po\u00e8te, essayiste, \u00e9diteur, fondateur de M\u00e9moire d&#8217;encrier et co-auteur du livre <em>Les racistes n\u2019ont jamais vu la mer<\/em>, <strong>Yara El-Ghadban,<\/strong> romanci\u00e8re, anthropologue et co-auteure du livre <em>Les racistes n\u2019ont jamais vu la mer<\/em>, <strong>Bochra Mana\u00ef,<\/strong> commissaire &#8211; Lutte contre le racisme et les discriminations syst\u00e9miques \u00e0 la Ville de Montr\u00e9al, <strong>et Odile Joannette<\/strong>, directrice au programme de subventions des arts autochtones au Conseils des arts du Canada.<\/p>\n\n\n\n<p id=\"viewer-4h398\"><strong>Panel 5 \u2013 Le comparatif France &#8211; Qu\u00e9bec: Une industrie cin\u00e9matographique plus inclusive envers les personnes racis\u00e9es?<\/strong><br><strong>Dimanche 27 f\u00e9vrier \u2013 17h \u2013 Gratuit<\/strong><br><strong>Soutenu par le Collectif des Cin\u00e9astes Non Align\u00e9es.<\/strong><\/p>\n\n\n\n<p id=\"viewer-63sse\"><strong>Mod\u00e9ratrice : Julie Barbeau:<\/strong> com\u00e9dienne, animatrice et chanteuse<br><strong>Pan\u00e9listes : FRANCE<\/strong>: <strong>Nadia Meflah,<\/strong> auteure, critique et charg\u00e9e de programmation pour divers festivals, <strong>Pascale Obolo, <\/strong>cin\u00e9aste, r\u00e9dactrice en chef de la revue d\u2019art Afrikadaa, curatrice<br><strong>QU\u00c9BEC:<\/strong> <strong>Diego Brice\u00f1o,<\/strong> producteur, r\u00e9alisateur et responsable Soutien au groupe sous repr\u00e9sent\u00e9 chez Fond des M\u00e9dias du Canada,<strong> Eva Kabuya,<\/strong> r\u00e9alisatrice et sc\u00e9nariste<\/p>\n\n\n\n<p class=\"has-text-align-center has-link-color wp-elements-5c309df55382e39b4034428f5be5334a\"><strong>Le 11e Festival Fondu au Noir,<\/strong> cr\u00e9\u00e9 par la Fondation Fabienne Colas, est pr\u00e9sent\u00e9 par le <strong>Groupe<\/strong> <strong>Banque TD <\/strong>du<strong> 23 au 27 f\u00e9vrier 2022. <\/strong>Programmation compl\u00e8te sur <a rel=\"noreferrer noopener\" href=\"http:\/\/www.fonduaunoir.ca\/\" target=\"_blank\">www.fonduaunoir.ca<\/a><\/p>\n\n\n\n<p class=\"has-link-color wp-elements-20f4eabc90f8a2ce6b387f49e362bd2c\" id=\"viewer-8npo3\"><strong>\u00c0 PROPOS DU FESTIVAL FONDU AU NOIR \/ FADE TO BLACK<\/strong><br>Cr\u00e9\u00e9 par la Fondation Fabienne Colas, organisme artistique sans but lucratif vou\u00e9 \u00e0 l\u2019avancement de l\u2019\u00e9ducation \u00e0 travers les arts, FONDU AU NOIR repr\u00e9sente le plus grand festival c\u00e9l\u00e9brant le Mois de l\u2019Histoire des Noirs au Qu\u00e9bec. Il permet de se rappeler du pass\u00e9 afin de savourer le pr\u00e9sent et de mieux avancer vers l&#8217;avenir \u00e0 travers un programme artistique musical avec un volet pluridisciplinaire. FONDU AU NOIR veut : encourager l&#8217;ouverture \u00e0 la diversit\u00e9 ainsi que promouvoir la compr\u00e9hension interculturelle et la sensibilisation, gr\u00e2ce \u00e0 des programmes qui provoquent, \u00e9duquent et divertissent. <a rel=\"noreferrer noopener\" href=\"http:\/\/www.fonduaunoir.ca\/\" target=\"_blank\"><u>www.fonduaunoir.ca<\/u><\/a><\/p>\n\n\n\n<p id=\"viewer-6c83d\"><strong><u>Contact<\/u><\/strong> :<br>V\u00e9ronique Fecteau | Relationniste | veronique@perfecteaucomm.com | 514-893-0772<\/p>\n","protected":false},"excerpt":{"rendered":"<p>Le 11e FESTIVAL FONDU AU NOIR \/ FADE TO BLACK d\u00e9voile sa programmation Cr\u00e9\u00e9 par la Fondation Fabienne Colas et pr\u00e9sent\u00e9 par le Groupe Banque TDDans le cadre du Mois de l\u2019Histoire des Noirs23 au 27 F\u00c9VRIER 2022 | Info : www.FonduAuNoir.ca INVIT\u00c9S D\u2019HONNEUR : BRUNY SURIN, DIDIER LUCIEN et GESSICA G\u00c9N\u00c9US Montr\u00e9al, le 31 janvier 2022 \u2013 Fondu au Noir, le plus grand festival c\u00e9l\u00e9brant le Mois de l\u2019Histoire des Noirs au Qu\u00e9bec, tiendra sa 11e \u00e9dition du 23 au 27 f\u00e9vrier 2022, 100% en ligne. Il pr\u00e9sentera une programmation pluridisciplinaire diversifi\u00e9e offrant un tour d\u2019horizon \u00e0 travers les<\/p>\n","protected":false},"author":1,"featured_media":0,"comment_status":"closed","ping_status":"closed","sticky":false,"template":"","format":"standard","meta":{"footnotes":""},"categories":[20],"tags":[],"class_list":["post-310","post","type-post","status-publish","format-standard","hentry","category-actualites"],"yoast_head":"<!-- This site is optimized with the Yoast SEO plugin v25.5 - https:\/\/yoast.com\/wordpress\/plugins\/seo\/ -->\n<title>Le 11e FESTIVAL FONDU AU NOIR \/ FADE TO BLACK d\u00e9voile sa programmation - Perfecteau Comm<\/title>\n<meta name=\"robots\" content=\"index, follow, max-snippet:-1, max-image-preview:large, max-video-preview:-1\" \/>\n<link rel=\"canonical\" href=\"https:\/\/www.perfecteaucomm.com\/en\/actualites\/le-11e-festival-fondu-au-noir-fade-to-black-devoile-sa-programmation\/\" \/>\n<meta property=\"og:locale\" content=\"en_US\" \/>\n<meta property=\"og:locale:alternate\" content=\"fr_CA\" \/>\n<meta property=\"og:type\" content=\"article\" \/>\n<meta property=\"og:title\" content=\"Le 11e FESTIVAL FONDU AU NOIR \/ FADE TO BLACK d\u00e9voile sa programmation - Perfecteau Comm\" \/>\n<meta property=\"og:description\" content=\"Le 11e FESTIVAL FONDU AU NOIR \/ FADE TO BLACK d\u00e9voile sa programmation Cr\u00e9\u00e9 par la Fondation Fabienne Colas et pr\u00e9sent\u00e9 par le Groupe Banque TDDans le cadre du Mois de l\u2019Histoire des Noirs23 au 27 F\u00c9VRIER 2022 | Info : www.FonduAuNoir.ca INVIT\u00c9S D\u2019HONNEUR : BRUNY SURIN, DIDIER LUCIEN et GESSICA G\u00c9N\u00c9US Montr\u00e9al, le 31 janvier 2022 \u2013 Fondu au Noir, le plus grand festival c\u00e9l\u00e9brant le Mois de l\u2019Histoire des Noirs au Qu\u00e9bec, tiendra sa 11e \u00e9dition du 23 au 27 f\u00e9vrier 2022, 100% en ligne. Il pr\u00e9sentera une programmation pluridisciplinaire diversifi\u00e9e offrant un tour d\u2019horizon \u00e0 travers les\" \/>\n<meta property=\"og:url\" content=\"https:\/\/www.perfecteaucomm.com\/en\/actualites\/le-11e-festival-fondu-au-noir-fade-to-black-devoile-sa-programmation\/\" \/>\n<meta property=\"og:site_name\" content=\"Perfecteau Comm\" \/>\n<meta property=\"article:published_time\" content=\"2022-01-31T17:36:13+00:00\" \/>\n<meta property=\"article:modified_time\" content=\"2023-02-22T22:40:12+00:00\" \/>\n<meta name=\"author\" content=\"perfecteau\" \/>\n<meta name=\"twitter:card\" content=\"summary_large_image\" \/>\n<meta name=\"twitter:label1\" content=\"Written by\" \/>\n\t<meta name=\"twitter:data1\" content=\"perfecteau\" \/>\n\t<meta name=\"twitter:label2\" content=\"Est. reading time\" \/>\n\t<meta name=\"twitter:data2\" content=\"11 minutes\" \/>\n<script type=\"application\/ld+json\" class=\"yoast-schema-graph\">{\"@context\":\"https:\/\/schema.org\",\"@graph\":[{\"@type\":\"Article\",\"@id\":\"https:\/\/www.perfecteaucomm.com\/actualites\/le-11e-festival-fondu-au-noir-fade-to-black-devoile-sa-programmation\/#article\",\"isPartOf\":{\"@id\":\"https:\/\/www.perfecteaucomm.com\/actualites\/le-11e-festival-fondu-au-noir-fade-to-black-devoile-sa-programmation\/\"},\"author\":{\"name\":\"perfecteau\",\"@id\":\"https:\/\/www.perfecteaucomm.com\/#\/schema\/person\/6e8531918d9cb8157ee1a5075d81d5c7\"},\"headline\":\"Le 11e FESTIVAL FONDU AU NOIR \/ FADE TO BLACK d\u00e9voile sa programmation\",\"datePublished\":\"2022-01-31T17:36:13+00:00\",\"dateModified\":\"2023-02-22T22:40:12+00:00\",\"mainEntityOfPage\":{\"@id\":\"https:\/\/www.perfecteaucomm.com\/actualites\/le-11e-festival-fondu-au-noir-fade-to-black-devoile-sa-programmation\/\"},\"wordCount\":2162,\"publisher\":{\"@id\":\"https:\/\/www.perfecteaucomm.com\/#organization\"},\"articleSection\":[\"Actualit\u00e9s\"],\"inLanguage\":\"en-CA\"},{\"@type\":\"WebPage\",\"@id\":\"https:\/\/www.perfecteaucomm.com\/actualites\/le-11e-festival-fondu-au-noir-fade-to-black-devoile-sa-programmation\/\",\"url\":\"https:\/\/www.perfecteaucomm.com\/actualites\/le-11e-festival-fondu-au-noir-fade-to-black-devoile-sa-programmation\/\",\"name\":\"Le 11e FESTIVAL FONDU AU NOIR \/ FADE TO BLACK d\u00e9voile sa programmation - Perfecteau Comm\",\"isPartOf\":{\"@id\":\"https:\/\/www.perfecteaucomm.com\/#website\"},\"datePublished\":\"2022-01-31T17:36:13+00:00\",\"dateModified\":\"2023-02-22T22:40:12+00:00\",\"breadcrumb\":{\"@id\":\"https:\/\/www.perfecteaucomm.com\/actualites\/le-11e-festival-fondu-au-noir-fade-to-black-devoile-sa-programmation\/#breadcrumb\"},\"inLanguage\":\"en-CA\",\"potentialAction\":[{\"@type\":\"ReadAction\",\"target\":[\"https:\/\/www.perfecteaucomm.com\/actualites\/le-11e-festival-fondu-au-noir-fade-to-black-devoile-sa-programmation\/\"]}]},{\"@type\":\"BreadcrumbList\",\"@id\":\"https:\/\/www.perfecteaucomm.com\/actualites\/le-11e-festival-fondu-au-noir-fade-to-black-devoile-sa-programmation\/#breadcrumb\",\"itemListElement\":[{\"@type\":\"ListItem\",\"position\":1,\"name\":\"Accueil\",\"item\":\"https:\/\/www.perfecteaucomm.com\/\"},{\"@type\":\"ListItem\",\"position\":2,\"name\":\"Le 11e FESTIVAL FONDU AU NOIR \/ FADE TO BLACK d\u00e9voile sa programmation\"}]},{\"@type\":\"WebSite\",\"@id\":\"https:\/\/www.perfecteaucomm.com\/#website\",\"url\":\"https:\/\/www.perfecteaucomm.com\/\",\"name\":\"Perfecteau Comm\",\"description\":\"Agence de relations de presse\",\"publisher\":{\"@id\":\"https:\/\/www.perfecteaucomm.com\/#organization\"},\"potentialAction\":[{\"@type\":\"SearchAction\",\"target\":{\"@type\":\"EntryPoint\",\"urlTemplate\":\"https:\/\/www.perfecteaucomm.com\/?s={search_term_string}\"},\"query-input\":{\"@type\":\"PropertyValueSpecification\",\"valueRequired\":true,\"valueName\":\"search_term_string\"}}],\"inLanguage\":\"en-CA\"},{\"@type\":\"Organization\",\"@id\":\"https:\/\/www.perfecteaucomm.com\/#organization\",\"name\":\"Perfecteau Comm\",\"url\":\"https:\/\/www.perfecteaucomm.com\/\",\"logo\":{\"@type\":\"ImageObject\",\"inLanguage\":\"en-CA\",\"@id\":\"https:\/\/www.perfecteaucomm.com\/#\/schema\/logo\/image\/\",\"url\":\"https:\/\/www.perfecteaucomm.com\/wp-content\/uploads\/2023\/01\/logo_perfecteau_fichier_final-2.png\",\"contentUrl\":\"https:\/\/www.perfecteaucomm.com\/wp-content\/uploads\/2023\/01\/logo_perfecteau_fichier_final-2.png\",\"width\":1600,\"height\":704,\"caption\":\"Perfecteau Comm\"},\"image\":{\"@id\":\"https:\/\/www.perfecteaucomm.com\/#\/schema\/logo\/image\/\"}},{\"@type\":\"Person\",\"@id\":\"https:\/\/www.perfecteaucomm.com\/#\/schema\/person\/6e8531918d9cb8157ee1a5075d81d5c7\",\"name\":\"perfecteau\",\"sameAs\":[\"https:\/\/perfecteaucomm.la-complice.com\"],\"url\":\"https:\/\/www.perfecteaucomm.com\/en\/author\/perfecteau\/\"}]}<\/script>\n<!-- \/ Yoast SEO plugin. -->","yoast_head_json":{"title":"Le 11e FESTIVAL FONDU AU NOIR \/ FADE TO BLACK d\u00e9voile sa programmation - Perfecteau Comm","robots":{"index":"index","follow":"follow","max-snippet":"max-snippet:-1","max-image-preview":"max-image-preview:large","max-video-preview":"max-video-preview:-1"},"canonical":"https:\/\/www.perfecteaucomm.com\/en\/actualites\/le-11e-festival-fondu-au-noir-fade-to-black-devoile-sa-programmation\/","og_locale":"en_US","og_type":"article","og_title":"Le 11e FESTIVAL FONDU AU NOIR \/ FADE TO BLACK d\u00e9voile sa programmation - Perfecteau Comm","og_description":"Le 11e FESTIVAL FONDU AU NOIR \/ FADE TO BLACK d\u00e9voile sa programmation Cr\u00e9\u00e9 par la Fondation Fabienne Colas et pr\u00e9sent\u00e9 par le Groupe Banque TDDans le cadre du Mois de l\u2019Histoire des Noirs23 au 27 F\u00c9VRIER 2022 | Info : www.FonduAuNoir.ca INVIT\u00c9S D\u2019HONNEUR : BRUNY SURIN, DIDIER LUCIEN et GESSICA G\u00c9N\u00c9US Montr\u00e9al, le 31 janvier 2022 \u2013 Fondu au Noir, le plus grand festival c\u00e9l\u00e9brant le Mois de l\u2019Histoire des Noirs au Qu\u00e9bec, tiendra sa 11e \u00e9dition du 23 au 27 f\u00e9vrier 2022, 100% en ligne. Il pr\u00e9sentera une programmation pluridisciplinaire diversifi\u00e9e offrant un tour d\u2019horizon \u00e0 travers les","og_url":"https:\/\/www.perfecteaucomm.com\/en\/actualites\/le-11e-festival-fondu-au-noir-fade-to-black-devoile-sa-programmation\/","og_site_name":"Perfecteau Comm","article_published_time":"2022-01-31T17:36:13+00:00","article_modified_time":"2023-02-22T22:40:12+00:00","author":"perfecteau","twitter_card":"summary_large_image","twitter_misc":{"Written by":"perfecteau","Est. reading time":"11 minutes"},"schema":{"@context":"https:\/\/schema.org","@graph":[{"@type":"Article","@id":"https:\/\/www.perfecteaucomm.com\/actualites\/le-11e-festival-fondu-au-noir-fade-to-black-devoile-sa-programmation\/#article","isPartOf":{"@id":"https:\/\/www.perfecteaucomm.com\/actualites\/le-11e-festival-fondu-au-noir-fade-to-black-devoile-sa-programmation\/"},"author":{"name":"perfecteau","@id":"https:\/\/www.perfecteaucomm.com\/#\/schema\/person\/6e8531918d9cb8157ee1a5075d81d5c7"},"headline":"Le 11e FESTIVAL FONDU AU NOIR \/ FADE TO BLACK d\u00e9voile sa programmation","datePublished":"2022-01-31T17:36:13+00:00","dateModified":"2023-02-22T22:40:12+00:00","mainEntityOfPage":{"@id":"https:\/\/www.perfecteaucomm.com\/actualites\/le-11e-festival-fondu-au-noir-fade-to-black-devoile-sa-programmation\/"},"wordCount":2162,"publisher":{"@id":"https:\/\/www.perfecteaucomm.com\/#organization"},"articleSection":["Actualit\u00e9s"],"inLanguage":"en-CA"},{"@type":"WebPage","@id":"https:\/\/www.perfecteaucomm.com\/actualites\/le-11e-festival-fondu-au-noir-fade-to-black-devoile-sa-programmation\/","url":"https:\/\/www.perfecteaucomm.com\/actualites\/le-11e-festival-fondu-au-noir-fade-to-black-devoile-sa-programmation\/","name":"Le 11e FESTIVAL FONDU AU NOIR \/ FADE TO BLACK d\u00e9voile sa programmation - Perfecteau Comm","isPartOf":{"@id":"https:\/\/www.perfecteaucomm.com\/#website"},"datePublished":"2022-01-31T17:36:13+00:00","dateModified":"2023-02-22T22:40:12+00:00","breadcrumb":{"@id":"https:\/\/www.perfecteaucomm.com\/actualites\/le-11e-festival-fondu-au-noir-fade-to-black-devoile-sa-programmation\/#breadcrumb"},"inLanguage":"en-CA","potentialAction":[{"@type":"ReadAction","target":["https:\/\/www.perfecteaucomm.com\/actualites\/le-11e-festival-fondu-au-noir-fade-to-black-devoile-sa-programmation\/"]}]},{"@type":"BreadcrumbList","@id":"https:\/\/www.perfecteaucomm.com\/actualites\/le-11e-festival-fondu-au-noir-fade-to-black-devoile-sa-programmation\/#breadcrumb","itemListElement":[{"@type":"ListItem","position":1,"name":"Accueil","item":"https:\/\/www.perfecteaucomm.com\/"},{"@type":"ListItem","position":2,"name":"Le 11e FESTIVAL FONDU AU NOIR \/ FADE TO BLACK d\u00e9voile sa programmation"}]},{"@type":"WebSite","@id":"https:\/\/www.perfecteaucomm.com\/#website","url":"https:\/\/www.perfecteaucomm.com\/","name":"Perfecteau Comm","description":"Agence de relations de presse","publisher":{"@id":"https:\/\/www.perfecteaucomm.com\/#organization"},"potentialAction":[{"@type":"SearchAction","target":{"@type":"EntryPoint","urlTemplate":"https:\/\/www.perfecteaucomm.com\/?s={search_term_string}"},"query-input":{"@type":"PropertyValueSpecification","valueRequired":true,"valueName":"search_term_string"}}],"inLanguage":"en-CA"},{"@type":"Organization","@id":"https:\/\/www.perfecteaucomm.com\/#organization","name":"Perfecteau Comm","url":"https:\/\/www.perfecteaucomm.com\/","logo":{"@type":"ImageObject","inLanguage":"en-CA","@id":"https:\/\/www.perfecteaucomm.com\/#\/schema\/logo\/image\/","url":"https:\/\/www.perfecteaucomm.com\/wp-content\/uploads\/2023\/01\/logo_perfecteau_fichier_final-2.png","contentUrl":"https:\/\/www.perfecteaucomm.com\/wp-content\/uploads\/2023\/01\/logo_perfecteau_fichier_final-2.png","width":1600,"height":704,"caption":"Perfecteau Comm"},"image":{"@id":"https:\/\/www.perfecteaucomm.com\/#\/schema\/logo\/image\/"}},{"@type":"Person","@id":"https:\/\/www.perfecteaucomm.com\/#\/schema\/person\/6e8531918d9cb8157ee1a5075d81d5c7","name":"perfecteau","sameAs":["https:\/\/perfecteaucomm.la-complice.com"],"url":"https:\/\/www.perfecteaucomm.com\/en\/author\/perfecteau\/"}]}},"_links":{"self":[{"href":"https:\/\/www.perfecteaucomm.com\/en\/wp-json\/wp\/v2\/posts\/310","targetHints":{"allow":["GET"]}}],"collection":[{"href":"https:\/\/www.perfecteaucomm.com\/en\/wp-json\/wp\/v2\/posts"}],"about":[{"href":"https:\/\/www.perfecteaucomm.com\/en\/wp-json\/wp\/v2\/types\/post"}],"author":[{"embeddable":true,"href":"https:\/\/www.perfecteaucomm.com\/en\/wp-json\/wp\/v2\/users\/1"}],"replies":[{"embeddable":true,"href":"https:\/\/www.perfecteaucomm.com\/en\/wp-json\/wp\/v2\/comments?post=310"}],"version-history":[{"count":1,"href":"https:\/\/www.perfecteaucomm.com\/en\/wp-json\/wp\/v2\/posts\/310\/revisions"}],"predecessor-version":[{"id":312,"href":"https:\/\/www.perfecteaucomm.com\/en\/wp-json\/wp\/v2\/posts\/310\/revisions\/312"}],"wp:attachment":[{"href":"https:\/\/www.perfecteaucomm.com\/en\/wp-json\/wp\/v2\/media?parent=310"}],"wp:term":[{"taxonomy":"category","embeddable":true,"href":"https:\/\/www.perfecteaucomm.com\/en\/wp-json\/wp\/v2\/categories?post=310"},{"taxonomy":"post_tag","embeddable":true,"href":"https:\/\/www.perfecteaucomm.com\/en\/wp-json\/wp\/v2\/tags?post=310"}],"curies":[{"name":"wp","href":"https:\/\/api.w.org\/{rel}","templated":true}]}}