{"id":280,"date":"2022-05-31T09:32:30","date_gmt":"2022-05-31T13:32:30","guid":{"rendered":"https:\/\/perfecteaucomm.la-complice.com\/?p=280"},"modified":"2023-02-22T17:38:28","modified_gmt":"2023-02-22T22:38:28","slug":"rebecca-jean-lance-son-album-antidote-un-2e-opus-pour-lautrice-compositrice-interprete-haibecoise","status":"publish","type":"post","link":"https:\/\/www.perfecteaucomm.com\/en\/actualites\/rebecca-jean-lance-son-album-antidote-un-2e-opus-pour-lautrice-compositrice-interprete-haibecoise\/","title":{"rendered":"Rebecca Jean lance son album Antidote, un 2e opus pour l\u2019autrice-compositrice-interpr\u00e8te ha\u00efb\u00e9coise"},"content":{"rendered":"\n<figure class=\"wp-block-image aligncenter size-full is-resized\"><img loading=\"lazy\" decoding=\"async\" src=\"https:\/\/perfecteaucomm.la-complice.com\/wp-content\/uploads\/2023\/01\/Rebecca_Jean_Antidote_001.jpg\" alt=\"\" class=\"wp-image-282\" width=\"375\" height=\"375\" srcset=\"https:\/\/www.perfecteaucomm.com\/wp-content\/uploads\/2023\/01\/Rebecca_Jean_Antidote_001.jpg 500w, https:\/\/www.perfecteaucomm.com\/wp-content\/uploads\/2023\/01\/Rebecca_Jean_Antidote_001-300x300.jpg 300w, https:\/\/www.perfecteaucomm.com\/wp-content\/uploads\/2023\/01\/Rebecca_Jean_Antidote_001-150x150.jpg 150w\" sizes=\"auto, (max-width: 375px) 100vw, 375px\" \/><\/figure>\n\n\n\n<p class=\"has-link-color wp-elements-6be9146bfafbdb2935cbefcdd0adbbca\">Montr\u00e9al, le 31 mai 2022 &#8211; <strong>Rebecca Jean<\/strong> pr\u00e9sentera son 2e album Antidote lors d\u2019un spectacle-lancement le <strong>29 juin 2022, 19h<\/strong> au <strong>Cabaret Lion d\u2019or<\/strong> (1676 Rue Ontario E, Montr\u00e9al, QC H2L 1S7). <a rel=\"noreferrer noopener\" href=\"https:\/\/lepointdevente.com\/billets\/clo220626001\" target=\"_blank\">R\u00e9servez vos places<\/a><\/p>\n\n\n\n<p>Antidote est un baume pour les coeurs. Le projet a pour but d\u2019apporter un apaisement \u00e9motionnel \u00e0 ceux qui l\u2019\u00e9coutent. En douceur, les 11 pi\u00e8ces sugg\u00e8rent un nouveau regard sur le r\u00f4le des femmes, le racisme, la pauvret\u00e9, l&#8217;identit\u00e9, la place des a\u00een\u00e9s, la sant\u00e9 mentale, l&#8217;estime et le respect de soi et la responsabilit\u00e9 de chacun pour cr\u00e9er un monde plus harmonieux. Sur des textes matures et \u00e9vocateurs, Rebecca chante la profondeur de l\u2019\u00e2me avec une po\u00e9sie franche et un cr\u00e9neau unique; elle sait se raconter et nous raconter avec finesse et subtilit\u00e9.<\/p>\n\n\n\n<p>Un m\u00e9nage \u00e0 trois entre la musique pop, alternative et racine. Des rythmes m\u00e9tiss\u00e9s qui d\u00e9peignent bien la r\u00e9alit\u00e9 de l\u2019artiste ha\u00eftienne n\u00e9e au Qu\u00e9bec. Sa chanson Ha\u00efb\u00e9coise t\u00e9moigne d\u2019ailleurs de cette fusion culturelle; dans un m\u00e9lange audacieux de Trad et de Konpa, cette chanson nous invite \u00e0 c\u00e9l\u00e9brer nos valeurs communes ainsi que nos diff\u00e9rences compl\u00e9mentaires.<\/p>\n\n\n\n<p>Lang Lakay<strong> <\/strong>est \u00e9galement l\u2019une des chansons phare de l\u2019album Antidote. Cette adaptation en cr\u00e9ole de la grande chanson d\u2019Yves Duteil \u00ab La langue de chez nous \u00bb est un incontournable pour bien saisir l\u2019univers de Rebecca. Sur des rythmes color\u00e9s et une po\u00e9sie perspicace, cet hymne \u00e0 la beaut\u00e9 de la langue cr\u00e9ole nous fait voyager jusqu\u2019au c\u0153ur d\u2019Ha\u00efti.<\/p>\n\n\n\n<p><em>\u00ab (\u2026) Ha\u00efti est partie int\u00e9grante de la francophonie, et je suis heureux de ce prolongement ha\u00eftien de la chanson, dont le texte (\u00e0 travers sa traduction litt\u00e9rale), semble \u00e0 la fois po\u00e9tique et gage de transmission de la culture et de la fiert\u00e9 cr\u00e9ole. L\u2019esprit musical aussi m\u2019a touch\u00e9, \u00e0 la fois libre et respectueux de l\u2019original. \u00bb &#8211; Yves Duteil<\/em><\/p>\n\n\n\n<p>Le projet Antidote a \u00e9t\u00e9 rendu possible gr\u00e2ce au soutien de: <strong>Conseil des Arts du Canada, Conseil des Arts et des Lettres du Qu\u00e9bec, Productions Origine<\/strong>. La <strong>Fondation Fabienne Colas <\/strong>et le<strong> Festival Ha\u00efti en Folie<\/strong> sont fiers partenaires de l\u2019\u00e9v\u00e9nement et soutiennent la chanteuse dans la promotion de l\u2019album.<\/p>\n\n\n\n<p class=\"has-text-align-center has-link-color wp-elements-84a309c4f0f0b4efa3b9f19056c88472\"><strong>Antidote sera disponible d\u00e8s le 29 juin 2022 sur toutes les plateformes num\u00e9riques.<\/strong> <br>En attendant, \u00e9coutez <a rel=\"noreferrer noopener\" href=\"https:\/\/rebeccajean.ca\/album\/musiques\/\" target=\"_blank\">Ha\u00efb\u00e9coise<\/a><\/p>\n\n\n\n<p class=\"has-text-align-center has-link-color wp-elements-a1128036f9768861db9438f9a24e9595\" id=\"viewer-79j8q\"><strong>Le public est convi\u00e9 au spectacle-lancement de l\u2019album Antidote, le 29 juin prochain d\u00e8s 19h au Cabaret Lion d\u2019or.<\/strong><br><a rel=\"noreferrer noopener\" href=\"https:\/\/lepointdevente.com\/billets\/clo220626001\" target=\"_blank\"><u>R\u00e9servez vos places<\/u><\/a><\/p>\n\n\n\n<figure class=\"wp-block-image aligncenter size-full is-resized\"><img loading=\"lazy\" decoding=\"async\" src=\"https:\/\/perfecteaucomm.la-complice.com\/wp-content\/uploads\/2023\/01\/rebecca.png\" alt=\"\" class=\"wp-image-283\" width=\"321\" height=\"487\" srcset=\"https:\/\/www.perfecteaucomm.com\/wp-content\/uploads\/2023\/01\/rebecca.png 642w, https:\/\/www.perfecteaucomm.com\/wp-content\/uploads\/2023\/01\/rebecca-198x300.png 198w\" sizes=\"auto, (max-width: 321px) 100vw, 321px\" \/><\/figure>\n\n\n\n<p id=\"viewer-6kiuh\"><strong>\u00c0 propos de Rebecca Jean<\/strong><\/p>\n\n\n\n<p id=\"viewer-1mnq4\">Rebecca voit le jour \u00e0 Montr\u00e9al. Dans la qu\u00eate profonde d\u2019un retour vers ses racines, elle renoue avec ses origines ha\u00eftiennes et int\u00e8gre brillamment ces saveurs color\u00e9es \u00e0 son univers cr\u00e9atif. Artiste polyvalente au talent raffin\u00e9, elle compte \u00e0 son actif un immense bagage pluridisciplinaire : plus de 130 spectacles, un album pop, une trame sonore de musique de films (composition, interpr\u00e9tation, r\u00e9alisation), 3 albums de m\u00e9ditation (composition, arrangements, interpr\u00e9tation, r\u00e9alisation), 3 trames sonores pour le th\u00e9\u00e2tre (composition, interpr\u00e9tation, r\u00e9alisation), deux narrations de film\/Documentaire (interpr\u00e9tation, enregistrement), un catalogue de 60 compositions \u00e0 offrir (autrice- compositrice) et un coffret de m\u00e9ditations guid\u00e9es.<\/p>\n","protected":false},"excerpt":{"rendered":"<p>Montr\u00e9al, le 31 mai 2022 &#8211; Rebecca Jean pr\u00e9sentera son 2e album Antidote lors d\u2019un spectacle-lancement le 29 juin 2022, 19h au Cabaret Lion d\u2019or (1676 Rue Ontario E, Montr\u00e9al, QC H2L 1S7). R\u00e9servez vos places Antidote est un baume pour les coeurs. Le projet a pour but d\u2019apporter un apaisement \u00e9motionnel \u00e0 ceux qui l\u2019\u00e9coutent. En douceur, les 11 pi\u00e8ces sugg\u00e8rent un nouveau regard sur le r\u00f4le des femmes, le racisme, la pauvret\u00e9, l&#8217;identit\u00e9, la place des a\u00een\u00e9s, la sant\u00e9 mentale, l&#8217;estime et le respect de soi et la responsabilit\u00e9 de chacun pour cr\u00e9er un monde plus harmonieux. Sur<\/p>\n","protected":false},"author":1,"featured_media":0,"comment_status":"closed","ping_status":"closed","sticky":false,"template":"","format":"standard","meta":{"footnotes":""},"categories":[20],"tags":[],"class_list":["post-280","post","type-post","status-publish","format-standard","hentry","category-actualites"],"yoast_head":"<!-- This site is optimized with the Yoast SEO plugin v25.5 - https:\/\/yoast.com\/wordpress\/plugins\/seo\/ -->\n<title>Rebecca Jean lance son album Antidote, un 2e opus pour l\u2019autrice-compositrice-interpr\u00e8te ha\u00efb\u00e9coise - Perfecteau Comm<\/title>\n<meta name=\"robots\" content=\"index, follow, max-snippet:-1, max-image-preview:large, max-video-preview:-1\" \/>\n<link rel=\"canonical\" href=\"https:\/\/www.perfecteaucomm.com\/en\/actualites\/rebecca-jean-lance-son-album-antidote-un-2e-opus-pour-lautrice-compositrice-interprete-haibecoise\/\" \/>\n<meta property=\"og:locale\" content=\"en_US\" \/>\n<meta property=\"og:locale:alternate\" content=\"fr_CA\" \/>\n<meta property=\"og:type\" content=\"article\" \/>\n<meta property=\"og:title\" content=\"Rebecca Jean lance son album Antidote, un 2e opus pour l\u2019autrice-compositrice-interpr\u00e8te ha\u00efb\u00e9coise - Perfecteau Comm\" \/>\n<meta property=\"og:description\" content=\"Montr\u00e9al, le 31 mai 2022 &#8211; Rebecca Jean pr\u00e9sentera son 2e album Antidote lors d\u2019un spectacle-lancement le 29 juin 2022, 19h au Cabaret Lion d\u2019or (1676 Rue Ontario E, Montr\u00e9al, QC H2L 1S7). R\u00e9servez vos places Antidote est un baume pour les coeurs. Le projet a pour but d\u2019apporter un apaisement \u00e9motionnel \u00e0 ceux qui l\u2019\u00e9coutent. En douceur, les 11 pi\u00e8ces sugg\u00e8rent un nouveau regard sur le r\u00f4le des femmes, le racisme, la pauvret\u00e9, l&#8217;identit\u00e9, la place des a\u00een\u00e9s, la sant\u00e9 mentale, l&#8217;estime et le respect de soi et la responsabilit\u00e9 de chacun pour cr\u00e9er un monde plus harmonieux. Sur\" \/>\n<meta property=\"og:url\" content=\"https:\/\/www.perfecteaucomm.com\/en\/actualites\/rebecca-jean-lance-son-album-antidote-un-2e-opus-pour-lautrice-compositrice-interprete-haibecoise\/\" \/>\n<meta property=\"og:site_name\" content=\"Perfecteau Comm\" \/>\n<meta property=\"article:published_time\" content=\"2022-05-31T13:32:30+00:00\" \/>\n<meta property=\"article:modified_time\" content=\"2023-02-22T22:38:28+00:00\" \/>\n<meta property=\"og:image\" content=\"https:\/\/www.perfecteaucomm.com\/wp-content\/uploads\/2023\/01\/Rebecca_Jean_Antidote_001.jpg\" \/>\n\t<meta property=\"og:image:width\" content=\"500\" \/>\n\t<meta property=\"og:image:height\" content=\"500\" \/>\n\t<meta property=\"og:image:type\" content=\"image\/jpeg\" \/>\n<meta name=\"author\" content=\"perfecteau\" \/>\n<meta name=\"twitter:card\" content=\"summary_large_image\" \/>\n<meta name=\"twitter:label1\" content=\"Written by\" \/>\n\t<meta name=\"twitter:data1\" content=\"perfecteau\" \/>\n\t<meta name=\"twitter:label2\" content=\"Est. reading time\" \/>\n\t<meta name=\"twitter:data2\" content=\"3 minutes\" \/>\n<script type=\"application\/ld+json\" class=\"yoast-schema-graph\">{\"@context\":\"https:\/\/schema.org\",\"@graph\":[{\"@type\":\"Article\",\"@id\":\"https:\/\/www.perfecteaucomm.com\/actualites\/rebecca-jean-lance-son-album-antidote-un-2e-opus-pour-lautrice-compositrice-interprete-haibecoise\/#article\",\"isPartOf\":{\"@id\":\"https:\/\/www.perfecteaucomm.com\/actualites\/rebecca-jean-lance-son-album-antidote-un-2e-opus-pour-lautrice-compositrice-interprete-haibecoise\/\"},\"author\":{\"name\":\"perfecteau\",\"@id\":\"https:\/\/www.perfecteaucomm.com\/#\/schema\/person\/6e8531918d9cb8157ee1a5075d81d5c7\"},\"headline\":\"Rebecca Jean lance son album Antidote, un 2e opus pour l\u2019autrice-compositrice-interpr\u00e8te ha\u00efb\u00e9coise\",\"datePublished\":\"2022-05-31T13:32:30+00:00\",\"dateModified\":\"2023-02-22T22:38:28+00:00\",\"mainEntityOfPage\":{\"@id\":\"https:\/\/www.perfecteaucomm.com\/actualites\/rebecca-jean-lance-son-album-antidote-un-2e-opus-pour-lautrice-compositrice-interprete-haibecoise\/\"},\"wordCount\":579,\"publisher\":{\"@id\":\"https:\/\/www.perfecteaucomm.com\/#organization\"},\"image\":{\"@id\":\"https:\/\/www.perfecteaucomm.com\/actualites\/rebecca-jean-lance-son-album-antidote-un-2e-opus-pour-lautrice-compositrice-interprete-haibecoise\/#primaryimage\"},\"thumbnailUrl\":\"https:\/\/perfecteaucomm.la-complice.com\/wp-content\/uploads\/2023\/01\/Rebecca_Jean_Antidote_001.jpg\",\"articleSection\":[\"Actualit\u00e9s\"],\"inLanguage\":\"en-CA\"},{\"@type\":\"WebPage\",\"@id\":\"https:\/\/www.perfecteaucomm.com\/actualites\/rebecca-jean-lance-son-album-antidote-un-2e-opus-pour-lautrice-compositrice-interprete-haibecoise\/\",\"url\":\"https:\/\/www.perfecteaucomm.com\/actualites\/rebecca-jean-lance-son-album-antidote-un-2e-opus-pour-lautrice-compositrice-interprete-haibecoise\/\",\"name\":\"Rebecca Jean lance son album Antidote, un 2e opus pour l\u2019autrice-compositrice-interpr\u00e8te ha\u00efb\u00e9coise - Perfecteau Comm\",\"isPartOf\":{\"@id\":\"https:\/\/www.perfecteaucomm.com\/#website\"},\"primaryImageOfPage\":{\"@id\":\"https:\/\/www.perfecteaucomm.com\/actualites\/rebecca-jean-lance-son-album-antidote-un-2e-opus-pour-lautrice-compositrice-interprete-haibecoise\/#primaryimage\"},\"image\":{\"@id\":\"https:\/\/www.perfecteaucomm.com\/actualites\/rebecca-jean-lance-son-album-antidote-un-2e-opus-pour-lautrice-compositrice-interprete-haibecoise\/#primaryimage\"},\"thumbnailUrl\":\"https:\/\/perfecteaucomm.la-complice.com\/wp-content\/uploads\/2023\/01\/Rebecca_Jean_Antidote_001.jpg\",\"datePublished\":\"2022-05-31T13:32:30+00:00\",\"dateModified\":\"2023-02-22T22:38:28+00:00\",\"breadcrumb\":{\"@id\":\"https:\/\/www.perfecteaucomm.com\/actualites\/rebecca-jean-lance-son-album-antidote-un-2e-opus-pour-lautrice-compositrice-interprete-haibecoise\/#breadcrumb\"},\"inLanguage\":\"en-CA\",\"potentialAction\":[{\"@type\":\"ReadAction\",\"target\":[\"https:\/\/www.perfecteaucomm.com\/actualites\/rebecca-jean-lance-son-album-antidote-un-2e-opus-pour-lautrice-compositrice-interprete-haibecoise\/\"]}]},{\"@type\":\"ImageObject\",\"inLanguage\":\"en-CA\",\"@id\":\"https:\/\/www.perfecteaucomm.com\/actualites\/rebecca-jean-lance-son-album-antidote-un-2e-opus-pour-lautrice-compositrice-interprete-haibecoise\/#primaryimage\",\"url\":\"https:\/\/perfecteaucomm.la-complice.com\/wp-content\/uploads\/2023\/01\/Rebecca_Jean_Antidote_001.jpg\",\"contentUrl\":\"https:\/\/perfecteaucomm.la-complice.com\/wp-content\/uploads\/2023\/01\/Rebecca_Jean_Antidote_001.jpg\"},{\"@type\":\"BreadcrumbList\",\"@id\":\"https:\/\/www.perfecteaucomm.com\/actualites\/rebecca-jean-lance-son-album-antidote-un-2e-opus-pour-lautrice-compositrice-interprete-haibecoise\/#breadcrumb\",\"itemListElement\":[{\"@type\":\"ListItem\",\"position\":1,\"name\":\"Accueil\",\"item\":\"https:\/\/www.perfecteaucomm.com\/\"},{\"@type\":\"ListItem\",\"position\":2,\"name\":\"Rebecca Jean lance son album Antidote, un 2e opus pour l\u2019autrice-compositrice-interpr\u00e8te ha\u00efb\u00e9coise\"}]},{\"@type\":\"WebSite\",\"@id\":\"https:\/\/www.perfecteaucomm.com\/#website\",\"url\":\"https:\/\/www.perfecteaucomm.com\/\",\"name\":\"Perfecteau Comm\",\"description\":\"Agence de relations de presse\",\"publisher\":{\"@id\":\"https:\/\/www.perfecteaucomm.com\/#organization\"},\"potentialAction\":[{\"@type\":\"SearchAction\",\"target\":{\"@type\":\"EntryPoint\",\"urlTemplate\":\"https:\/\/www.perfecteaucomm.com\/?s={search_term_string}\"},\"query-input\":{\"@type\":\"PropertyValueSpecification\",\"valueRequired\":true,\"valueName\":\"search_term_string\"}}],\"inLanguage\":\"en-CA\"},{\"@type\":\"Organization\",\"@id\":\"https:\/\/www.perfecteaucomm.com\/#organization\",\"name\":\"Perfecteau Comm\",\"url\":\"https:\/\/www.perfecteaucomm.com\/\",\"logo\":{\"@type\":\"ImageObject\",\"inLanguage\":\"en-CA\",\"@id\":\"https:\/\/www.perfecteaucomm.com\/#\/schema\/logo\/image\/\",\"url\":\"https:\/\/www.perfecteaucomm.com\/wp-content\/uploads\/2023\/01\/logo_perfecteau_fichier_final-2.png\",\"contentUrl\":\"https:\/\/www.perfecteaucomm.com\/wp-content\/uploads\/2023\/01\/logo_perfecteau_fichier_final-2.png\",\"width\":1600,\"height\":704,\"caption\":\"Perfecteau Comm\"},\"image\":{\"@id\":\"https:\/\/www.perfecteaucomm.com\/#\/schema\/logo\/image\/\"}},{\"@type\":\"Person\",\"@id\":\"https:\/\/www.perfecteaucomm.com\/#\/schema\/person\/6e8531918d9cb8157ee1a5075d81d5c7\",\"name\":\"perfecteau\",\"sameAs\":[\"https:\/\/perfecteaucomm.la-complice.com\"],\"url\":\"https:\/\/www.perfecteaucomm.com\/en\/author\/perfecteau\/\"}]}<\/script>\n<!-- \/ Yoast SEO plugin. -->","yoast_head_json":{"title":"Rebecca Jean lance son album Antidote, un 2e opus pour l\u2019autrice-compositrice-interpr\u00e8te ha\u00efb\u00e9coise - Perfecteau Comm","robots":{"index":"index","follow":"follow","max-snippet":"max-snippet:-1","max-image-preview":"max-image-preview:large","max-video-preview":"max-video-preview:-1"},"canonical":"https:\/\/www.perfecteaucomm.com\/en\/actualites\/rebecca-jean-lance-son-album-antidote-un-2e-opus-pour-lautrice-compositrice-interprete-haibecoise\/","og_locale":"en_US","og_type":"article","og_title":"Rebecca Jean lance son album Antidote, un 2e opus pour l\u2019autrice-compositrice-interpr\u00e8te ha\u00efb\u00e9coise - Perfecteau Comm","og_description":"Montr\u00e9al, le 31 mai 2022 &#8211; Rebecca Jean pr\u00e9sentera son 2e album Antidote lors d\u2019un spectacle-lancement le 29 juin 2022, 19h au Cabaret Lion d\u2019or (1676 Rue Ontario E, Montr\u00e9al, QC H2L 1S7). R\u00e9servez vos places Antidote est un baume pour les coeurs. Le projet a pour but d\u2019apporter un apaisement \u00e9motionnel \u00e0 ceux qui l\u2019\u00e9coutent. En douceur, les 11 pi\u00e8ces sugg\u00e8rent un nouveau regard sur le r\u00f4le des femmes, le racisme, la pauvret\u00e9, l&#8217;identit\u00e9, la place des a\u00een\u00e9s, la sant\u00e9 mentale, l&#8217;estime et le respect de soi et la responsabilit\u00e9 de chacun pour cr\u00e9er un monde plus harmonieux. Sur","og_url":"https:\/\/www.perfecteaucomm.com\/en\/actualites\/rebecca-jean-lance-son-album-antidote-un-2e-opus-pour-lautrice-compositrice-interprete-haibecoise\/","og_site_name":"Perfecteau Comm","article_published_time":"2022-05-31T13:32:30+00:00","article_modified_time":"2023-02-22T22:38:28+00:00","og_image":[{"width":500,"height":500,"url":"https:\/\/www.perfecteaucomm.com\/wp-content\/uploads\/2023\/01\/Rebecca_Jean_Antidote_001.jpg","type":"image\/jpeg"}],"author":"perfecteau","twitter_card":"summary_large_image","twitter_misc":{"Written by":"perfecteau","Est. reading time":"3 minutes"},"schema":{"@context":"https:\/\/schema.org","@graph":[{"@type":"Article","@id":"https:\/\/www.perfecteaucomm.com\/actualites\/rebecca-jean-lance-son-album-antidote-un-2e-opus-pour-lautrice-compositrice-interprete-haibecoise\/#article","isPartOf":{"@id":"https:\/\/www.perfecteaucomm.com\/actualites\/rebecca-jean-lance-son-album-antidote-un-2e-opus-pour-lautrice-compositrice-interprete-haibecoise\/"},"author":{"name":"perfecteau","@id":"https:\/\/www.perfecteaucomm.com\/#\/schema\/person\/6e8531918d9cb8157ee1a5075d81d5c7"},"headline":"Rebecca Jean lance son album Antidote, un 2e opus pour l\u2019autrice-compositrice-interpr\u00e8te ha\u00efb\u00e9coise","datePublished":"2022-05-31T13:32:30+00:00","dateModified":"2023-02-22T22:38:28+00:00","mainEntityOfPage":{"@id":"https:\/\/www.perfecteaucomm.com\/actualites\/rebecca-jean-lance-son-album-antidote-un-2e-opus-pour-lautrice-compositrice-interprete-haibecoise\/"},"wordCount":579,"publisher":{"@id":"https:\/\/www.perfecteaucomm.com\/#organization"},"image":{"@id":"https:\/\/www.perfecteaucomm.com\/actualites\/rebecca-jean-lance-son-album-antidote-un-2e-opus-pour-lautrice-compositrice-interprete-haibecoise\/#primaryimage"},"thumbnailUrl":"https:\/\/perfecteaucomm.la-complice.com\/wp-content\/uploads\/2023\/01\/Rebecca_Jean_Antidote_001.jpg","articleSection":["Actualit\u00e9s"],"inLanguage":"en-CA"},{"@type":"WebPage","@id":"https:\/\/www.perfecteaucomm.com\/actualites\/rebecca-jean-lance-son-album-antidote-un-2e-opus-pour-lautrice-compositrice-interprete-haibecoise\/","url":"https:\/\/www.perfecteaucomm.com\/actualites\/rebecca-jean-lance-son-album-antidote-un-2e-opus-pour-lautrice-compositrice-interprete-haibecoise\/","name":"Rebecca Jean lance son album Antidote, un 2e opus pour l\u2019autrice-compositrice-interpr\u00e8te ha\u00efb\u00e9coise - Perfecteau Comm","isPartOf":{"@id":"https:\/\/www.perfecteaucomm.com\/#website"},"primaryImageOfPage":{"@id":"https:\/\/www.perfecteaucomm.com\/actualites\/rebecca-jean-lance-son-album-antidote-un-2e-opus-pour-lautrice-compositrice-interprete-haibecoise\/#primaryimage"},"image":{"@id":"https:\/\/www.perfecteaucomm.com\/actualites\/rebecca-jean-lance-son-album-antidote-un-2e-opus-pour-lautrice-compositrice-interprete-haibecoise\/#primaryimage"},"thumbnailUrl":"https:\/\/perfecteaucomm.la-complice.com\/wp-content\/uploads\/2023\/01\/Rebecca_Jean_Antidote_001.jpg","datePublished":"2022-05-31T13:32:30+00:00","dateModified":"2023-02-22T22:38:28+00:00","breadcrumb":{"@id":"https:\/\/www.perfecteaucomm.com\/actualites\/rebecca-jean-lance-son-album-antidote-un-2e-opus-pour-lautrice-compositrice-interprete-haibecoise\/#breadcrumb"},"inLanguage":"en-CA","potentialAction":[{"@type":"ReadAction","target":["https:\/\/www.perfecteaucomm.com\/actualites\/rebecca-jean-lance-son-album-antidote-un-2e-opus-pour-lautrice-compositrice-interprete-haibecoise\/"]}]},{"@type":"ImageObject","inLanguage":"en-CA","@id":"https:\/\/www.perfecteaucomm.com\/actualites\/rebecca-jean-lance-son-album-antidote-un-2e-opus-pour-lautrice-compositrice-interprete-haibecoise\/#primaryimage","url":"https:\/\/perfecteaucomm.la-complice.com\/wp-content\/uploads\/2023\/01\/Rebecca_Jean_Antidote_001.jpg","contentUrl":"https:\/\/perfecteaucomm.la-complice.com\/wp-content\/uploads\/2023\/01\/Rebecca_Jean_Antidote_001.jpg"},{"@type":"BreadcrumbList","@id":"https:\/\/www.perfecteaucomm.com\/actualites\/rebecca-jean-lance-son-album-antidote-un-2e-opus-pour-lautrice-compositrice-interprete-haibecoise\/#breadcrumb","itemListElement":[{"@type":"ListItem","position":1,"name":"Accueil","item":"https:\/\/www.perfecteaucomm.com\/"},{"@type":"ListItem","position":2,"name":"Rebecca Jean lance son album Antidote, un 2e opus pour l\u2019autrice-compositrice-interpr\u00e8te ha\u00efb\u00e9coise"}]},{"@type":"WebSite","@id":"https:\/\/www.perfecteaucomm.com\/#website","url":"https:\/\/www.perfecteaucomm.com\/","name":"Perfecteau Comm","description":"Agence de relations de presse","publisher":{"@id":"https:\/\/www.perfecteaucomm.com\/#organization"},"potentialAction":[{"@type":"SearchAction","target":{"@type":"EntryPoint","urlTemplate":"https:\/\/www.perfecteaucomm.com\/?s={search_term_string}"},"query-input":{"@type":"PropertyValueSpecification","valueRequired":true,"valueName":"search_term_string"}}],"inLanguage":"en-CA"},{"@type":"Organization","@id":"https:\/\/www.perfecteaucomm.com\/#organization","name":"Perfecteau Comm","url":"https:\/\/www.perfecteaucomm.com\/","logo":{"@type":"ImageObject","inLanguage":"en-CA","@id":"https:\/\/www.perfecteaucomm.com\/#\/schema\/logo\/image\/","url":"https:\/\/www.perfecteaucomm.com\/wp-content\/uploads\/2023\/01\/logo_perfecteau_fichier_final-2.png","contentUrl":"https:\/\/www.perfecteaucomm.com\/wp-content\/uploads\/2023\/01\/logo_perfecteau_fichier_final-2.png","width":1600,"height":704,"caption":"Perfecteau Comm"},"image":{"@id":"https:\/\/www.perfecteaucomm.com\/#\/schema\/logo\/image\/"}},{"@type":"Person","@id":"https:\/\/www.perfecteaucomm.com\/#\/schema\/person\/6e8531918d9cb8157ee1a5075d81d5c7","name":"perfecteau","sameAs":["https:\/\/perfecteaucomm.la-complice.com"],"url":"https:\/\/www.perfecteaucomm.com\/en\/author\/perfecteau\/"}]}},"_links":{"self":[{"href":"https:\/\/www.perfecteaucomm.com\/en\/wp-json\/wp\/v2\/posts\/280","targetHints":{"allow":["GET"]}}],"collection":[{"href":"https:\/\/www.perfecteaucomm.com\/en\/wp-json\/wp\/v2\/posts"}],"about":[{"href":"https:\/\/www.perfecteaucomm.com\/en\/wp-json\/wp\/v2\/types\/post"}],"author":[{"embeddable":true,"href":"https:\/\/www.perfecteaucomm.com\/en\/wp-json\/wp\/v2\/users\/1"}],"replies":[{"embeddable":true,"href":"https:\/\/www.perfecteaucomm.com\/en\/wp-json\/wp\/v2\/comments?post=280"}],"version-history":[{"count":1,"href":"https:\/\/www.perfecteaucomm.com\/en\/wp-json\/wp\/v2\/posts\/280\/revisions"}],"predecessor-version":[{"id":284,"href":"https:\/\/www.perfecteaucomm.com\/en\/wp-json\/wp\/v2\/posts\/280\/revisions\/284"}],"wp:attachment":[{"href":"https:\/\/www.perfecteaucomm.com\/en\/wp-json\/wp\/v2\/media?parent=280"}],"wp:term":[{"taxonomy":"category","embeddable":true,"href":"https:\/\/www.perfecteaucomm.com\/en\/wp-json\/wp\/v2\/categories?post=280"},{"taxonomy":"post_tag","embeddable":true,"href":"https:\/\/www.perfecteaucomm.com\/en\/wp-json\/wp\/v2\/tags?post=280"}],"curies":[{"name":"wp","href":"https:\/\/api.w.org\/{rel}","templated":true}]}}