{"id":277,"date":"2022-06-01T09:18:06","date_gmt":"2022-06-01T13:18:06","guid":{"rendered":"https:\/\/perfecteaucomm.la-complice.com\/?p=277"},"modified":"2023-02-22T17:38:18","modified_gmt":"2023-02-22T22:38:18","slug":"le-conseil-quebecois-du-patrimoine-vivant-devoile-la-programmation-des-veillees-de-danse-de-la-fete","status":"publish","type":"post","link":"https:\/\/www.perfecteaucomm.com\/en\/actualites\/le-conseil-quebecois-du-patrimoine-vivant-devoile-la-programmation-des-veillees-de-danse-de-la-fete\/","title":{"rendered":"Le Conseil qu\u00e9b\u00e9cois du patrimoine vivant d\u00e9voile la programmation des Veill\u00e9es de danse de la F\u00eate"},"content":{"rendered":"\n<figure class=\"wp-block-image aligncenter size-large is-resized\"><img loading=\"lazy\" decoding=\"async\" src=\"https:\/\/perfecteaucomm.la-complice.com\/wp-content\/uploads\/2023\/01\/Veillees-de-danse-de-la-Fete_001-1024x385.jpg\" alt=\"\" class=\"wp-image-278\" width=\"512\" height=\"193\" srcset=\"https:\/\/www.perfecteaucomm.com\/wp-content\/uploads\/2023\/01\/Veillees-de-danse-de-la-Fete_001-1024x385.jpg 1024w, https:\/\/www.perfecteaucomm.com\/wp-content\/uploads\/2023\/01\/Veillees-de-danse-de-la-Fete_001-300x113.jpg 300w, https:\/\/www.perfecteaucomm.com\/wp-content\/uploads\/2023\/01\/Veillees-de-danse-de-la-Fete_001-768x289.jpg 768w, https:\/\/www.perfecteaucomm.com\/wp-content\/uploads\/2023\/01\/Veillees-de-danse-de-la-Fete_001.jpg 1128w\" sizes=\"auto, (max-width: 512px) 100vw, 512px\" \/><\/figure>\n\n\n\n<p>Montr\u00e9al, le 1er juin 2022 &#8211; <strong>Le Conseil qu\u00e9b\u00e9cois du patrimoine vivant (CQPV)<\/strong> est heureux de d\u00e9voiler la programmation des <strong>25 veill\u00e9es de danse de la F\u00eate nationale, <\/strong>r\u00e9alis\u00e9es en partenariat avec le gouvernement du Qu\u00e9bec. Quoi de mieux que de d\u00e9couvrir ou red\u00e9couvrir cette tradition festive en cette p\u00e9riode de c\u00e9l\u00e9brations? Parcourez le Qu\u00e9bec en participant aux 25 veill\u00e9es de danse traditionnelle, tout \u00e0 fait <strong>gratuitement.<\/strong><\/p>\n\n\n\n<p><strong>Du 17 au 22 juin<\/strong>, toute la population est invit\u00e9e \u00e0 swinguer sa compagnie lors d\u2019\u00e9v\u00e9nements ext\u00e9rieurs rassembleurs, sous la gouverne de musiciens trad et d\u2019un. e c\u00e2lleur.euse. Domino, tout l&#8217;monde a chaud!<\/p>\n\n\n\n<p><em>La danse traditionnelle, c&#8217;est une occasion en or de bouger! Apr\u00e8s tout ce que le Qu\u00e9bec et le monde ont v\u00e9cu depuis plus de deux ans, c&#8217;est le temps de nous rencontrer \u00e0 nouveau, tous et toutes, jeunes et moins jeunes, d&#8217;ici et d&#8217;ailleurs, de c\u00e9l\u00e9brer qui nous sommes et de festoyer en grand! <\/em>&#8211; Antoine Gauthier &#8211; directeur g\u00e9n\u00e9ral du CQPV.<\/p>\n\n\n\n<p>C\u2019est un rendez-vous pour les amoureux de la danse comme pour les n\u00e9ophytes \u00e0 la recherche d\u2019\u00e9motions fortes. Ces soir\u00e9es font partie de la culture du Qu\u00e9bec et contribuent \u00e0 perp\u00e9tuer la tradition et \u00e0 la transmettre aux prochaines g\u00e9n\u00e9rations.<\/p>\n\n\n\n<p class=\"has-link-color wp-elements-ebade78c0c18f0e5c8d4b34e2220402e\">Qu\u2019est-ce qu\u2019une veill\u00e9e de danse traditionnelle? <a rel=\"noreferrer noopener\" href=\"https:\/\/www.lafabriqueculturelle.tv\/capsules\/10182\/la-veillee-de-danse-traditionnelle-patrimoine-immateriel-du-quebec\" target=\"_blank\">Visionnez cette vid\u00e9o<\/a> pour un aper\u00e7u.<\/p>\n\n\n\n<p><strong>Parmi les veill\u00e9es \u00e0 ne pas manquer :<\/strong><\/p>\n\n\n\n<ul class=\"wp-block-list\">\n<li>Dansons nos traditions (17 juin, Lejeune, Halte Lacustre du Grand Lac Squatec) <\/li>\n\n\n\n<li>Une veill\u00e9e su&#8217;l parvis (17 juin, Lachine, Parvis de l\u2019\u00e9glise des Saints-Anges) <\/li>\n\n\n\n<li>Veill\u00e9e de danse TRAD \u00e0 St-Odilon (18 juin, Site de l&#8217;OTJ) <\/li>\n\n\n\n<li>La veill\u00e9e de danse du Lac Maskinong\u00e9 (18 juin, Saint-Gabriel-de-Brandon, Bal Maski) <\/li>\n\n\n\n<li>Pique-nique sympathique et danse trad (18 juin, L\u00e9vis, Site du couvent de J\u00e9sus-Marie) <\/li>\n\n\n\n<li>La danse d&#8217;avant (18 juin, Stoneham-et-Tewkesbury, Site de la chapelle de Tewkesbury) <\/li>\n\n\n\n<li>Veill\u00e9e au coin du rang (18 juin, Weedon, Terrain de l&#8217;ar\u00e9na) <\/li>\n\n\n\n<li>\u00c7a danse \u00e0 Saint-Laurent (18 juin, \u00cele-d&#8217;Orl\u00e9ans, Terrain des loisirs) <\/li>\n\n\n\n<li>Bal Trad Paysan (18 juin, St-F\u00e9lix-d&#8217;Otis, Site de la micro-ferme) <\/li>\n\n\n\n<li>Tourn\u00e9e r\u00e9gionale trad: Veill\u00e9e de danse (19 juin, Val-d&#8217;Or, March\u00e9 public de la Vall\u00e9e-de-l&#8217;Or) <\/li>\n\n\n\n<li>Veill\u00e9e dansante traditionnelle (19 juin, Lachine, Club Chasse et P\u00eache) <\/li>\n\n\n\n<li>Danse trad sur un plateau (19 juin, St-Alexis-de-Matap\u00e9dia, Parvis de l&#8217;\u00e9glise de St-Alexis) <\/li>\n\n\n\n<li>La Grande Veill\u00e9e sur les berges du Richelieu (19 juin, Otterburn Park, Site de la Pointe-Valaine) <\/li>\n\n\n\n<li>Danse Trad au March\u00e9 champ\u00eatre de Melbourne (19 juin, Melbourne) <\/li>\n\n\n\n<li>Une danse pique-nique \u00e0 Douglastown (19 juin, Gasp\u00e9, Terrain du Centre communautaire Douglas) <\/li>\n\n\n\n<li>Danser sous le soleil de Qu\u00e9bec (19 juin, Parc de la Ceti\u00e8re) <\/li>\n\n\n\n<li>Veill\u00e9e d\u2019la St-Jean &#8211; Solstice en Bellechasse (21 juin, Beaumont, Parc r\u00e9cr\u00e9otouristique de Vincennes) <\/li>\n\n\n\n<li>La Veill\u00e9e Tiss\u00e9s Serr\u00e9s (21 juin, Laval, Parc Bernard-Landry) <\/li>\n\n\n\n<li>Soir\u00e9e dansante en hommage \u00e0 Philippe Gagnon (21 juin, Val-David, La Seine de l\u2019\u00cele) <\/li>\n\n\n\n<li>Les petites veill\u00e9es trad de Saint-Ours &#8211; \u00c9dition St-Jean-Baptiste (22 juin, Parc Alphonse-Desjardins) <\/li>\n\n\n\n<li>\u00c7a swingue \u00e0 Petite-Vall\u00e9e (22 juin, Th\u00e9\u00e2tre de la Vieille Forge) <\/li>\n\n\n\n<li>La Veill\u00e9e d&#8217;EspaceTrad (22 juin, Montr\u00e9al, Parc Ahuntsic) <\/li>\n\n\n\n<li>La veill\u00e9e de danse du Festitrad (22 juin, Pr\u00e9au de Saint-Jean-de-Matha) <\/li>\n\n\n\n<li>La danse trad au c\u0153ur du village (22 juin, L\u00e9vis, Rue Saint-Louis &#8211; entre Dorim\u00e8ne-Desjardins et C\u00f4te du Passage) <\/li>\n\n\n\n<li>Veill\u00e9e Trad du Solstice (22 juin, Waterville, Parc Bellevue)<\/li>\n<\/ul>\n\n\n\n<p class=\"has-text-align-center has-link-color wp-elements-fb6c82f2a35137469609ddd740da6084\"><strong>Tous les d\u00e9tails et la programmation compl\u00e8te se <\/strong><a rel=\"noreferrer noopener\" href=\"http:\/\/veillees-danse.quebec\/\" target=\"_blank\">trouvent ici<\/a>  <br><strong>Suivez-nous sur les r\u00e9seaux sociaux<\/strong> <a rel=\"noreferrer noopener\" href=\"https:\/\/www.facebook.com\/CQPVTrad\/\" target=\"_blank\">Facebook<\/a> | <a rel=\"noreferrer noopener\" href=\"https:\/\/www.linkedin.com\/company\/cqpv\/\" target=\"_blank\">LinkedIn<\/a> | <a rel=\"noreferrer noopener\" href=\"https:\/\/www.instagram.com\/conseilqcdupatrimoinevivant\/\" target=\"_blank\">Instagram<\/a> | <a rel=\"noreferrer noopener\" href=\"https:\/\/twitter.com\/CQPV\" target=\"_blank\">Twitter<\/a> | <a rel=\"noreferrer noopener\" href=\"https:\/\/www.youtube.com\/patrimoinevivant\" target=\"_blank\">YouTube<\/a><\/p>\n\n\n\n<p class=\"has-link-color wp-elements-84b59b97d2843b9aee05074399319516\">Du 17 au 24 juin 2022, les occasions seront nombreuses pour c\u00e9l\u00e9brer la f\u00eate nationale. Le gouvernement du Qu\u00e9bec vous invite \u00e0 prendre part aux diff\u00e9rentes activit\u00e9s culturelles qui seront propos\u00e9es partout au Qu\u00e9bec. Pour en savoir plus <a rel=\"noreferrer noopener\" href=\"https:\/\/www.quebec.ca\/culture\/fete-nationale\" target=\"_blank\">quebec.ca\/fetenationale<\/a><\/p>\n\n\n\n<p><strong>\u00c0 propos du Conseil qu\u00e9b\u00e9cois du patrimoine vivant<\/strong><\/p>\n\n\n\n<p>Le Conseil qu\u00e9b\u00e9cois du patrimoine vivant (CQPV) constitue depuis 1993 l\u2019organisme de regroupement national en patrimoine immat\u00e9riel, soutenu par le minist\u00e8re de la Culture et des Communications. Il f\u00e9d\u00e8re de fa\u00e7on d\u00e9mocratique plus d\u2019une centaine de membres associatifs des quatre coins du Qu\u00e9bec. Il r\u00e9alise des actions de concertation, repr\u00e9sentation, recherche, regroupement, transmission et promotion, tant \u00e0 l\u2019\u00e9chelle locale, nationale qu\u2019internationale. Le CQPV est reconnu par l\u2019UNESCO comme ONG-conseil dans le cadre de la Convention pour la sauvegarde du patrimoine culturel immat\u00e9riel.<\/p>\n","protected":false},"excerpt":{"rendered":"<p>Montr\u00e9al, le 1er juin 2022 &#8211; Le Conseil qu\u00e9b\u00e9cois du patrimoine vivant (CQPV) est heureux de d\u00e9voiler la programmation des 25 veill\u00e9es de danse de la F\u00eate nationale, r\u00e9alis\u00e9es en partenariat avec le gouvernement du Qu\u00e9bec. Quoi de mieux que de d\u00e9couvrir ou red\u00e9couvrir cette tradition festive en cette p\u00e9riode de c\u00e9l\u00e9brations? Parcourez le Qu\u00e9bec en participant aux 25 veill\u00e9es de danse traditionnelle, tout \u00e0 fait gratuitement. Du 17 au 22 juin, toute la population est invit\u00e9e \u00e0 swinguer sa compagnie lors d\u2019\u00e9v\u00e9nements ext\u00e9rieurs rassembleurs, sous la gouverne de musiciens trad et d\u2019un. e c\u00e2lleur.euse. Domino, tout l&#8217;monde a chaud!<\/p>\n","protected":false},"author":1,"featured_media":0,"comment_status":"closed","ping_status":"closed","sticky":false,"template":"","format":"standard","meta":{"footnotes":""},"categories":[20],"tags":[],"class_list":["post-277","post","type-post","status-publish","format-standard","hentry","category-actualites"],"yoast_head":"<!-- This site is optimized with the Yoast SEO plugin v25.5 - https:\/\/yoast.com\/wordpress\/plugins\/seo\/ -->\n<title>Le Conseil qu\u00e9b\u00e9cois du patrimoine vivant d\u00e9voile la programmation des Veill\u00e9es de danse de la F\u00eate - Perfecteau Comm<\/title>\n<meta name=\"robots\" content=\"index, follow, max-snippet:-1, max-image-preview:large, max-video-preview:-1\" \/>\n<link rel=\"canonical\" href=\"https:\/\/www.perfecteaucomm.com\/en\/actualites\/le-conseil-quebecois-du-patrimoine-vivant-devoile-la-programmation-des-veillees-de-danse-de-la-fete\/\" \/>\n<meta property=\"og:locale\" content=\"en_US\" \/>\n<meta property=\"og:locale:alternate\" content=\"fr_CA\" \/>\n<meta property=\"og:type\" content=\"article\" \/>\n<meta property=\"og:title\" content=\"Le Conseil qu\u00e9b\u00e9cois du patrimoine vivant d\u00e9voile la programmation des Veill\u00e9es de danse de la F\u00eate - Perfecteau Comm\" \/>\n<meta property=\"og:description\" content=\"Montr\u00e9al, le 1er juin 2022 &#8211; Le Conseil qu\u00e9b\u00e9cois du patrimoine vivant (CQPV) est heureux de d\u00e9voiler la programmation des 25 veill\u00e9es de danse de la F\u00eate nationale, r\u00e9alis\u00e9es en partenariat avec le gouvernement du Qu\u00e9bec. Quoi de mieux que de d\u00e9couvrir ou red\u00e9couvrir cette tradition festive en cette p\u00e9riode de c\u00e9l\u00e9brations? Parcourez le Qu\u00e9bec en participant aux 25 veill\u00e9es de danse traditionnelle, tout \u00e0 fait gratuitement. Du 17 au 22 juin, toute la population est invit\u00e9e \u00e0 swinguer sa compagnie lors d\u2019\u00e9v\u00e9nements ext\u00e9rieurs rassembleurs, sous la gouverne de musiciens trad et d\u2019un. e c\u00e2lleur.euse. Domino, tout l&#8217;monde a chaud!\" \/>\n<meta property=\"og:url\" content=\"https:\/\/www.perfecteaucomm.com\/en\/actualites\/le-conseil-quebecois-du-patrimoine-vivant-devoile-la-programmation-des-veillees-de-danse-de-la-fete\/\" \/>\n<meta property=\"og:site_name\" content=\"Perfecteau Comm\" \/>\n<meta property=\"article:published_time\" content=\"2022-06-01T13:18:06+00:00\" \/>\n<meta property=\"article:modified_time\" content=\"2023-02-22T22:38:18+00:00\" \/>\n<meta property=\"og:image\" content=\"https:\/\/www.perfecteaucomm.com\/wp-content\/uploads\/2023\/01\/Veillees-de-danse-de-la-Fete_001.jpg\" \/>\n\t<meta property=\"og:image:width\" content=\"1128\" \/>\n\t<meta property=\"og:image:height\" content=\"424\" \/>\n\t<meta property=\"og:image:type\" content=\"image\/jpeg\" \/>\n<meta name=\"author\" content=\"perfecteau\" \/>\n<meta name=\"twitter:card\" content=\"summary_large_image\" \/>\n<meta name=\"twitter:label1\" content=\"Written by\" \/>\n\t<meta name=\"twitter:data1\" content=\"perfecteau\" \/>\n\t<meta name=\"twitter:label2\" content=\"Est. reading time\" \/>\n\t<meta name=\"twitter:data2\" content=\"4 minutes\" \/>\n<script type=\"application\/ld+json\" class=\"yoast-schema-graph\">{\"@context\":\"https:\/\/schema.org\",\"@graph\":[{\"@type\":\"Article\",\"@id\":\"https:\/\/www.perfecteaucomm.com\/actualites\/le-conseil-quebecois-du-patrimoine-vivant-devoile-la-programmation-des-veillees-de-danse-de-la-fete\/#article\",\"isPartOf\":{\"@id\":\"https:\/\/www.perfecteaucomm.com\/actualites\/le-conseil-quebecois-du-patrimoine-vivant-devoile-la-programmation-des-veillees-de-danse-de-la-fete\/\"},\"author\":{\"name\":\"perfecteau\",\"@id\":\"https:\/\/www.perfecteaucomm.com\/#\/schema\/person\/6e8531918d9cb8157ee1a5075d81d5c7\"},\"headline\":\"Le Conseil qu\u00e9b\u00e9cois du patrimoine vivant d\u00e9voile la programmation des Veill\u00e9es de danse de la F\u00eate\",\"datePublished\":\"2022-06-01T13:18:06+00:00\",\"dateModified\":\"2023-02-22T22:38:18+00:00\",\"mainEntityOfPage\":{\"@id\":\"https:\/\/www.perfecteaucomm.com\/actualites\/le-conseil-quebecois-du-patrimoine-vivant-devoile-la-programmation-des-veillees-de-danse-de-la-fete\/\"},\"wordCount\":760,\"publisher\":{\"@id\":\"https:\/\/www.perfecteaucomm.com\/#organization\"},\"image\":{\"@id\":\"https:\/\/www.perfecteaucomm.com\/actualites\/le-conseil-quebecois-du-patrimoine-vivant-devoile-la-programmation-des-veillees-de-danse-de-la-fete\/#primaryimage\"},\"thumbnailUrl\":\"https:\/\/perfecteaucomm.la-complice.com\/wp-content\/uploads\/2023\/01\/Veillees-de-danse-de-la-Fete_001-1024x385.jpg\",\"articleSection\":[\"Actualit\u00e9s\"],\"inLanguage\":\"en-CA\"},{\"@type\":\"WebPage\",\"@id\":\"https:\/\/www.perfecteaucomm.com\/actualites\/le-conseil-quebecois-du-patrimoine-vivant-devoile-la-programmation-des-veillees-de-danse-de-la-fete\/\",\"url\":\"https:\/\/www.perfecteaucomm.com\/actualites\/le-conseil-quebecois-du-patrimoine-vivant-devoile-la-programmation-des-veillees-de-danse-de-la-fete\/\",\"name\":\"Le Conseil qu\u00e9b\u00e9cois du patrimoine vivant d\u00e9voile la programmation des Veill\u00e9es de danse de la F\u00eate - Perfecteau Comm\",\"isPartOf\":{\"@id\":\"https:\/\/www.perfecteaucomm.com\/#website\"},\"primaryImageOfPage\":{\"@id\":\"https:\/\/www.perfecteaucomm.com\/actualites\/le-conseil-quebecois-du-patrimoine-vivant-devoile-la-programmation-des-veillees-de-danse-de-la-fete\/#primaryimage\"},\"image\":{\"@id\":\"https:\/\/www.perfecteaucomm.com\/actualites\/le-conseil-quebecois-du-patrimoine-vivant-devoile-la-programmation-des-veillees-de-danse-de-la-fete\/#primaryimage\"},\"thumbnailUrl\":\"https:\/\/perfecteaucomm.la-complice.com\/wp-content\/uploads\/2023\/01\/Veillees-de-danse-de-la-Fete_001-1024x385.jpg\",\"datePublished\":\"2022-06-01T13:18:06+00:00\",\"dateModified\":\"2023-02-22T22:38:18+00:00\",\"breadcrumb\":{\"@id\":\"https:\/\/www.perfecteaucomm.com\/actualites\/le-conseil-quebecois-du-patrimoine-vivant-devoile-la-programmation-des-veillees-de-danse-de-la-fete\/#breadcrumb\"},\"inLanguage\":\"en-CA\",\"potentialAction\":[{\"@type\":\"ReadAction\",\"target\":[\"https:\/\/www.perfecteaucomm.com\/actualites\/le-conseil-quebecois-du-patrimoine-vivant-devoile-la-programmation-des-veillees-de-danse-de-la-fete\/\"]}]},{\"@type\":\"ImageObject\",\"inLanguage\":\"en-CA\",\"@id\":\"https:\/\/www.perfecteaucomm.com\/actualites\/le-conseil-quebecois-du-patrimoine-vivant-devoile-la-programmation-des-veillees-de-danse-de-la-fete\/#primaryimage\",\"url\":\"https:\/\/perfecteaucomm.la-complice.com\/wp-content\/uploads\/2023\/01\/Veillees-de-danse-de-la-Fete_001-1024x385.jpg\",\"contentUrl\":\"https:\/\/perfecteaucomm.la-complice.com\/wp-content\/uploads\/2023\/01\/Veillees-de-danse-de-la-Fete_001-1024x385.jpg\"},{\"@type\":\"BreadcrumbList\",\"@id\":\"https:\/\/www.perfecteaucomm.com\/actualites\/le-conseil-quebecois-du-patrimoine-vivant-devoile-la-programmation-des-veillees-de-danse-de-la-fete\/#breadcrumb\",\"itemListElement\":[{\"@type\":\"ListItem\",\"position\":1,\"name\":\"Accueil\",\"item\":\"https:\/\/www.perfecteaucomm.com\/\"},{\"@type\":\"ListItem\",\"position\":2,\"name\":\"Le Conseil qu\u00e9b\u00e9cois du patrimoine vivant d\u00e9voile la programmation des Veill\u00e9es de danse de la F\u00eate\"}]},{\"@type\":\"WebSite\",\"@id\":\"https:\/\/www.perfecteaucomm.com\/#website\",\"url\":\"https:\/\/www.perfecteaucomm.com\/\",\"name\":\"Perfecteau Comm\",\"description\":\"Agence de relations de presse\",\"publisher\":{\"@id\":\"https:\/\/www.perfecteaucomm.com\/#organization\"},\"potentialAction\":[{\"@type\":\"SearchAction\",\"target\":{\"@type\":\"EntryPoint\",\"urlTemplate\":\"https:\/\/www.perfecteaucomm.com\/?s={search_term_string}\"},\"query-input\":{\"@type\":\"PropertyValueSpecification\",\"valueRequired\":true,\"valueName\":\"search_term_string\"}}],\"inLanguage\":\"en-CA\"},{\"@type\":\"Organization\",\"@id\":\"https:\/\/www.perfecteaucomm.com\/#organization\",\"name\":\"Perfecteau Comm\",\"url\":\"https:\/\/www.perfecteaucomm.com\/\",\"logo\":{\"@type\":\"ImageObject\",\"inLanguage\":\"en-CA\",\"@id\":\"https:\/\/www.perfecteaucomm.com\/#\/schema\/logo\/image\/\",\"url\":\"https:\/\/www.perfecteaucomm.com\/wp-content\/uploads\/2023\/01\/logo_perfecteau_fichier_final-2.png\",\"contentUrl\":\"https:\/\/www.perfecteaucomm.com\/wp-content\/uploads\/2023\/01\/logo_perfecteau_fichier_final-2.png\",\"width\":1600,\"height\":704,\"caption\":\"Perfecteau Comm\"},\"image\":{\"@id\":\"https:\/\/www.perfecteaucomm.com\/#\/schema\/logo\/image\/\"}},{\"@type\":\"Person\",\"@id\":\"https:\/\/www.perfecteaucomm.com\/#\/schema\/person\/6e8531918d9cb8157ee1a5075d81d5c7\",\"name\":\"perfecteau\",\"sameAs\":[\"https:\/\/perfecteaucomm.la-complice.com\"],\"url\":\"https:\/\/www.perfecteaucomm.com\/en\/author\/perfecteau\/\"}]}<\/script>\n<!-- \/ Yoast SEO plugin. -->","yoast_head_json":{"title":"Le Conseil qu\u00e9b\u00e9cois du patrimoine vivant d\u00e9voile la programmation des Veill\u00e9es de danse de la F\u00eate - Perfecteau Comm","robots":{"index":"index","follow":"follow","max-snippet":"max-snippet:-1","max-image-preview":"max-image-preview:large","max-video-preview":"max-video-preview:-1"},"canonical":"https:\/\/www.perfecteaucomm.com\/en\/actualites\/le-conseil-quebecois-du-patrimoine-vivant-devoile-la-programmation-des-veillees-de-danse-de-la-fete\/","og_locale":"en_US","og_type":"article","og_title":"Le Conseil qu\u00e9b\u00e9cois du patrimoine vivant d\u00e9voile la programmation des Veill\u00e9es de danse de la F\u00eate - Perfecteau Comm","og_description":"Montr\u00e9al, le 1er juin 2022 &#8211; Le Conseil qu\u00e9b\u00e9cois du patrimoine vivant (CQPV) est heureux de d\u00e9voiler la programmation des 25 veill\u00e9es de danse de la F\u00eate nationale, r\u00e9alis\u00e9es en partenariat avec le gouvernement du Qu\u00e9bec. Quoi de mieux que de d\u00e9couvrir ou red\u00e9couvrir cette tradition festive en cette p\u00e9riode de c\u00e9l\u00e9brations? Parcourez le Qu\u00e9bec en participant aux 25 veill\u00e9es de danse traditionnelle, tout \u00e0 fait gratuitement. Du 17 au 22 juin, toute la population est invit\u00e9e \u00e0 swinguer sa compagnie lors d\u2019\u00e9v\u00e9nements ext\u00e9rieurs rassembleurs, sous la gouverne de musiciens trad et d\u2019un. e c\u00e2lleur.euse. Domino, tout l&#8217;monde a chaud!","og_url":"https:\/\/www.perfecteaucomm.com\/en\/actualites\/le-conseil-quebecois-du-patrimoine-vivant-devoile-la-programmation-des-veillees-de-danse-de-la-fete\/","og_site_name":"Perfecteau Comm","article_published_time":"2022-06-01T13:18:06+00:00","article_modified_time":"2023-02-22T22:38:18+00:00","og_image":[{"width":1128,"height":424,"url":"https:\/\/www.perfecteaucomm.com\/wp-content\/uploads\/2023\/01\/Veillees-de-danse-de-la-Fete_001.jpg","type":"image\/jpeg"}],"author":"perfecteau","twitter_card":"summary_large_image","twitter_misc":{"Written by":"perfecteau","Est. reading time":"4 minutes"},"schema":{"@context":"https:\/\/schema.org","@graph":[{"@type":"Article","@id":"https:\/\/www.perfecteaucomm.com\/actualites\/le-conseil-quebecois-du-patrimoine-vivant-devoile-la-programmation-des-veillees-de-danse-de-la-fete\/#article","isPartOf":{"@id":"https:\/\/www.perfecteaucomm.com\/actualites\/le-conseil-quebecois-du-patrimoine-vivant-devoile-la-programmation-des-veillees-de-danse-de-la-fete\/"},"author":{"name":"perfecteau","@id":"https:\/\/www.perfecteaucomm.com\/#\/schema\/person\/6e8531918d9cb8157ee1a5075d81d5c7"},"headline":"Le Conseil qu\u00e9b\u00e9cois du patrimoine vivant d\u00e9voile la programmation des Veill\u00e9es de danse de la F\u00eate","datePublished":"2022-06-01T13:18:06+00:00","dateModified":"2023-02-22T22:38:18+00:00","mainEntityOfPage":{"@id":"https:\/\/www.perfecteaucomm.com\/actualites\/le-conseil-quebecois-du-patrimoine-vivant-devoile-la-programmation-des-veillees-de-danse-de-la-fete\/"},"wordCount":760,"publisher":{"@id":"https:\/\/www.perfecteaucomm.com\/#organization"},"image":{"@id":"https:\/\/www.perfecteaucomm.com\/actualites\/le-conseil-quebecois-du-patrimoine-vivant-devoile-la-programmation-des-veillees-de-danse-de-la-fete\/#primaryimage"},"thumbnailUrl":"https:\/\/perfecteaucomm.la-complice.com\/wp-content\/uploads\/2023\/01\/Veillees-de-danse-de-la-Fete_001-1024x385.jpg","articleSection":["Actualit\u00e9s"],"inLanguage":"en-CA"},{"@type":"WebPage","@id":"https:\/\/www.perfecteaucomm.com\/actualites\/le-conseil-quebecois-du-patrimoine-vivant-devoile-la-programmation-des-veillees-de-danse-de-la-fete\/","url":"https:\/\/www.perfecteaucomm.com\/actualites\/le-conseil-quebecois-du-patrimoine-vivant-devoile-la-programmation-des-veillees-de-danse-de-la-fete\/","name":"Le Conseil qu\u00e9b\u00e9cois du patrimoine vivant d\u00e9voile la programmation des Veill\u00e9es de danse de la F\u00eate - Perfecteau Comm","isPartOf":{"@id":"https:\/\/www.perfecteaucomm.com\/#website"},"primaryImageOfPage":{"@id":"https:\/\/www.perfecteaucomm.com\/actualites\/le-conseil-quebecois-du-patrimoine-vivant-devoile-la-programmation-des-veillees-de-danse-de-la-fete\/#primaryimage"},"image":{"@id":"https:\/\/www.perfecteaucomm.com\/actualites\/le-conseil-quebecois-du-patrimoine-vivant-devoile-la-programmation-des-veillees-de-danse-de-la-fete\/#primaryimage"},"thumbnailUrl":"https:\/\/perfecteaucomm.la-complice.com\/wp-content\/uploads\/2023\/01\/Veillees-de-danse-de-la-Fete_001-1024x385.jpg","datePublished":"2022-06-01T13:18:06+00:00","dateModified":"2023-02-22T22:38:18+00:00","breadcrumb":{"@id":"https:\/\/www.perfecteaucomm.com\/actualites\/le-conseil-quebecois-du-patrimoine-vivant-devoile-la-programmation-des-veillees-de-danse-de-la-fete\/#breadcrumb"},"inLanguage":"en-CA","potentialAction":[{"@type":"ReadAction","target":["https:\/\/www.perfecteaucomm.com\/actualites\/le-conseil-quebecois-du-patrimoine-vivant-devoile-la-programmation-des-veillees-de-danse-de-la-fete\/"]}]},{"@type":"ImageObject","inLanguage":"en-CA","@id":"https:\/\/www.perfecteaucomm.com\/actualites\/le-conseil-quebecois-du-patrimoine-vivant-devoile-la-programmation-des-veillees-de-danse-de-la-fete\/#primaryimage","url":"https:\/\/perfecteaucomm.la-complice.com\/wp-content\/uploads\/2023\/01\/Veillees-de-danse-de-la-Fete_001-1024x385.jpg","contentUrl":"https:\/\/perfecteaucomm.la-complice.com\/wp-content\/uploads\/2023\/01\/Veillees-de-danse-de-la-Fete_001-1024x385.jpg"},{"@type":"BreadcrumbList","@id":"https:\/\/www.perfecteaucomm.com\/actualites\/le-conseil-quebecois-du-patrimoine-vivant-devoile-la-programmation-des-veillees-de-danse-de-la-fete\/#breadcrumb","itemListElement":[{"@type":"ListItem","position":1,"name":"Accueil","item":"https:\/\/www.perfecteaucomm.com\/"},{"@type":"ListItem","position":2,"name":"Le Conseil qu\u00e9b\u00e9cois du patrimoine vivant d\u00e9voile la programmation des Veill\u00e9es de danse de la F\u00eate"}]},{"@type":"WebSite","@id":"https:\/\/www.perfecteaucomm.com\/#website","url":"https:\/\/www.perfecteaucomm.com\/","name":"Perfecteau Comm","description":"Agence de relations de presse","publisher":{"@id":"https:\/\/www.perfecteaucomm.com\/#organization"},"potentialAction":[{"@type":"SearchAction","target":{"@type":"EntryPoint","urlTemplate":"https:\/\/www.perfecteaucomm.com\/?s={search_term_string}"},"query-input":{"@type":"PropertyValueSpecification","valueRequired":true,"valueName":"search_term_string"}}],"inLanguage":"en-CA"},{"@type":"Organization","@id":"https:\/\/www.perfecteaucomm.com\/#organization","name":"Perfecteau Comm","url":"https:\/\/www.perfecteaucomm.com\/","logo":{"@type":"ImageObject","inLanguage":"en-CA","@id":"https:\/\/www.perfecteaucomm.com\/#\/schema\/logo\/image\/","url":"https:\/\/www.perfecteaucomm.com\/wp-content\/uploads\/2023\/01\/logo_perfecteau_fichier_final-2.png","contentUrl":"https:\/\/www.perfecteaucomm.com\/wp-content\/uploads\/2023\/01\/logo_perfecteau_fichier_final-2.png","width":1600,"height":704,"caption":"Perfecteau Comm"},"image":{"@id":"https:\/\/www.perfecteaucomm.com\/#\/schema\/logo\/image\/"}},{"@type":"Person","@id":"https:\/\/www.perfecteaucomm.com\/#\/schema\/person\/6e8531918d9cb8157ee1a5075d81d5c7","name":"perfecteau","sameAs":["https:\/\/perfecteaucomm.la-complice.com"],"url":"https:\/\/www.perfecteaucomm.com\/en\/author\/perfecteau\/"}]}},"_links":{"self":[{"href":"https:\/\/www.perfecteaucomm.com\/en\/wp-json\/wp\/v2\/posts\/277","targetHints":{"allow":["GET"]}}],"collection":[{"href":"https:\/\/www.perfecteaucomm.com\/en\/wp-json\/wp\/v2\/posts"}],"about":[{"href":"https:\/\/www.perfecteaucomm.com\/en\/wp-json\/wp\/v2\/types\/post"}],"author":[{"embeddable":true,"href":"https:\/\/www.perfecteaucomm.com\/en\/wp-json\/wp\/v2\/users\/1"}],"replies":[{"embeddable":true,"href":"https:\/\/www.perfecteaucomm.com\/en\/wp-json\/wp\/v2\/comments?post=277"}],"version-history":[{"count":1,"href":"https:\/\/www.perfecteaucomm.com\/en\/wp-json\/wp\/v2\/posts\/277\/revisions"}],"predecessor-version":[{"id":279,"href":"https:\/\/www.perfecteaucomm.com\/en\/wp-json\/wp\/v2\/posts\/277\/revisions\/279"}],"wp:attachment":[{"href":"https:\/\/www.perfecteaucomm.com\/en\/wp-json\/wp\/v2\/media?parent=277"}],"wp:term":[{"taxonomy":"category","embeddable":true,"href":"https:\/\/www.perfecteaucomm.com\/en\/wp-json\/wp\/v2\/categories?post=277"},{"taxonomy":"post_tag","embeddable":true,"href":"https:\/\/www.perfecteaucomm.com\/en\/wp-json\/wp\/v2\/tags?post=277"}],"curies":[{"name":"wp","href":"https:\/\/api.w.org\/{rel}","templated":true}]}}