{"id":274,"date":"2022-06-07T09:10:56","date_gmt":"2022-06-07T13:10:56","guid":{"rendered":"https:\/\/perfecteaucomm.la-complice.com\/?p=274"},"modified":"2023-02-22T17:38:11","modified_gmt":"2023-02-22T22:38:11","slug":"des-salles-combles-et-des-supplementaires-pour-la-legende-de-dave-gaudet","status":"publish","type":"post","link":"https:\/\/www.perfecteaucomm.com\/en\/actualites\/des-salles-combles-et-des-supplementaires-pour-la-legende-de-dave-gaudet\/","title":{"rendered":"Des salles combles et des suppl\u00e9mentaires pour La L\u00e9gende, de Dave Gaudet"},"content":{"rendered":"\n<figure class=\"wp-block-image aligncenter size-full is-resized\"><img loading=\"lazy\" decoding=\"async\" src=\"https:\/\/perfecteaucomm.la-complice.com\/wp-content\/uploads\/2023\/01\/Affiche-horizontale.jpg\" alt=\"\" class=\"wp-image-275\" width=\"450\" height=\"237\" srcset=\"https:\/\/www.perfecteaucomm.com\/wp-content\/uploads\/2023\/01\/Affiche-horizontale.jpg 900w, https:\/\/www.perfecteaucomm.com\/wp-content\/uploads\/2023\/01\/Affiche-horizontale-300x158.jpg 300w, https:\/\/www.perfecteaucomm.com\/wp-content\/uploads\/2023\/01\/Affiche-horizontale-768x404.jpg 768w\" sizes=\"auto, (max-width: 450px) 100vw, 450px\" \/><\/figure>\n\n\n\n<p>Montr\u00e9al, 7 juin 2022 \u0336 Suite \u00e0 son spectacle qui a fait salle comble le 2 juin dernier au Petit Champlain, Dave Gaudet annonce une suppl\u00e9mentaire \u00e0 la salle Albert-Rousseau le 8 janvier 2023.<\/p>\n\n\n\n<p>Partout o\u00f9 La L\u00e9gende passe, les salles sont combles : lors de sa premi\u00e8re montr\u00e9alaise le 4 mai dernier, au Club Soda; \u00e0 Qu\u00e9bec, le 2 juin dernier; ou m\u00eame \u00e0 Gatineau, les 15 et 16 juin prochains, d\u00e9j\u00e0 <em>sold-out<\/em> malgr\u00e9 l\u2019ajout d\u2019une suppl\u00e9mentaire.<\/p>\n\n\n\n<p class=\"has-link-color wp-elements-e1a520f23b1229fe5900ecee4f26a30f\"><strong>Autres dates de la tourn\u00e9e :<\/strong><\/p>\n\n\n\n<ul class=\"has-link-color wp-block-list wp-elements-88ad7fc2c0efe509309fbab397b8d157\">\n<li>Th\u00e9\u00e2tre le Poulailler (La P\u00eache) &#8211; 11 juin 2022 : <a rel=\"noreferrer noopener\" href=\"https:\/\/lepointdevente.com\/billets\/dccdavegaudet\" target=\"_blank\">ACHAT BILLET<\/a> <\/li>\n\n\n\n<li>Mardi Gras (Gatineau) &#8211; 15 juin 2022 : COMPLET <\/li>\n\n\n\n<li>Mardi Gras (Gatineau) &#8211; 16 juin 2022 : COMPLET <\/li>\n\n\n\n<li>La Chasse-Galerie (Lavaltrie) &#8211; 29 juillet 2022 : COMPLET <\/li>\n\n\n\n<li>Club Dix30 (Brossard) &#8211; 15 septembre 2022 : <a rel=\"noreferrer noopener\" href=\"https:\/\/lepointdevente.com\/billets\/dccdavegaudet\" target=\"_blank\">ACHAT BILLET<\/a> <\/li>\n\n\n\n<li>Pavillon Wilson (Coteau-du-Lac) &#8211; 14 octobre 2022 : <a rel=\"noreferrer noopener\" href=\"https:\/\/lepointdevente.com\/billets\/dccdavegaudet\" target=\"_blank\">ACHAT BILLET<\/a> <\/li>\n\n\n\n<li>Salle Albert-Rousseau (Qu\u00e9bec) &#8211; 8 janvier 2023 : <a rel=\"noreferrer noopener\" href=\"https:\/\/lepointdevente.com\/billets\/dccdavegaudet\" target=\"_blank\">ACHAT BILLET<\/a> <\/li>\n\n\n\n<li>Le Zenith (St-Eustache) &#8211; 18 janvier 2023 : <a rel=\"noreferrer noopener\" href=\"https:\/\/lepointdevente.com\/billets\/dccdavegaudet\" target=\"_blank\">ACHAT BILLET<\/a> <\/li>\n\n\n\n<li>Granada (Sherbrooke) &#8211; 2 mars 2023 \u2013 \u00c0 venir <\/li>\n\n\n\n<li>Salle Georges d&#8217;Or (Drummondville) \u2013 \u00c0 venir<\/li>\n<\/ul>\n\n\n\n<p><strong>\u00c0 propos de Dave Gaudet<\/strong><\/p>\n\n\n\n<p>Connu comme l&#8217;humoriste le plus rassembleur en tant qu&#8217;animateur de soir\u00e9es d&#8217;humour partout au Qu\u00e9bec, ses pairs humoristes et son public lui ont accord\u00e9 le surnom \u00ab La l\u00e9gende \u00bb. Humoriste, danseur, musicien, com\u00e9dien et interpr\u00e8te, Dave Gaudet vous en fera voir de toutes les couleurs! <\/p>\n\n\n\n<p>N\u00e9 \u00e0 Edmonton en Alberta, Dave a grandi avec une passion pour la sc\u00e8ne. Il d\u00e9bute sa carri\u00e8re \u00e0 l\u2019\u00e2ge de 13 ans en faisant un spectacle d\u2019humour \u00e0 son l\u2019\u00e9cole secondaire, puis il \u00e9volue \u00e0 titre de danseur et chor\u00e9graphe de danse hip-hop. Apr\u00e8s 6 ans d\u2019exploration en th\u00e9\u00e2tre, en art dramatique et en improvisation, Dave Gaudet pr\u00e9sente son premier spectacle d\u2019humour au Yuk Yuk\u2019s Comedy Club en 1999. <\/p>\n\n\n\n<p>Depuis, il a fait plus de 2 500 prestations, 30 captations t\u00e9l\u00e9 et 4 fois le \u00ab Best of \u00bb du Grand Rire de Qu\u00e9bec. Aussi, Dave s&#8217;est class\u00e9 parmi le Top 50 de l\u2019\u00e9mission \u00ab Canada\u2019s Got Talent \u00bb et dans le Top 20 de \u00ab So you think can dance Canada \u00bb. Dave multiplie ses talents et son charme op\u00e8re partout o\u00f9 il passe. <\/p>\n\n\n\n<p>Apr\u00e8s l&#8217;avoir vu seulement 30 secondes sur sc\u00e8ne, vous saurez que votre soir\u00e9e sera \u00ab l\u00e9gendaire \u00bb!<\/p>\n","protected":false},"excerpt":{"rendered":"<p>Montr\u00e9al, 7 juin 2022 \u0336 Suite \u00e0 son spectacle qui a fait salle comble le 2 juin dernier au Petit Champlain, Dave Gaudet annonce une suppl\u00e9mentaire \u00e0 la salle Albert-Rousseau le 8 janvier 2023. Partout o\u00f9 La L\u00e9gende passe, les salles sont combles : lors de sa premi\u00e8re montr\u00e9alaise le 4 mai dernier, au Club Soda; \u00e0 Qu\u00e9bec, le 2 juin dernier; ou m\u00eame \u00e0 Gatineau, les 15 et 16 juin prochains, d\u00e9j\u00e0 sold-out malgr\u00e9 l\u2019ajout d\u2019une suppl\u00e9mentaire. Autres dates de la tourn\u00e9e : \u00c0 propos de Dave Gaudet Connu comme l&#8217;humoriste le plus rassembleur en tant qu&#8217;animateur de soir\u00e9es<\/p>\n","protected":false},"author":1,"featured_media":0,"comment_status":"closed","ping_status":"closed","sticky":false,"template":"","format":"standard","meta":{"footnotes":""},"categories":[20],"tags":[],"class_list":["post-274","post","type-post","status-publish","format-standard","hentry","category-actualites"],"yoast_head":"<!-- This site is optimized with the Yoast SEO plugin v25.5 - https:\/\/yoast.com\/wordpress\/plugins\/seo\/ -->\n<title>Des salles combles et des suppl\u00e9mentaires pour La L\u00e9gende, de Dave Gaudet - Perfecteau Comm<\/title>\n<meta name=\"robots\" content=\"index, follow, max-snippet:-1, max-image-preview:large, max-video-preview:-1\" \/>\n<link rel=\"canonical\" href=\"https:\/\/www.perfecteaucomm.com\/en\/actualites\/des-salles-combles-et-des-supplementaires-pour-la-legende-de-dave-gaudet\/\" \/>\n<meta property=\"og:locale\" content=\"en_US\" \/>\n<meta property=\"og:locale:alternate\" content=\"fr_CA\" \/>\n<meta property=\"og:type\" content=\"article\" \/>\n<meta property=\"og:title\" content=\"Des salles combles et des suppl\u00e9mentaires pour La L\u00e9gende, de Dave Gaudet - Perfecteau Comm\" \/>\n<meta property=\"og:description\" content=\"Montr\u00e9al, 7 juin 2022 \u0336 Suite \u00e0 son spectacle qui a fait salle comble le 2 juin dernier au Petit Champlain, Dave Gaudet annonce une suppl\u00e9mentaire \u00e0 la salle Albert-Rousseau le 8 janvier 2023. Partout o\u00f9 La L\u00e9gende passe, les salles sont combles : lors de sa premi\u00e8re montr\u00e9alaise le 4 mai dernier, au Club Soda; \u00e0 Qu\u00e9bec, le 2 juin dernier; ou m\u00eame \u00e0 Gatineau, les 15 et 16 juin prochains, d\u00e9j\u00e0 sold-out malgr\u00e9 l\u2019ajout d\u2019une suppl\u00e9mentaire. Autres dates de la tourn\u00e9e : \u00c0 propos de Dave Gaudet Connu comme l&#8217;humoriste le plus rassembleur en tant qu&#8217;animateur de soir\u00e9es\" \/>\n<meta property=\"og:url\" content=\"https:\/\/www.perfecteaucomm.com\/en\/actualites\/des-salles-combles-et-des-supplementaires-pour-la-legende-de-dave-gaudet\/\" \/>\n<meta property=\"og:site_name\" content=\"Perfecteau Comm\" \/>\n<meta property=\"article:published_time\" content=\"2022-06-07T13:10:56+00:00\" \/>\n<meta property=\"article:modified_time\" content=\"2023-02-22T22:38:11+00:00\" \/>\n<meta property=\"og:image\" content=\"https:\/\/www.perfecteaucomm.com\/wp-content\/uploads\/2023\/01\/Affiche-horizontale.jpg\" \/>\n\t<meta property=\"og:image:width\" content=\"900\" \/>\n\t<meta property=\"og:image:height\" content=\"473\" \/>\n\t<meta property=\"og:image:type\" content=\"image\/jpeg\" \/>\n<meta name=\"author\" content=\"perfecteau\" \/>\n<meta name=\"twitter:card\" content=\"summary_large_image\" \/>\n<meta name=\"twitter:label1\" content=\"Written by\" \/>\n\t<meta name=\"twitter:data1\" content=\"perfecteau\" \/>\n\t<meta name=\"twitter:label2\" content=\"Est. reading time\" \/>\n\t<meta name=\"twitter:data2\" content=\"2 minutes\" \/>\n<script type=\"application\/ld+json\" class=\"yoast-schema-graph\">{\"@context\":\"https:\/\/schema.org\",\"@graph\":[{\"@type\":\"Article\",\"@id\":\"https:\/\/www.perfecteaucomm.com\/actualites\/des-salles-combles-et-des-supplementaires-pour-la-legende-de-dave-gaudet\/#article\",\"isPartOf\":{\"@id\":\"https:\/\/www.perfecteaucomm.com\/actualites\/des-salles-combles-et-des-supplementaires-pour-la-legende-de-dave-gaudet\/\"},\"author\":{\"name\":\"perfecteau\",\"@id\":\"https:\/\/www.perfecteaucomm.com\/#\/schema\/person\/6e8531918d9cb8157ee1a5075d81d5c7\"},\"headline\":\"Des salles combles et des suppl\u00e9mentaires pour La L\u00e9gende, de Dave Gaudet\",\"datePublished\":\"2022-06-07T13:10:56+00:00\",\"dateModified\":\"2023-02-22T22:38:11+00:00\",\"mainEntityOfPage\":{\"@id\":\"https:\/\/www.perfecteaucomm.com\/actualites\/des-salles-combles-et-des-supplementaires-pour-la-legende-de-dave-gaudet\/\"},\"wordCount\":368,\"publisher\":{\"@id\":\"https:\/\/www.perfecteaucomm.com\/#organization\"},\"image\":{\"@id\":\"https:\/\/www.perfecteaucomm.com\/actualites\/des-salles-combles-et-des-supplementaires-pour-la-legende-de-dave-gaudet\/#primaryimage\"},\"thumbnailUrl\":\"https:\/\/perfecteaucomm.la-complice.com\/wp-content\/uploads\/2023\/01\/Affiche-horizontale.jpg\",\"articleSection\":[\"Actualit\u00e9s\"],\"inLanguage\":\"en-CA\"},{\"@type\":\"WebPage\",\"@id\":\"https:\/\/www.perfecteaucomm.com\/actualites\/des-salles-combles-et-des-supplementaires-pour-la-legende-de-dave-gaudet\/\",\"url\":\"https:\/\/www.perfecteaucomm.com\/actualites\/des-salles-combles-et-des-supplementaires-pour-la-legende-de-dave-gaudet\/\",\"name\":\"Des salles combles et des suppl\u00e9mentaires pour La L\u00e9gende, de Dave Gaudet - Perfecteau Comm\",\"isPartOf\":{\"@id\":\"https:\/\/www.perfecteaucomm.com\/#website\"},\"primaryImageOfPage\":{\"@id\":\"https:\/\/www.perfecteaucomm.com\/actualites\/des-salles-combles-et-des-supplementaires-pour-la-legende-de-dave-gaudet\/#primaryimage\"},\"image\":{\"@id\":\"https:\/\/www.perfecteaucomm.com\/actualites\/des-salles-combles-et-des-supplementaires-pour-la-legende-de-dave-gaudet\/#primaryimage\"},\"thumbnailUrl\":\"https:\/\/perfecteaucomm.la-complice.com\/wp-content\/uploads\/2023\/01\/Affiche-horizontale.jpg\",\"datePublished\":\"2022-06-07T13:10:56+00:00\",\"dateModified\":\"2023-02-22T22:38:11+00:00\",\"breadcrumb\":{\"@id\":\"https:\/\/www.perfecteaucomm.com\/actualites\/des-salles-combles-et-des-supplementaires-pour-la-legende-de-dave-gaudet\/#breadcrumb\"},\"inLanguage\":\"en-CA\",\"potentialAction\":[{\"@type\":\"ReadAction\",\"target\":[\"https:\/\/www.perfecteaucomm.com\/actualites\/des-salles-combles-et-des-supplementaires-pour-la-legende-de-dave-gaudet\/\"]}]},{\"@type\":\"ImageObject\",\"inLanguage\":\"en-CA\",\"@id\":\"https:\/\/www.perfecteaucomm.com\/actualites\/des-salles-combles-et-des-supplementaires-pour-la-legende-de-dave-gaudet\/#primaryimage\",\"url\":\"https:\/\/perfecteaucomm.la-complice.com\/wp-content\/uploads\/2023\/01\/Affiche-horizontale.jpg\",\"contentUrl\":\"https:\/\/perfecteaucomm.la-complice.com\/wp-content\/uploads\/2023\/01\/Affiche-horizontale.jpg\"},{\"@type\":\"BreadcrumbList\",\"@id\":\"https:\/\/www.perfecteaucomm.com\/actualites\/des-salles-combles-et-des-supplementaires-pour-la-legende-de-dave-gaudet\/#breadcrumb\",\"itemListElement\":[{\"@type\":\"ListItem\",\"position\":1,\"name\":\"Accueil\",\"item\":\"https:\/\/www.perfecteaucomm.com\/\"},{\"@type\":\"ListItem\",\"position\":2,\"name\":\"Des salles combles et des suppl\u00e9mentaires pour La L\u00e9gende, de Dave Gaudet\"}]},{\"@type\":\"WebSite\",\"@id\":\"https:\/\/www.perfecteaucomm.com\/#website\",\"url\":\"https:\/\/www.perfecteaucomm.com\/\",\"name\":\"Perfecteau Comm\",\"description\":\"Agence de relations de presse\",\"publisher\":{\"@id\":\"https:\/\/www.perfecteaucomm.com\/#organization\"},\"potentialAction\":[{\"@type\":\"SearchAction\",\"target\":{\"@type\":\"EntryPoint\",\"urlTemplate\":\"https:\/\/www.perfecteaucomm.com\/?s={search_term_string}\"},\"query-input\":{\"@type\":\"PropertyValueSpecification\",\"valueRequired\":true,\"valueName\":\"search_term_string\"}}],\"inLanguage\":\"en-CA\"},{\"@type\":\"Organization\",\"@id\":\"https:\/\/www.perfecteaucomm.com\/#organization\",\"name\":\"Perfecteau Comm\",\"url\":\"https:\/\/www.perfecteaucomm.com\/\",\"logo\":{\"@type\":\"ImageObject\",\"inLanguage\":\"en-CA\",\"@id\":\"https:\/\/www.perfecteaucomm.com\/#\/schema\/logo\/image\/\",\"url\":\"https:\/\/www.perfecteaucomm.com\/wp-content\/uploads\/2023\/01\/logo_perfecteau_fichier_final-2.png\",\"contentUrl\":\"https:\/\/www.perfecteaucomm.com\/wp-content\/uploads\/2023\/01\/logo_perfecteau_fichier_final-2.png\",\"width\":1600,\"height\":704,\"caption\":\"Perfecteau Comm\"},\"image\":{\"@id\":\"https:\/\/www.perfecteaucomm.com\/#\/schema\/logo\/image\/\"}},{\"@type\":\"Person\",\"@id\":\"https:\/\/www.perfecteaucomm.com\/#\/schema\/person\/6e8531918d9cb8157ee1a5075d81d5c7\",\"name\":\"perfecteau\",\"sameAs\":[\"https:\/\/perfecteaucomm.la-complice.com\"],\"url\":\"https:\/\/www.perfecteaucomm.com\/en\/author\/perfecteau\/\"}]}<\/script>\n<!-- \/ Yoast SEO plugin. -->","yoast_head_json":{"title":"Des salles combles et des suppl\u00e9mentaires pour La L\u00e9gende, de Dave Gaudet - Perfecteau Comm","robots":{"index":"index","follow":"follow","max-snippet":"max-snippet:-1","max-image-preview":"max-image-preview:large","max-video-preview":"max-video-preview:-1"},"canonical":"https:\/\/www.perfecteaucomm.com\/en\/actualites\/des-salles-combles-et-des-supplementaires-pour-la-legende-de-dave-gaudet\/","og_locale":"en_US","og_type":"article","og_title":"Des salles combles et des suppl\u00e9mentaires pour La L\u00e9gende, de Dave Gaudet - Perfecteau Comm","og_description":"Montr\u00e9al, 7 juin 2022 \u0336 Suite \u00e0 son spectacle qui a fait salle comble le 2 juin dernier au Petit Champlain, Dave Gaudet annonce une suppl\u00e9mentaire \u00e0 la salle Albert-Rousseau le 8 janvier 2023. Partout o\u00f9 La L\u00e9gende passe, les salles sont combles : lors de sa premi\u00e8re montr\u00e9alaise le 4 mai dernier, au Club Soda; \u00e0 Qu\u00e9bec, le 2 juin dernier; ou m\u00eame \u00e0 Gatineau, les 15 et 16 juin prochains, d\u00e9j\u00e0 sold-out malgr\u00e9 l\u2019ajout d\u2019une suppl\u00e9mentaire. Autres dates de la tourn\u00e9e : \u00c0 propos de Dave Gaudet Connu comme l&#8217;humoriste le plus rassembleur en tant qu&#8217;animateur de soir\u00e9es","og_url":"https:\/\/www.perfecteaucomm.com\/en\/actualites\/des-salles-combles-et-des-supplementaires-pour-la-legende-de-dave-gaudet\/","og_site_name":"Perfecteau Comm","article_published_time":"2022-06-07T13:10:56+00:00","article_modified_time":"2023-02-22T22:38:11+00:00","og_image":[{"width":900,"height":473,"url":"https:\/\/www.perfecteaucomm.com\/wp-content\/uploads\/2023\/01\/Affiche-horizontale.jpg","type":"image\/jpeg"}],"author":"perfecteau","twitter_card":"summary_large_image","twitter_misc":{"Written by":"perfecteau","Est. reading time":"2 minutes"},"schema":{"@context":"https:\/\/schema.org","@graph":[{"@type":"Article","@id":"https:\/\/www.perfecteaucomm.com\/actualites\/des-salles-combles-et-des-supplementaires-pour-la-legende-de-dave-gaudet\/#article","isPartOf":{"@id":"https:\/\/www.perfecteaucomm.com\/actualites\/des-salles-combles-et-des-supplementaires-pour-la-legende-de-dave-gaudet\/"},"author":{"name":"perfecteau","@id":"https:\/\/www.perfecteaucomm.com\/#\/schema\/person\/6e8531918d9cb8157ee1a5075d81d5c7"},"headline":"Des salles combles et des suppl\u00e9mentaires pour La L\u00e9gende, de Dave Gaudet","datePublished":"2022-06-07T13:10:56+00:00","dateModified":"2023-02-22T22:38:11+00:00","mainEntityOfPage":{"@id":"https:\/\/www.perfecteaucomm.com\/actualites\/des-salles-combles-et-des-supplementaires-pour-la-legende-de-dave-gaudet\/"},"wordCount":368,"publisher":{"@id":"https:\/\/www.perfecteaucomm.com\/#organization"},"image":{"@id":"https:\/\/www.perfecteaucomm.com\/actualites\/des-salles-combles-et-des-supplementaires-pour-la-legende-de-dave-gaudet\/#primaryimage"},"thumbnailUrl":"https:\/\/perfecteaucomm.la-complice.com\/wp-content\/uploads\/2023\/01\/Affiche-horizontale.jpg","articleSection":["Actualit\u00e9s"],"inLanguage":"en-CA"},{"@type":"WebPage","@id":"https:\/\/www.perfecteaucomm.com\/actualites\/des-salles-combles-et-des-supplementaires-pour-la-legende-de-dave-gaudet\/","url":"https:\/\/www.perfecteaucomm.com\/actualites\/des-salles-combles-et-des-supplementaires-pour-la-legende-de-dave-gaudet\/","name":"Des salles combles et des suppl\u00e9mentaires pour La L\u00e9gende, de Dave Gaudet - Perfecteau Comm","isPartOf":{"@id":"https:\/\/www.perfecteaucomm.com\/#website"},"primaryImageOfPage":{"@id":"https:\/\/www.perfecteaucomm.com\/actualites\/des-salles-combles-et-des-supplementaires-pour-la-legende-de-dave-gaudet\/#primaryimage"},"image":{"@id":"https:\/\/www.perfecteaucomm.com\/actualites\/des-salles-combles-et-des-supplementaires-pour-la-legende-de-dave-gaudet\/#primaryimage"},"thumbnailUrl":"https:\/\/perfecteaucomm.la-complice.com\/wp-content\/uploads\/2023\/01\/Affiche-horizontale.jpg","datePublished":"2022-06-07T13:10:56+00:00","dateModified":"2023-02-22T22:38:11+00:00","breadcrumb":{"@id":"https:\/\/www.perfecteaucomm.com\/actualites\/des-salles-combles-et-des-supplementaires-pour-la-legende-de-dave-gaudet\/#breadcrumb"},"inLanguage":"en-CA","potentialAction":[{"@type":"ReadAction","target":["https:\/\/www.perfecteaucomm.com\/actualites\/des-salles-combles-et-des-supplementaires-pour-la-legende-de-dave-gaudet\/"]}]},{"@type":"ImageObject","inLanguage":"en-CA","@id":"https:\/\/www.perfecteaucomm.com\/actualites\/des-salles-combles-et-des-supplementaires-pour-la-legende-de-dave-gaudet\/#primaryimage","url":"https:\/\/perfecteaucomm.la-complice.com\/wp-content\/uploads\/2023\/01\/Affiche-horizontale.jpg","contentUrl":"https:\/\/perfecteaucomm.la-complice.com\/wp-content\/uploads\/2023\/01\/Affiche-horizontale.jpg"},{"@type":"BreadcrumbList","@id":"https:\/\/www.perfecteaucomm.com\/actualites\/des-salles-combles-et-des-supplementaires-pour-la-legende-de-dave-gaudet\/#breadcrumb","itemListElement":[{"@type":"ListItem","position":1,"name":"Accueil","item":"https:\/\/www.perfecteaucomm.com\/"},{"@type":"ListItem","position":2,"name":"Des salles combles et des suppl\u00e9mentaires pour La L\u00e9gende, de Dave Gaudet"}]},{"@type":"WebSite","@id":"https:\/\/www.perfecteaucomm.com\/#website","url":"https:\/\/www.perfecteaucomm.com\/","name":"Perfecteau Comm","description":"Agence de relations de presse","publisher":{"@id":"https:\/\/www.perfecteaucomm.com\/#organization"},"potentialAction":[{"@type":"SearchAction","target":{"@type":"EntryPoint","urlTemplate":"https:\/\/www.perfecteaucomm.com\/?s={search_term_string}"},"query-input":{"@type":"PropertyValueSpecification","valueRequired":true,"valueName":"search_term_string"}}],"inLanguage":"en-CA"},{"@type":"Organization","@id":"https:\/\/www.perfecteaucomm.com\/#organization","name":"Perfecteau Comm","url":"https:\/\/www.perfecteaucomm.com\/","logo":{"@type":"ImageObject","inLanguage":"en-CA","@id":"https:\/\/www.perfecteaucomm.com\/#\/schema\/logo\/image\/","url":"https:\/\/www.perfecteaucomm.com\/wp-content\/uploads\/2023\/01\/logo_perfecteau_fichier_final-2.png","contentUrl":"https:\/\/www.perfecteaucomm.com\/wp-content\/uploads\/2023\/01\/logo_perfecteau_fichier_final-2.png","width":1600,"height":704,"caption":"Perfecteau Comm"},"image":{"@id":"https:\/\/www.perfecteaucomm.com\/#\/schema\/logo\/image\/"}},{"@type":"Person","@id":"https:\/\/www.perfecteaucomm.com\/#\/schema\/person\/6e8531918d9cb8157ee1a5075d81d5c7","name":"perfecteau","sameAs":["https:\/\/perfecteaucomm.la-complice.com"],"url":"https:\/\/www.perfecteaucomm.com\/en\/author\/perfecteau\/"}]}},"_links":{"self":[{"href":"https:\/\/www.perfecteaucomm.com\/en\/wp-json\/wp\/v2\/posts\/274","targetHints":{"allow":["GET"]}}],"collection":[{"href":"https:\/\/www.perfecteaucomm.com\/en\/wp-json\/wp\/v2\/posts"}],"about":[{"href":"https:\/\/www.perfecteaucomm.com\/en\/wp-json\/wp\/v2\/types\/post"}],"author":[{"embeddable":true,"href":"https:\/\/www.perfecteaucomm.com\/en\/wp-json\/wp\/v2\/users\/1"}],"replies":[{"embeddable":true,"href":"https:\/\/www.perfecteaucomm.com\/en\/wp-json\/wp\/v2\/comments?post=274"}],"version-history":[{"count":1,"href":"https:\/\/www.perfecteaucomm.com\/en\/wp-json\/wp\/v2\/posts\/274\/revisions"}],"predecessor-version":[{"id":276,"href":"https:\/\/www.perfecteaucomm.com\/en\/wp-json\/wp\/v2\/posts\/274\/revisions\/276"}],"wp:attachment":[{"href":"https:\/\/www.perfecteaucomm.com\/en\/wp-json\/wp\/v2\/media?parent=274"}],"wp:term":[{"taxonomy":"category","embeddable":true,"href":"https:\/\/www.perfecteaucomm.com\/en\/wp-json\/wp\/v2\/categories?post=274"},{"taxonomy":"post_tag","embeddable":true,"href":"https:\/\/www.perfecteaucomm.com\/en\/wp-json\/wp\/v2\/tags?post=274"}],"curies":[{"name":"wp","href":"https:\/\/api.w.org\/{rel}","templated":true}]}}