{"id":271,"date":"2022-07-20T09:04:24","date_gmt":"2022-07-20T13:04:24","guid":{"rendered":"https:\/\/perfecteaucomm.la-complice.com\/?p=271"},"modified":"2023-02-22T17:37:50","modified_gmt":"2023-02-22T22:37:50","slug":"le-festival-des-traditions-du-monde-de-sherbrooke-devoile-sa-programmation","status":"publish","type":"post","link":"https:\/\/www.perfecteaucomm.com\/en\/actualites\/le-festival-des-traditions-du-monde-de-sherbrooke-devoile-sa-programmation\/","title":{"rendered":"Le festival des Traditions du Monde de Sherbrooke d\u00e9voile sa programmation"},"content":{"rendered":"\n<figure class=\"wp-block-image aligncenter size-full\"><img loading=\"lazy\" decoding=\"async\" width=\"650\" height=\"140\" src=\"https:\/\/perfecteaucomm.la-complice.com\/wp-content\/uploads\/2023\/01\/Festival-Traditions-du-monde-Sherbrooke_001.jpg\" alt=\"\" class=\"wp-image-272\" srcset=\"https:\/\/www.perfecteaucomm.com\/wp-content\/uploads\/2023\/01\/Festival-Traditions-du-monde-Sherbrooke_001.jpg 650w, https:\/\/www.perfecteaucomm.com\/wp-content\/uploads\/2023\/01\/Festival-Traditions-du-monde-Sherbrooke_001-300x65.jpg 300w\" sizes=\"auto, (max-width: 650px) 100vw, 650px\" \/><\/figure>\n\n\n\n<p id=\"viewer-d90at\">Le Village du monde plus grandiose que jamais et un d\u00e9fil\u00e9 dans les rues de Sherbrooke pour c\u00e9l\u00e9brer le 25e anniversaire du FTMS!<\/p>\n\n\n\n<p id=\"viewer-2rf0\">Sherbrooke, le 20 juin 2022 &#8211; Le Festival des traditions du monde de Sherbrooke (FTMS), pr\u00e9sent\u00e9 par Loto-Qu\u00e9bec, invite la population \u00e0 c\u00e9l\u00e9brer son 25e anniversaire. Pour marquer cette \u00e9dition anniversaire, l\u2019univers festif et color\u00e9 du FTMS d\u00e9barquera dans les rues de la ville, allant \u00e0 la rencontre du public avec un grand d\u00e9fil\u00e9, le<strong> dimanche 7 ao\u00fbt<\/strong>. Le Festival ouvrira ensuite les portes de son Village du monde, de retour au Parc Quintal, du <strong>10 au 14 ao\u00fbt<\/strong>, qui r\u00e9unira plus de 150 spectacles, ateliers et activit\u00e9s sur ses 10 sc\u00e8nes int\u00e9rieures et ext\u00e9rieures. Parmi celles-ci, les Pavillons th\u00e9matiques, concepts signature du FTMS, offriront une r\u00e9elle immersion au public avec leurs ambiances, prestations et boissons typiques : le Shack d\u2019Am\u00e9rique, qui sera agrandi pour l\u2019occasion; le Pub irlandais; les Portes de l\u2019Asie, de retour apr\u00e8s plusieurs ann\u00e9es d\u2019absence, ainsi que le chapiteau Espace Orient. Un voyage de d\u00e9couvertes des plus diversifi\u00e9es attend ainsi les festivali\u00e8res et festivaliers, \u00e0 travers la musique, la danse, la gastronomie, l\u2019artisanat et une foule d\u2019occasions d\u2019\u00e9changer avec les artistes.<\/p>\n\n\n\n<p id=\"viewer-7plgu\">Suite sur le site <a href=\"http:\/\/www.ftms.ca\/\" target=\"_blank\" rel=\"noreferrer noopener\"><u>www.ftms.ca<\/u><\/a><\/p>\n","protected":false},"excerpt":{"rendered":"<p>Le Village du monde plus grandiose que jamais et un d\u00e9fil\u00e9 dans les rues de Sherbrooke pour c\u00e9l\u00e9brer le 25e anniversaire du FTMS! Sherbrooke, le 20 juin 2022 &#8211; Le Festival des traditions du monde de Sherbrooke (FTMS), pr\u00e9sent\u00e9 par Loto-Qu\u00e9bec, invite la population \u00e0 c\u00e9l\u00e9brer son 25e anniversaire. Pour marquer cette \u00e9dition anniversaire, l\u2019univers festif et color\u00e9 du FTMS d\u00e9barquera dans les rues de la ville, allant \u00e0 la rencontre du public avec un grand d\u00e9fil\u00e9, le dimanche 7 ao\u00fbt. Le Festival ouvrira ensuite les portes de son Village du monde, de retour au Parc Quintal, du 10 au<\/p>\n","protected":false},"author":1,"featured_media":0,"comment_status":"closed","ping_status":"closed","sticky":false,"template":"","format":"standard","meta":{"footnotes":""},"categories":[20],"tags":[],"class_list":["post-271","post","type-post","status-publish","format-standard","hentry","category-actualites"],"yoast_head":"<!-- This site is optimized with the Yoast SEO plugin v25.5 - https:\/\/yoast.com\/wordpress\/plugins\/seo\/ -->\n<title>Le festival des Traditions du Monde de Sherbrooke d\u00e9voile sa programmation - Perfecteau Comm<\/title>\n<meta name=\"robots\" content=\"index, follow, max-snippet:-1, max-image-preview:large, max-video-preview:-1\" \/>\n<link rel=\"canonical\" href=\"https:\/\/www.perfecteaucomm.com\/en\/actualites\/le-festival-des-traditions-du-monde-de-sherbrooke-devoile-sa-programmation\/\" \/>\n<meta property=\"og:locale\" content=\"en_US\" \/>\n<meta property=\"og:locale:alternate\" content=\"fr_CA\" \/>\n<meta property=\"og:type\" content=\"article\" \/>\n<meta property=\"og:title\" content=\"Le festival des Traditions du Monde de Sherbrooke d\u00e9voile sa programmation - Perfecteau Comm\" \/>\n<meta property=\"og:description\" content=\"Le Village du monde plus grandiose que jamais et un d\u00e9fil\u00e9 dans les rues de Sherbrooke pour c\u00e9l\u00e9brer le 25e anniversaire du FTMS! Sherbrooke, le 20 juin 2022 &#8211; Le Festival des traditions du monde de Sherbrooke (FTMS), pr\u00e9sent\u00e9 par Loto-Qu\u00e9bec, invite la population \u00e0 c\u00e9l\u00e9brer son 25e anniversaire. Pour marquer cette \u00e9dition anniversaire, l\u2019univers festif et color\u00e9 du FTMS d\u00e9barquera dans les rues de la ville, allant \u00e0 la rencontre du public avec un grand d\u00e9fil\u00e9, le dimanche 7 ao\u00fbt. Le Festival ouvrira ensuite les portes de son Village du monde, de retour au Parc Quintal, du 10 au\" \/>\n<meta property=\"og:url\" content=\"https:\/\/www.perfecteaucomm.com\/en\/actualites\/le-festival-des-traditions-du-monde-de-sherbrooke-devoile-sa-programmation\/\" \/>\n<meta property=\"og:site_name\" content=\"Perfecteau Comm\" \/>\n<meta property=\"article:published_time\" content=\"2022-07-20T13:04:24+00:00\" \/>\n<meta property=\"article:modified_time\" content=\"2023-02-22T22:37:50+00:00\" \/>\n<meta property=\"og:image\" content=\"https:\/\/www.perfecteaucomm.com\/wp-content\/uploads\/2023\/01\/Festival-Traditions-du-monde-Sherbrooke_001.jpg\" \/>\n\t<meta property=\"og:image:width\" content=\"650\" \/>\n\t<meta property=\"og:image:height\" content=\"140\" \/>\n\t<meta property=\"og:image:type\" content=\"image\/jpeg\" \/>\n<meta name=\"author\" content=\"perfecteau\" \/>\n<meta name=\"twitter:card\" content=\"summary_large_image\" \/>\n<meta name=\"twitter:label1\" content=\"Written by\" \/>\n\t<meta name=\"twitter:data1\" content=\"perfecteau\" \/>\n\t<meta name=\"twitter:label2\" content=\"Est. reading time\" \/>\n\t<meta name=\"twitter:data2\" content=\"1 minute\" \/>\n<script type=\"application\/ld+json\" class=\"yoast-schema-graph\">{\"@context\":\"https:\/\/schema.org\",\"@graph\":[{\"@type\":\"Article\",\"@id\":\"https:\/\/www.perfecteaucomm.com\/actualites\/le-festival-des-traditions-du-monde-de-sherbrooke-devoile-sa-programmation\/#article\",\"isPartOf\":{\"@id\":\"https:\/\/www.perfecteaucomm.com\/actualites\/le-festival-des-traditions-du-monde-de-sherbrooke-devoile-sa-programmation\/\"},\"author\":{\"name\":\"perfecteau\",\"@id\":\"https:\/\/www.perfecteaucomm.com\/#\/schema\/person\/6e8531918d9cb8157ee1a5075d81d5c7\"},\"headline\":\"Le festival des Traditions du Monde de Sherbrooke d\u00e9voile sa programmation\",\"datePublished\":\"2022-07-20T13:04:24+00:00\",\"dateModified\":\"2023-02-22T22:37:50+00:00\",\"mainEntityOfPage\":{\"@id\":\"https:\/\/www.perfecteaucomm.com\/actualites\/le-festival-des-traditions-du-monde-de-sherbrooke-devoile-sa-programmation\/\"},\"wordCount\":238,\"publisher\":{\"@id\":\"https:\/\/www.perfecteaucomm.com\/#organization\"},\"image\":{\"@id\":\"https:\/\/www.perfecteaucomm.com\/actualites\/le-festival-des-traditions-du-monde-de-sherbrooke-devoile-sa-programmation\/#primaryimage\"},\"thumbnailUrl\":\"https:\/\/perfecteaucomm.la-complice.com\/wp-content\/uploads\/2023\/01\/Festival-Traditions-du-monde-Sherbrooke_001.jpg\",\"articleSection\":[\"Actualit\u00e9s\"],\"inLanguage\":\"en-CA\"},{\"@type\":\"WebPage\",\"@id\":\"https:\/\/www.perfecteaucomm.com\/actualites\/le-festival-des-traditions-du-monde-de-sherbrooke-devoile-sa-programmation\/\",\"url\":\"https:\/\/www.perfecteaucomm.com\/actualites\/le-festival-des-traditions-du-monde-de-sherbrooke-devoile-sa-programmation\/\",\"name\":\"Le festival des Traditions du Monde de Sherbrooke d\u00e9voile sa programmation - Perfecteau Comm\",\"isPartOf\":{\"@id\":\"https:\/\/www.perfecteaucomm.com\/#website\"},\"primaryImageOfPage\":{\"@id\":\"https:\/\/www.perfecteaucomm.com\/actualites\/le-festival-des-traditions-du-monde-de-sherbrooke-devoile-sa-programmation\/#primaryimage\"},\"image\":{\"@id\":\"https:\/\/www.perfecteaucomm.com\/actualites\/le-festival-des-traditions-du-monde-de-sherbrooke-devoile-sa-programmation\/#primaryimage\"},\"thumbnailUrl\":\"https:\/\/perfecteaucomm.la-complice.com\/wp-content\/uploads\/2023\/01\/Festival-Traditions-du-monde-Sherbrooke_001.jpg\",\"datePublished\":\"2022-07-20T13:04:24+00:00\",\"dateModified\":\"2023-02-22T22:37:50+00:00\",\"breadcrumb\":{\"@id\":\"https:\/\/www.perfecteaucomm.com\/actualites\/le-festival-des-traditions-du-monde-de-sherbrooke-devoile-sa-programmation\/#breadcrumb\"},\"inLanguage\":\"en-CA\",\"potentialAction\":[{\"@type\":\"ReadAction\",\"target\":[\"https:\/\/www.perfecteaucomm.com\/actualites\/le-festival-des-traditions-du-monde-de-sherbrooke-devoile-sa-programmation\/\"]}]},{\"@type\":\"ImageObject\",\"inLanguage\":\"en-CA\",\"@id\":\"https:\/\/www.perfecteaucomm.com\/actualites\/le-festival-des-traditions-du-monde-de-sherbrooke-devoile-sa-programmation\/#primaryimage\",\"url\":\"https:\/\/perfecteaucomm.la-complice.com\/wp-content\/uploads\/2023\/01\/Festival-Traditions-du-monde-Sherbrooke_001.jpg\",\"contentUrl\":\"https:\/\/perfecteaucomm.la-complice.com\/wp-content\/uploads\/2023\/01\/Festival-Traditions-du-monde-Sherbrooke_001.jpg\"},{\"@type\":\"BreadcrumbList\",\"@id\":\"https:\/\/www.perfecteaucomm.com\/actualites\/le-festival-des-traditions-du-monde-de-sherbrooke-devoile-sa-programmation\/#breadcrumb\",\"itemListElement\":[{\"@type\":\"ListItem\",\"position\":1,\"name\":\"Accueil\",\"item\":\"https:\/\/www.perfecteaucomm.com\/\"},{\"@type\":\"ListItem\",\"position\":2,\"name\":\"Le festival des Traditions du Monde de Sherbrooke d\u00e9voile sa programmation\"}]},{\"@type\":\"WebSite\",\"@id\":\"https:\/\/www.perfecteaucomm.com\/#website\",\"url\":\"https:\/\/www.perfecteaucomm.com\/\",\"name\":\"Perfecteau Comm\",\"description\":\"Agence de relations de presse\",\"publisher\":{\"@id\":\"https:\/\/www.perfecteaucomm.com\/#organization\"},\"potentialAction\":[{\"@type\":\"SearchAction\",\"target\":{\"@type\":\"EntryPoint\",\"urlTemplate\":\"https:\/\/www.perfecteaucomm.com\/?s={search_term_string}\"},\"query-input\":{\"@type\":\"PropertyValueSpecification\",\"valueRequired\":true,\"valueName\":\"search_term_string\"}}],\"inLanguage\":\"en-CA\"},{\"@type\":\"Organization\",\"@id\":\"https:\/\/www.perfecteaucomm.com\/#organization\",\"name\":\"Perfecteau Comm\",\"url\":\"https:\/\/www.perfecteaucomm.com\/\",\"logo\":{\"@type\":\"ImageObject\",\"inLanguage\":\"en-CA\",\"@id\":\"https:\/\/www.perfecteaucomm.com\/#\/schema\/logo\/image\/\",\"url\":\"https:\/\/www.perfecteaucomm.com\/wp-content\/uploads\/2023\/01\/logo_perfecteau_fichier_final-2.png\",\"contentUrl\":\"https:\/\/www.perfecteaucomm.com\/wp-content\/uploads\/2023\/01\/logo_perfecteau_fichier_final-2.png\",\"width\":1600,\"height\":704,\"caption\":\"Perfecteau Comm\"},\"image\":{\"@id\":\"https:\/\/www.perfecteaucomm.com\/#\/schema\/logo\/image\/\"}},{\"@type\":\"Person\",\"@id\":\"https:\/\/www.perfecteaucomm.com\/#\/schema\/person\/6e8531918d9cb8157ee1a5075d81d5c7\",\"name\":\"perfecteau\",\"sameAs\":[\"https:\/\/perfecteaucomm.la-complice.com\"],\"url\":\"https:\/\/www.perfecteaucomm.com\/en\/author\/perfecteau\/\"}]}<\/script>\n<!-- \/ Yoast SEO plugin. -->","yoast_head_json":{"title":"Le festival des Traditions du Monde de Sherbrooke d\u00e9voile sa programmation - Perfecteau Comm","robots":{"index":"index","follow":"follow","max-snippet":"max-snippet:-1","max-image-preview":"max-image-preview:large","max-video-preview":"max-video-preview:-1"},"canonical":"https:\/\/www.perfecteaucomm.com\/en\/actualites\/le-festival-des-traditions-du-monde-de-sherbrooke-devoile-sa-programmation\/","og_locale":"en_US","og_type":"article","og_title":"Le festival des Traditions du Monde de Sherbrooke d\u00e9voile sa programmation - Perfecteau Comm","og_description":"Le Village du monde plus grandiose que jamais et un d\u00e9fil\u00e9 dans les rues de Sherbrooke pour c\u00e9l\u00e9brer le 25e anniversaire du FTMS! Sherbrooke, le 20 juin 2022 &#8211; Le Festival des traditions du monde de Sherbrooke (FTMS), pr\u00e9sent\u00e9 par Loto-Qu\u00e9bec, invite la population \u00e0 c\u00e9l\u00e9brer son 25e anniversaire. Pour marquer cette \u00e9dition anniversaire, l\u2019univers festif et color\u00e9 du FTMS d\u00e9barquera dans les rues de la ville, allant \u00e0 la rencontre du public avec un grand d\u00e9fil\u00e9, le dimanche 7 ao\u00fbt. Le Festival ouvrira ensuite les portes de son Village du monde, de retour au Parc Quintal, du 10 au","og_url":"https:\/\/www.perfecteaucomm.com\/en\/actualites\/le-festival-des-traditions-du-monde-de-sherbrooke-devoile-sa-programmation\/","og_site_name":"Perfecteau Comm","article_published_time":"2022-07-20T13:04:24+00:00","article_modified_time":"2023-02-22T22:37:50+00:00","og_image":[{"width":650,"height":140,"url":"https:\/\/www.perfecteaucomm.com\/wp-content\/uploads\/2023\/01\/Festival-Traditions-du-monde-Sherbrooke_001.jpg","type":"image\/jpeg"}],"author":"perfecteau","twitter_card":"summary_large_image","twitter_misc":{"Written by":"perfecteau","Est. reading time":"1 minute"},"schema":{"@context":"https:\/\/schema.org","@graph":[{"@type":"Article","@id":"https:\/\/www.perfecteaucomm.com\/actualites\/le-festival-des-traditions-du-monde-de-sherbrooke-devoile-sa-programmation\/#article","isPartOf":{"@id":"https:\/\/www.perfecteaucomm.com\/actualites\/le-festival-des-traditions-du-monde-de-sherbrooke-devoile-sa-programmation\/"},"author":{"name":"perfecteau","@id":"https:\/\/www.perfecteaucomm.com\/#\/schema\/person\/6e8531918d9cb8157ee1a5075d81d5c7"},"headline":"Le festival des Traditions du Monde de Sherbrooke d\u00e9voile sa programmation","datePublished":"2022-07-20T13:04:24+00:00","dateModified":"2023-02-22T22:37:50+00:00","mainEntityOfPage":{"@id":"https:\/\/www.perfecteaucomm.com\/actualites\/le-festival-des-traditions-du-monde-de-sherbrooke-devoile-sa-programmation\/"},"wordCount":238,"publisher":{"@id":"https:\/\/www.perfecteaucomm.com\/#organization"},"image":{"@id":"https:\/\/www.perfecteaucomm.com\/actualites\/le-festival-des-traditions-du-monde-de-sherbrooke-devoile-sa-programmation\/#primaryimage"},"thumbnailUrl":"https:\/\/perfecteaucomm.la-complice.com\/wp-content\/uploads\/2023\/01\/Festival-Traditions-du-monde-Sherbrooke_001.jpg","articleSection":["Actualit\u00e9s"],"inLanguage":"en-CA"},{"@type":"WebPage","@id":"https:\/\/www.perfecteaucomm.com\/actualites\/le-festival-des-traditions-du-monde-de-sherbrooke-devoile-sa-programmation\/","url":"https:\/\/www.perfecteaucomm.com\/actualites\/le-festival-des-traditions-du-monde-de-sherbrooke-devoile-sa-programmation\/","name":"Le festival des Traditions du Monde de Sherbrooke d\u00e9voile sa programmation - Perfecteau Comm","isPartOf":{"@id":"https:\/\/www.perfecteaucomm.com\/#website"},"primaryImageOfPage":{"@id":"https:\/\/www.perfecteaucomm.com\/actualites\/le-festival-des-traditions-du-monde-de-sherbrooke-devoile-sa-programmation\/#primaryimage"},"image":{"@id":"https:\/\/www.perfecteaucomm.com\/actualites\/le-festival-des-traditions-du-monde-de-sherbrooke-devoile-sa-programmation\/#primaryimage"},"thumbnailUrl":"https:\/\/perfecteaucomm.la-complice.com\/wp-content\/uploads\/2023\/01\/Festival-Traditions-du-monde-Sherbrooke_001.jpg","datePublished":"2022-07-20T13:04:24+00:00","dateModified":"2023-02-22T22:37:50+00:00","breadcrumb":{"@id":"https:\/\/www.perfecteaucomm.com\/actualites\/le-festival-des-traditions-du-monde-de-sherbrooke-devoile-sa-programmation\/#breadcrumb"},"inLanguage":"en-CA","potentialAction":[{"@type":"ReadAction","target":["https:\/\/www.perfecteaucomm.com\/actualites\/le-festival-des-traditions-du-monde-de-sherbrooke-devoile-sa-programmation\/"]}]},{"@type":"ImageObject","inLanguage":"en-CA","@id":"https:\/\/www.perfecteaucomm.com\/actualites\/le-festival-des-traditions-du-monde-de-sherbrooke-devoile-sa-programmation\/#primaryimage","url":"https:\/\/perfecteaucomm.la-complice.com\/wp-content\/uploads\/2023\/01\/Festival-Traditions-du-monde-Sherbrooke_001.jpg","contentUrl":"https:\/\/perfecteaucomm.la-complice.com\/wp-content\/uploads\/2023\/01\/Festival-Traditions-du-monde-Sherbrooke_001.jpg"},{"@type":"BreadcrumbList","@id":"https:\/\/www.perfecteaucomm.com\/actualites\/le-festival-des-traditions-du-monde-de-sherbrooke-devoile-sa-programmation\/#breadcrumb","itemListElement":[{"@type":"ListItem","position":1,"name":"Accueil","item":"https:\/\/www.perfecteaucomm.com\/"},{"@type":"ListItem","position":2,"name":"Le festival des Traditions du Monde de Sherbrooke d\u00e9voile sa programmation"}]},{"@type":"WebSite","@id":"https:\/\/www.perfecteaucomm.com\/#website","url":"https:\/\/www.perfecteaucomm.com\/","name":"Perfecteau Comm","description":"Agence de relations de presse","publisher":{"@id":"https:\/\/www.perfecteaucomm.com\/#organization"},"potentialAction":[{"@type":"SearchAction","target":{"@type":"EntryPoint","urlTemplate":"https:\/\/www.perfecteaucomm.com\/?s={search_term_string}"},"query-input":{"@type":"PropertyValueSpecification","valueRequired":true,"valueName":"search_term_string"}}],"inLanguage":"en-CA"},{"@type":"Organization","@id":"https:\/\/www.perfecteaucomm.com\/#organization","name":"Perfecteau Comm","url":"https:\/\/www.perfecteaucomm.com\/","logo":{"@type":"ImageObject","inLanguage":"en-CA","@id":"https:\/\/www.perfecteaucomm.com\/#\/schema\/logo\/image\/","url":"https:\/\/www.perfecteaucomm.com\/wp-content\/uploads\/2023\/01\/logo_perfecteau_fichier_final-2.png","contentUrl":"https:\/\/www.perfecteaucomm.com\/wp-content\/uploads\/2023\/01\/logo_perfecteau_fichier_final-2.png","width":1600,"height":704,"caption":"Perfecteau Comm"},"image":{"@id":"https:\/\/www.perfecteaucomm.com\/#\/schema\/logo\/image\/"}},{"@type":"Person","@id":"https:\/\/www.perfecteaucomm.com\/#\/schema\/person\/6e8531918d9cb8157ee1a5075d81d5c7","name":"perfecteau","sameAs":["https:\/\/perfecteaucomm.la-complice.com"],"url":"https:\/\/www.perfecteaucomm.com\/en\/author\/perfecteau\/"}]}},"_links":{"self":[{"href":"https:\/\/www.perfecteaucomm.com\/en\/wp-json\/wp\/v2\/posts\/271","targetHints":{"allow":["GET"]}}],"collection":[{"href":"https:\/\/www.perfecteaucomm.com\/en\/wp-json\/wp\/v2\/posts"}],"about":[{"href":"https:\/\/www.perfecteaucomm.com\/en\/wp-json\/wp\/v2\/types\/post"}],"author":[{"embeddable":true,"href":"https:\/\/www.perfecteaucomm.com\/en\/wp-json\/wp\/v2\/users\/1"}],"replies":[{"embeddable":true,"href":"https:\/\/www.perfecteaucomm.com\/en\/wp-json\/wp\/v2\/comments?post=271"}],"version-history":[{"count":1,"href":"https:\/\/www.perfecteaucomm.com\/en\/wp-json\/wp\/v2\/posts\/271\/revisions"}],"predecessor-version":[{"id":273,"href":"https:\/\/www.perfecteaucomm.com\/en\/wp-json\/wp\/v2\/posts\/271\/revisions\/273"}],"wp:attachment":[{"href":"https:\/\/www.perfecteaucomm.com\/en\/wp-json\/wp\/v2\/media?parent=271"}],"wp:term":[{"taxonomy":"category","embeddable":true,"href":"https:\/\/www.perfecteaucomm.com\/en\/wp-json\/wp\/v2\/categories?post=271"},{"taxonomy":"post_tag","embeddable":true,"href":"https:\/\/www.perfecteaucomm.com\/en\/wp-json\/wp\/v2\/tags?post=271"}],"curies":[{"name":"wp","href":"https:\/\/api.w.org\/{rel}","templated":true}]}}