{"id":267,"date":"2022-06-30T14:00:34","date_gmt":"2022-06-30T18:00:34","guid":{"rendered":"https:\/\/perfecteaucomm.la-complice.com\/?p=267"},"modified":"2023-02-22T17:38:03","modified_gmt":"2023-02-22T22:38:03","slug":"le-16e-festival-haiti-en-folie-enflammera-montreal","status":"publish","type":"post","link":"https:\/\/www.perfecteaucomm.com\/en\/actualites\/le-16e-festival-haiti-en-folie-enflammera-montreal\/","title":{"rendered":"LE 16e FESTIVAL HA\u00cfTI EN FOLIE ENFLAMMERA MONTR\u00c9AL"},"content":{"rendered":"\n<figure class=\"wp-block-image aligncenter size-large is-resized\"><img loading=\"lazy\" decoding=\"async\" src=\"https:\/\/perfecteaucomm.la-complice.com\/wp-content\/uploads\/2023\/01\/Haiti-en-folie-1024x576.png\" alt=\"\" class=\"wp-image-268\" width=\"512\" height=\"288\" srcset=\"https:\/\/www.perfecteaucomm.com\/wp-content\/uploads\/2023\/01\/Haiti-en-folie-1024x576.png 1024w, https:\/\/www.perfecteaucomm.com\/wp-content\/uploads\/2023\/01\/Haiti-en-folie-300x169.png 300w, https:\/\/www.perfecteaucomm.com\/wp-content\/uploads\/2023\/01\/Haiti-en-folie-768x432.png 768w, https:\/\/www.perfecteaucomm.com\/wp-content\/uploads\/2023\/01\/Haiti-en-folie-1536x864.png 1536w, https:\/\/www.perfecteaucomm.com\/wp-content\/uploads\/2023\/01\/Haiti-en-folie.png 1920w\" sizes=\"auto, (max-width: 512px) 100vw, 512px\" \/><\/figure>\n\n\n\n<p class=\"has-text-align-center\" id=\"viewer-30tob\"><strong>LE 16e FESTIVAL HA\u00cfTI EN FOLIE ENFLAMMERA MONTR\u00c9AL AVEC<\/strong><\/p>\n\n\n\n<p class=\"has-text-align-center\" id=\"viewer-c3e9u\"><strong>Corneille, Kako, B\u00e9lO, Jos\u00e9phine Bacon, DJ Windows 98 (Win Butler d\u2019Arcade Fire), Paul Beaubrun, Dany Laferri\u00e8re, Wesli, Yama Laurent, Kelly Krow, Rebecca Jean, Rodney Saint-\u00c9loi, Bel &amp; Quinn, Rara Jazz\u2026<\/strong><\/p>\n\n\n\n<h3 class=\"has-text-align-center is-style-default has-link-color wp-block-heading wp-elements-9ae06bcfa569279289579d5cca2d1763\" id=\"viewer-9tcd4\"><strong>D\u00c9VOILEMENT DE LA PROGRAMMATION 2022<\/strong><br><strong>25 AU 31 JUILLET 2022 | <\/strong><a rel=\"noreferrer noopener\" href=\"http:\/\/www.haitienfolie.com\/\" target=\"_blank\"><strong>www.HaitiEnFolie.com<\/strong><\/a><\/h3>\n\n\n\n<p><strong><em>Montr\u00e9al, le 30 juin 2022<\/em><\/strong> \u2013 Le Festival Ha\u00efti en Folie est fier d\u2019annoncer la <strong>programmation<\/strong> <strong>compl\u00e8te<\/strong> de sa 16e \u00e9dition qui se tiendra \u00e0 <strong>Montr\u00e9al <\/strong>du<strong> 25 au 31 juillet 2022 en version hybride : en ligne, en salle et en plein air <\/strong>au<strong> Parc Lafontaine<\/strong>, au<strong> Cabaret Latulipe, <\/strong>au <strong>Quartier des spectacles, <\/strong>aux <strong>Jardins Gamelin, <\/strong>au<strong> Parc des Compagnons <\/strong>et ailleurs. Cr\u00e9\u00e9 par la <strong>Fondation Fabienne Colas<\/strong> et pr\u00e9sent\u00e9 par le <strong>Groupe Banque TD<\/strong>, le Festival Ha\u00efti en Folie est le plus grand festival musical avec un volet pluridisciplinaire du genre en dehors d&#8217;Ha\u00efti enti\u00e8rement d\u00e9di\u00e9 \u00e0 la culture ha\u00eftienne.<\/p>\n\n\n\n<p>Pour c\u00e9l\u00e9brer son grand retour au Parc Lafontaine depuis la pand\u00e9mie, le festival pr\u00e9sentera<strong> plus de 150 artistes<\/strong> cette ann\u00e9e. L\u2019\u00e9quipe frappe fort avec des premi\u00e8res fois en accueillant : La l\u00e9gendaire po\u00e8te et documentariste innue <strong>Jos\u00e9phine Bacon<\/strong>; le c\u00e9l\u00e8bre auteur-compositeur-interpr\u00e8te <strong>Corneille <\/strong>en compagnie d\u2019artistes invit\u00e9s d\u2019origine ha\u00eftienne, et le spectacle en cr\u00e9ole BINGO NIGHT du populaire humoriste<strong> <\/strong>ha\u00eftien<strong> Kako <\/strong>sera pr\u00e9sent\u00e9<strong> <\/strong>auCabaret La Tulipe<strong>, <\/strong>en plus d\u2019accueillir un nombre record de <strong>DJ femmes <\/strong>aux Jardins Gamelin, soit <strong>DJ Kidcrayola, DJ Special K <\/strong>et <strong>DJ Kayssy<\/strong>. Autre nouveaut\u00e9 cette ann\u00e9e : un concert Midi-Troubadour! Aussi, plusieurs incontournables sont de retour tels que <strong>Dany Laferri\u00e8re<\/strong>, <strong>B\u00e9lO, DJ Windows 98 (Win Butler d&#8217;Arcade Fire)<\/strong> &amp; <strong>Paul Beaubrun, Wesli, Rodney Saint-\u00c9loi\u2026 <\/strong>et pour la premi\u00e8re fois sur la sc\u00e8ne princiaple : <strong>Rebecca Jean, Yama Laurent<\/strong>, <strong>Raccoon, Magdala<\/strong>, <strong>Kelly Krow, Le\u00efla Lanova<\/strong>,<strong> Bel &amp; Quinn\u2026 <\/strong>sans oublier le d\u00e9fil\u00e9 Rara du Festival avec<strong> Rara Jazz <\/strong>et plusieurs autres\u2026<\/p>\n\n\n\n<p>\u00ab C\u2019est au son des rythmes vaudous et racines, de tambours, de percussions, de tchatcha, de vaccins et surtout \u00e0 travers de belles rencontres que le 16e Festival Ha\u00efti en Folie enflammera Montr\u00e9al du 25 au 31 juillet 2022! Une programmation audacieuse et \u00e9clat\u00e9e qui appelle \u00e0 la c\u00e9l\u00e9bration et traduit l\u2019esprit, la beaut\u00e9 et la d\u00e9termination de tout un peuple \u00bb, a d\u00e9clar\u00e9 <strong>Fabienne Colas<\/strong>, pr\u00e9sidente-fondatrice du Festival Ha\u00efti en Folie.<\/p>\n\n\n\n<p>\u00ab La musique a ce pouvoir incroyable de nous unir, de nous rapprocher et de nous faire r\u00eaver. \u00c0 l\u2019occasion du retour des festivals de musique en personne, la TD veut contribuer \u00e0 faire vivre de grands moments aux Qu\u00e9b\u00e9coises et aux Qu\u00e9b\u00e9cois qui ont h\u00e2te de se retrouver. C\u2019est pourquoi, dans le cadre de La promesse TD Pr\u00eats \u00e0 agir, notre strat\u00e9gie d\u2019entreprise citoyenne \u00e0 l\u2019\u00e9chelle mondiale, nous sommes fiers d\u2019appuyer<strong> <\/strong>le<strong> <\/strong>Festival Ha\u00efti en Folie,<strong> <\/strong>un \u00e9v\u00e9nement rassembleur qui permet au public de d\u00e9couvrir une foule d&#8217;artistes diversifi\u00e9s. \u00bb \u2013 <strong>Sylvie Demers<\/strong>, Pr\u00e9sidente, Direction du Qu\u00e9bec, <strong>Groupe Banque TD<\/strong><\/p>\n\n\n\n<p>Le Festival Ha\u00efti en Folie remercie ses principaux partenaires: <strong>Groupe Banque TD<\/strong>, <strong>Gouvernement du Canada<\/strong>, <strong>Conseil des Arts du Canada<\/strong>, <strong>Patrimoine canadien<\/strong>, <strong>SAQ, Musicaction, Tourisme Qu\u00e9bec, Conseil des Arts de Montr\u00e9al, Tourisme Montr\u00e9al, Zaza Production, BAnQ, Global News et Le Devoir<\/strong>.<\/p>\n\n\n\n<p id=\"viewer-8i0s\"><strong>PROGRAMMATION D\u00c9TAILL\u00c9E<\/strong><\/p>\n\n\n\n<p id=\"viewer-arkaq\"><strong>COUP D\u2019ENVOI : MAPPING AU QUARTIER DES SPECTACLES<\/strong><\/p>\n\n\n\n<p class=\"has-link-color wp-elements-428d3cb5cefa99e168e13a7b231a89f4\" id=\"viewer-7ku2a\"><strong>M\u00e9tro St-Laurent et BAnQ <\/strong>(Biblioth\u00e8que et Archives nationales du Qu\u00e9bec) &#8211; <strong>Exposition architecturale &#8211; Gratuit<\/strong> <strong>\u2013<\/strong> <strong>25 au 31 juillet &#8211; 21h \u00e0 23h &#8211; <\/strong><a rel=\"noreferrer noopener\" href=\"https:\/\/montreal.haitienfolie.com\/event\/mapping-exposition-numerique-au-quartier-des-spectacles\/\" target=\"_blank\"><strong>Voir d\u00e9tails ici<\/strong><\/a><br>Pr\u00e9sent\u00e9 par la <strong>Ville de Montr\u00e9al <\/strong>et le<strong> Quartier des Spectacles<\/strong><\/p>\n\n\n\n<p>Pour une 2e fois, le 16e Festival Ha\u00efti en Folie revient avec son activit\u00e9 contemplative gratuite au Quartier des spectacles. Sur la fa\u00e7ade du b\u00e2timent <strong>du M\u00e9tro St-Laurent<\/strong> (10, boul. de Maisonneuve) et <strong>BAnQ<\/strong> (475, boulevard De Maisonneuve Est). Une installation vid\u00e9o sonore qui comm\u00e9more la culture ha\u00eftienne sur des rythmes vaudous et souligne les 35 ans de carri\u00e8re de <strong>Dany Laferri\u00e8re<\/strong> qui a marqu\u00e9 le Qu\u00e9bec ainsi que l&#8217;existence du festival.<\/p>\n\n\n\n<p id=\"viewer-dmens\"><strong>LES POPULAIRES SOIR\u00c9ES 5 \u00e0 7 HA\u00cfTI EN FOLIE<\/strong><\/p>\n\n\n\n<p id=\"viewer-lrm2\"><strong>27 &amp; 28 juillet &#8211; 17h \u00e0 23h \u2013 en partenariat avec Jardins Gamelin, Quartier des spectacles &#8211; Entr\u00e9e libre<\/strong><\/p>\n\n\n\n<p>\u00ab <strong>Les 5 \u00e0 7 Ha\u00efti en Folie<\/strong> \u00bb sont de retour les 27 et 28 juillet aux Jardins Gamelin, au Quartier des Spectacles de Montr\u00e9al. D\u00e8s 16h30, venez d\u00e9couvrir la musique ha\u00eftienne dans toute sa splendeur et danser sur les rythmes les plus fous de la Perle des Antilles. Le mercredi 27 juillet, les festivaliers vivront toute une ambiance avec <strong>DJ KidCrayola<\/strong>, suivi du Bal de l\u2019\u00e9t\u00e9 des Jardins Gamelin avec<strong> Kompa &#8211; Ti Randevou<\/strong>. Le jeudi 28 juillet, ils danseront sur les rythmes de <strong>DJ Ladyspecialk<\/strong> \u00e0 17h. Une fois de plus,<strong> <\/strong>afin de prolonger le plaisir, le 5 \u00e0 7 du jeudi soir se poursuivra avec le spectacle de <strong>Whaali<\/strong> \u00e0 19h00 et avec <strong>DJ Kayssy<\/strong>\u00e0 21h00.<\/p>\n\n\n\n<p class=\"has-link-color wp-elements-80dbefba254b369c27b624d706cd19b4\" id=\"viewer-d428r\"><strong>SPECTACLE D\u2019HUMOUR \u201cBINGO NIGHT SHOW\u201d AVEC KAKO &amp; DJ JACK<\/strong><br><strong>29 juillet &#8211; 20h -Cabaret Latulipe &#8211;<\/strong> <strong>40$<\/strong>(+ tx)<strong> \u00e0 l\u2019avance<\/strong><br>Le Bingo Night show avec Kako est une com\u00e9die ou l\u2019artiste interagit avec le public dans une ambiance survolt\u00e9e de musique, de jeux et d\u2019activit\u00e9s sur sc\u00e8ne. Au cours du show empreint d\u2019improvisation et de spontan\u00e9it\u00e9, les participants s\u2019amusent et se d\u00e9foulent, des num\u00e9ros de \u00ab Bingo \u00bb sont tir\u00e9s via un tambour ou une calebasse, les participants marquent sur leurs cartons les lots tir\u00e9s et cit\u00e9s, \u00e9videmment s\u2019ils s\u2019y trouvent. <strong>Infos et <\/strong><a rel=\"noreferrer noopener\" href=\"https:\/\/latribu-latulipe.tuxedobillet.com\/La%20Tulipe\/kako\" target=\"_blank\"><strong>Billets ici<\/strong><\/a><\/p>\n\n\n\n<p id=\"viewer-2hqic\"><strong>D\u00c9FIL\u00c9 RARA DANS LES RUES DE MONTR\u00c9AL !!!<\/strong><br><strong>30 juillet &#8211; 16h &#8211; D\u00e9part du Parc des Compagnons &#8211; Entr\u00e9e libre<\/strong><br>Le <strong>d\u00e9fil\u00e9 carnavalesque \u00ab RARA Ha\u00efti en Folie \u00bb <\/strong>pr\u00e9sent\u00e9 par le Festival Ha\u00efti en Folie, est devenu une tradition \u00e0 Montr\u00e9al<strong>! <\/strong>Le groupe <strong>Rara Jazz <\/strong>et les danseuses professionnelles de<strong> Ayiti Makaya <\/strong>sillonneront les rues du Plateau-Mont-Royal. Ce grand d\u00e9fil\u00e9 permettra aux festivaliers et \u00e0 tous ceux qui le d\u00e9sirent de participer \u00e0 un rituel essentiellement ha\u00eftien en plein c\u0153ur de Montr\u00e9al<strong>. <\/strong>Tout le monde est invit\u00e9 \u00e0 recr\u00e9er cette ambiance typiquement ha\u00eftienne en joignant le d\u00e9fil\u00e9 et en dansant aux rythmes irr\u00e9sistibles de Rara Jazz.<\/p>\n\n\n\n<p id=\"viewer-9qfkh\"><strong>FOIRE ARTISANALE ET SPECTACLES AU PARC LAFONTAINE<\/strong><br><strong>30 &amp; 31 juillet &#8211; 11h \u00e0 23h &#8211; Parc Lafontaine <\/strong>(pr\u00e8s du Centre Culturel Calixa Lavall\u00e9e) <strong>Entr\u00e9e libre<\/strong><br>Les <strong>Spectacles TD<\/strong>, la <strong>Foire Culinaire Ha\u00efti en Folie<\/strong>, la <strong>Foire du Livre Ha\u00efti en Folie<\/strong>, la <strong>Foire artisanale &amp; ateliers Ha\u00efti en Folie<\/strong> et beaucoup de folies vous attendent.<\/p>\n\n\n\n<h3 class=\"has-text-align-center wp-block-heading\" id=\"viewer-5cpm7\"><strong>LES SPECTACLES TD<\/strong><\/h3>\n\n\n\n<p id=\"viewer-4rlj4\"><strong><u>Samedi 30 juillet<\/u><\/strong><\/p>\n\n\n\n<p class=\"has-link-color wp-elements-b7ec71acbf131c65c78497f95b7aadf5\" id=\"viewer-6aetr\"><strong>17h30 &#8211; S\u00c9RIE D\u00c9COUVERTES &#8211; Rebecca Jean avec artiste invit\u00e9 Dauphin No\u00ebl<\/strong><br>Le Festival Ha\u00efti en Folie inclut \u00e0 nouveau dans sa programmation musicale un espace \u00ab S\u00e9rie D\u00e9couvertes \u00bb mettant en valeur des artistes montr\u00e9alais \u00e9mergents. Rebecca Jean est une auteure-compositrice-interpr\u00e8te et r\u00e9alisatrice. Sur des textes matures et \u00e9vocateurs, elle chante la profondeur de l\u2019\u00e2me avec une po\u00e9sie franche et un cr\u00e9neau unique. Elle sait nous raconter ses histoires personnelles avec finesse et subtilit\u00e9. <a rel=\"noreferrer noopener\" href=\"https:\/\/montreal.haitienfolie.com\/event\/rebecca-jean\/\" target=\"_blank\"><strong>Plus de d\u00e9tails ici<\/strong><\/a><\/p>\n\n\n\n<p id=\"viewer-9aiir\"><strong>19h \u2013 DJ Windows 98 (Win Butler d\u2019Arcade Fire) &amp; Paul Beaubrun<\/strong><br>Retour de deux complices pour une performance enflamm\u00e9e sur la sc\u00e8ne du Festival Ha\u00efti en Folie !!!<\/p>\n\n\n\n<p>Win Butler \u201cDJ Windows98\u201d est le chanteur principal et fondateur, avec sa femme R\u00e9gine Chassagne, du groupe rock montr\u00e9alais Arcade Fire &#8211; r\u00e9cipiendaire d\u2019un prix Grammy. Musicien multi-instrumentiste et auteur-compositeur-interpr\u00e8te, il offrira, en compagnie de son complice Paul Beaubrun, un DJ set aux rythmes ha\u00eftiens pour le bonheur de tous !<\/p>\n\n\n\n<p class=\"has-link-color wp-elements-da2567fb203b507aa9818305ee66ef2a\">Paul Beaubrun, issu de la royaut\u00e9 musicale ha\u00eftienne, a pass\u00e9 sa vie \u00e0 vivre dans le rythme musical. Fils du groupe nomin\u00e9 aux Grammy Awards Boukman Eksperyans, ses premiers souvenirs sont li\u00e9s au rythme et au son. Install\u00e9 \u00e0 New York depuis sa jeunesse, il s&#8217;est inspir\u00e9 de son h\u00e9ritage pour commencer \u00e0 cr\u00e9er ses propres compositions. <a rel=\"noreferrer noopener\" href=\"https:\/\/montreal.haitienfolie.com\/event\/win-butler-darcade-fire-paul-beaubrun\/\" target=\"_blank\"><strong>Plus de d\u00e9tails ici<\/strong><\/a><\/p>\n\n\n\n<p class=\"has-link-color wp-elements-6c6e028560d4a3615f581ab109e0a96d\" id=\"viewer-cd2hk\"><strong>20h30 \u2013 Le Grand Retour de B\u00e9lO<\/strong><br>B\u00e9lO est un v\u00e9ritable ph\u00e9nom\u00e8ne de la musique dans son pays natal, Ha\u00efti, ainsi que dans les Antilles fran\u00e7aises. Sa musique diversifi\u00e9e, fusionnant plusieurs styles tels que le reggae-soul et les rythmes traditionnels, a rapidement connu le succ\u00e8s en Afrique, en Europe et aux Etats-Unis. Apr\u00e8s avoir rafl\u00e9 en 2006 le prix de &#8220;D\u00e9couvertes RFI&#8221;, ce jeune talent prometteur ha\u00eftien a d\u00e9sormais les yeux riv\u00e9s sur un public plus large, voire mondial. Il a d\u00e9j\u00e0 foul\u00e9 la sc\u00e8ne d\u2019Ha\u00efti en folie et il s\u2019appr\u00eate \u00e0 reconqu\u00e9rir la foule avec les plus grands succ\u00e8s de ses 4 albums. <a rel=\"noreferrer noopener\" href=\"https:\/\/montreal.haitienfolie.com\/event\/belo-2\/\" target=\"_blank\"><strong>Plus de d\u00e9tails ici<\/strong><\/a><\/p>\n\n\n\n<p id=\"viewer-2mlao\"><strong><u>Dimanche 31 juillet<\/u><\/strong><\/p>\n\n\n\n<p class=\"has-link-color wp-elements-476bae004757590d11f9befc026eece8\" id=\"viewer-fd6a8\"><strong>15h30 &#8211; S\u00c9RIE D\u00c9COUVERTES &#8211; Bel &amp; Quinn<\/strong><br>Le duo Bel and Quinn s\u00e9duit par la chaleur qui se d\u00e9gage de leurs voix. Les deux s\u0153urs d&#8217;origine ha\u00eftienne donnent vie \u00e0 une musique unique et captivante qui m\u00e9lange le jazz, le soul et les rythmes d\u2019Ha\u00efti. Leurs chansons sont un cri pour lutter contre la maladie mentale et les peurs qui peuvent parfois entraver le chemin vers la gu\u00e9rison. Mais c\u2019est surtout une c\u00e9l\u00e9bration o\u00f9 les soul sisters s\u2019imposent comme femmes, noires, et musiciennes. <a rel=\"noreferrer noopener\" href=\"https:\/\/montreal.haitienfolie.com\/event\/bel-quinn\/\" target=\"_blank\"><strong>Plus de d\u00e9tails ici<\/strong><\/a><\/p>\n\n\n\n<p id=\"viewer-81qul\"><strong>17h \u2013 Wesli &amp; Friends (avec invit\u00e9s: Kabysh et Magdala)<\/strong><br>Wesli, le grand manitou de la musique antillaise m\u00e9tiss\u00e9e au Qu\u00e9bec vous pr\u00e9sente le spectacle Wesli &amp; Friends sur la grande sc\u00e8ne du Festival Ha\u00efti en Folie 2022. Au menu, plusieurs invit\u00e9s qui viendront apporter couleurs et nuances \u00e0 la discographie du prolifique Wesli qui compte d\u00e9j\u00e0 6 albums \u00e0 son actif. Venez prendre un bain de foule au son de la musique de son dernier album Rapadou Kr\u00e9yol qui lui a valu un prix Juno en 2018 et venez d\u00e9couvrir les nouvelles chansons de son nouvel album aux nouvelles sonorit\u00e9s \u00e9lectro-traditionnelles Tradisyon \u00e0 para\u00eetre sous l\u2019\u00e9tiquette Cumbancha Records en 2022.<\/p>\n\n\n\n<p id=\"viewer-8t0m6\"><strong>19h \u2013 Corneille rencontre Ha\u00efti : avec artistes invit\u00e9s d&#8217;origine ha\u00eftienne !<\/strong><br>Compos\u00e9 de chansons issues de l\u2019album <em>Parce qu\u2019on aime<\/em> et de pi\u00e8ces de son pr\u00e9c\u00e9dent album <em>Love &amp; Soul<\/em>, l&#8217;artiste international <strong>Corneille<\/strong>, entour\u00e9 de ses musiciens, pr\u00e9sentera un tout nouveau spectacle dans le cadre du Festival Ha\u00efti en Folie 2022. Artistes invit\u00e9s: <strong>Yama Laurent<\/strong>, <strong>Raccoon<\/strong>, <strong>Kelly Krow, Le\u00efla Lanova. <\/strong>L\u2019artiste interpr\u00e9tera \u00e9galement plusieurs classiques de son r\u00e9pertoire. Enfin, c\u2019est entour\u00e9 d\u2019artistes invit\u00e9s chers \u00e0 sa d\u00e9marche et dans le but de souligner son affection pour la communaut\u00e9 ha\u00eftienne qu\u2019il vous pr\u00e9sentera une prestation ressentie dans un bel esprit d\u2019inclusion. Un rendez-vous \u00e0 ne pas manquer!<\/p>\n\n\n\n<h3 class=\"has-text-align-center wp-block-heading\" id=\"viewer-crrap\"><strong>PANELS DE DISCUSSION VIRTUELS, CIN\u00c9MA et CONCERT-MIDI<\/strong><\/h3>\n\n\n\n<p class=\"has-link-color wp-elements-7375650abe40884846a95921124e3a64\" id=\"viewer-8hntp\"><strong><u>Panel 1<\/u> : Femmes entrepreneures ha\u00eftiennes, les b\u00e2tisseuses d\u2019aujourd\u2019hui et de demain &#8211; \u00c9v\u00e9nement en partenariat avec <\/strong><a href=\"https:\/\/www.perfecteaucomm.com\/accueil\/hashtags\/She\"><strong>#She<\/strong><\/a><strong> Builds &#8211; <\/strong>Lundi 25 juillet, 19 h &#8211; Gratuit \u2013 En ligne<br><strong>Mod\u00e9ratrice<\/strong>: <strong>Marina Mathieu<\/strong> : Ambassadrice de <a href=\"https:\/\/www.perfecteaucomm.com\/accueil\/hashtags\/She_Builds\">#She_Builds<\/a> \u00e0 Montr\u00e9al<br><strong>Pan\u00e9listes: Schamma Rosidor:<\/strong> Pr\u00e9sidente directrice g\u00e9n\u00e9rale chez Soins Naturels My Royalty, <strong>Nahomie Jn Baptiste Millien<\/strong> &#8211; Fondatrice et DG de Centre Kaizen, Sp\u00e9cialiste en \u00c9galit\u00e9 des sexes et Ambassadrice <a href=\"https:\/\/www.perfecteaucomm.com\/accueil\/hashtags\/She_Builds\">#She_Builds<\/a>, <strong>Martine Cadet:<\/strong> Strat\u00e8ge de contenu, professeur, auteur, conf\u00e9renci\u00e8re.<\/p>\n\n\n\n<p id=\"viewer-4sut\"><strong><u>Panel 2<\/u> : La gastronomie ha\u00eftienne: vers une souverainet\u00e9 alimentaire<\/strong><br><strong>\u00c9v\u00e9nement en partenariat avec Les Jardins Lakou &#8211;<\/strong> Vendredi 29 juillet, 12h &#8211; Gratuit &#8211; En ligne <br><strong>Mod\u00e9ratrice: Sabine Daniel <\/strong>&#8211; Animatrice, productrice et conf\u00e9renci\u00e8re<br><strong>Pan\u00e9listes: Jean-Philippe V\u00e9zina<\/strong> &#8211; Mara\u00eecher, entrepreneur social et fondateur des Jardins Lakou, <strong>Lourdenie Jean<\/strong> &#8211; Intervenante et <em>fondatrice de <\/em>L&#8217;Environnement, c&#8217;est intersectionnel, <strong>Kay Thellot &#8211; <\/strong>Manbo Asongwe, ethnoth\u00e9rapeute et fondatrice de Prensip Minokan, <strong>Jean-Rony Poteau<\/strong> &#8211; Chef propri\u00e9taire, 3 couteaux Traiteur<\/p>\n\n\n\n<p id=\"viewer-ba8ff\"><strong><u>Panel 3<\/u> : Ha\u00efti dans les arts et la place de sa repr\u00e9sentation dans l\u2019imaginaire collectif \u00c9v\u00e9nement en partenariat avec Nigra Iuventa &#8211; <\/strong>Jeudi 28 juillet 12h &#8211; Gratuit &#8211; En ligne<br><strong>Mod\u00e9ratrice: Diane Gistal &#8211; <\/strong>Commissaire d\u2019exposition ind\u00e9pendante et fondatrice de Nigra Iuventa<br><strong>Pan\u00e9listes: Manuel Mathieu<\/strong> &#8211; Artiste multidisciplinaire, <strong>Miryam Charles<\/strong> &#8211; R\u00e9alisatrice et sc\u00e9nariste, <strong>Sh\u00e9rane Figaro <\/strong>&#8211; Chor\u00e9graphe et danseuse, <strong>Mich\u00e8le-Jessica Fi\u00e8vre &#8211; \u00c9crivaine<\/strong> et auteure de la s\u00e9rie \u00e0 succ\u00e8s<em> Badass Black Girl<\/em><\/p>\n\n\n\n<p id=\"viewer-7q96q\"><strong><u>Panel 4<\/u> : Conversation litt\u00e9raire avec Jos\u00e9phine Bacon<\/strong><br><strong>Panel pr\u00e9sent\u00e9 par LE DEVOIR<\/strong><br><strong>\u00c9v\u00e9nement en partenariat avec M\u00e9moire d\u2019encrier<\/strong><br><strong>Mod\u00e9rateur: Rodney St-\u00c9loi, <\/strong>auteur, po\u00e8te, conf\u00e9rencier et fondateur de la maison d\u2019\u00e9dition M\u00e9moire d&#8217;encrier, s&#8217;entretient avec la grande po\u00e9tesse et l\u2019illustre \u00e9crivaine autochtone (innue) <strong>Jos\u00e9phine Bacon<\/strong>.<\/p>\n\n\n\n<h3 class=\"has-text-align-center wp-block-heading\" id=\"viewer-7ss4p\"><strong>CIN\u00c9MA EN LIGNE<\/strong><\/h3>\n\n\n\n<p class=\"has-text-align-center has-link-color wp-elements-b1019106ff61e39fdc7df141426bd46f\" id=\"viewer-8bssp\"><strong>Du 25 au 31 juillet 2022 inclusivement. Infos &amp; billets: <\/strong><a rel=\"noreferrer noopener\" href=\"http:\/\/www.haitienfolie.com\/\" target=\"_blank\"><strong>www.haitienfolie.com<\/strong><\/a><\/p>\n\n\n\n<p id=\"viewer-31lh\"><strong>\u00caTRE NOIR.E \u00c0 MONTR\u00c9AL<\/strong><br><strong>De la Fondation Fabienne Colas &#8211; \u00c9dition 2020<\/strong><br>Le Festival Haiti en Folie est fier de pr\u00e9senter les <strong>4 court-m\u00e9trages documentaires francophones <\/strong>d\u2019\u00catre Noir.e \u00e0 Montr\u00e9al de l\u2019\u00e9dition <strong>2020 <\/strong>du<strong> <\/strong>programme <strong>\u00catre Noir au Canada<\/strong> de la Fondation Fabienne Colas. Un programme pr\u00e9sent\u00e9 par <strong>Netflix<\/strong>, en collaboration avec la <strong>Banque Nationale<\/strong>, et support\u00e9 par <strong>T\u00e9l\u00e9film Canada <\/strong>et<strong> <\/strong>le<strong> Conseil des arts du Canada.<\/strong><\/p>\n\n\n\n<p id=\"viewer-dd0kk\"><strong>ENVERS ET CONTRE TOUT<\/strong> par Kimberley Ann Surin<br><strong>KASE CHENN<\/strong> par Nits\u00e9 Mathelier<br><strong>NUANCE<\/strong> par Cassandre Gr\u00e9goire<br><strong>PATRI A<\/strong> par Dee Edouard-Williams<\/p>\n\n\n\n<p id=\"viewer-b7l90\"><strong>UN FILM AVEC TOI<\/strong><br>Documentaire de Jean-Daniel Lafond, Canada | 2015 | 52 minutes<br>2005. <strong>Micha\u00eblle Jean<\/strong> devient Gouverneure g\u00e9n\u00e9rale du Canada. Femme noire, engag\u00e9e, citoyenne du monde, elle marque la fonction. La jeunesse, les femmes, les autochtones sont ses priorit\u00e9s nationales, la diplomatie culturelle fera son succ\u00e8s international. 2010 : le s\u00e9isme en Ha\u00efti la ram\u00e8ne tragiquement au pays natal. Film\u00e9 de l\u2019int\u00e9rieur, <strong><em>Un film avec toi<\/em><\/strong> dresse un portrait intime et sensible de la femme d\u2019\u00c9tat qu\u2019elle a su devenir.<\/p>\n\n\n\n<p id=\"viewer-65h08\"><strong>Concert-midi: Midi Twoubadou avec Le Trio, mercredi 27 juillet, midi, Sc\u00e8ne du Jardin d\u2019art de la BAnQ &#8211; En partenariat avec la BAnQ<\/strong><br>Le Trio sont trois jeunes musiciens d\u2019origine ha\u00eftienne connus de la sc\u00e8ne musicale \u00e0 Montr\u00e9al par leur talent et leur versatilit\u00e9. Michel Henry, guitariste, Paul Elie et Williams Osias, chanteurs, vous feront voyager \u00e0 travers un univers musical rythm\u00e9 et chaleureux au son du troubadour.<\/p>\n\n\n\n<h3 class=\"has-text-align-center wp-block-heading\" id=\"viewer-o1e9\"><strong>FOIRES ET ATELIERS<\/strong><\/h3>\n\n\n\n<p><strong>FOIRE CULINAIRE HA\u00cfTI EN FOLIE<\/strong> \u2013 Pr\u00e9sent\u00e9e par<strong> La SAQ<\/strong> &#8211; Devant la popularit\u00e9 sans pr\u00e9c\u00e9dent de son volet gourmand, le 16e Festival Ha\u00efti en Folie \u00e0 Montr\u00e9al revient avec sa grande Foire culinaire Ha\u00efti en Folie les 30 et 31 juillet 2022, de 11h \u00e0 23h, au Parc Lafontaine. La Foire culinaire est une occasion unique de se d\u00e9lecter et de red\u00e9couvrir la cuisine typique d&#8217;Ha\u00efti concoct\u00e9e avec amour par une vari\u00e9t\u00e9 de traiteurs et de restaurateurs ha\u00eftiens de la m\u00e9tropole. Au menu : ateliers culinaires, boissons et cocktails exotiques, plats du terroir ha\u00eftien. \u00c9pices, couleurs et bonne humeur seront au rendez-vous dans une ambiance musicale rythm\u00e9e et un d\u00e9cor qui fait valoir l&#8217;artisanat et les produits locaux ha\u00eftiens. Un d\u00e9lice au Festival Ha\u00efti en Folie! La programmation compl\u00e8te et la liste des restaurants, traiteurs et fournisseurs est disponible <a rel=\"noreferrer noopener\" href=\"https:\/\/montreal.haitienfolie.com\/programmation-2022\/\" target=\"_blank\"><strong>ici<\/strong><\/a>. <\/p>\n\n\n\n<p id=\"viewer-5v9vi\"><strong>FOIRE ARTISANALE &amp; ATELIERS<\/strong><br>Comme chaque ann\u00e9e, la <strong>Foire artisanale du Festival Ha\u00efti en Folie<\/strong> recr\u00e9era au Parc Lafontaine un environnement aux couleurs, aux saveurs, aux odeurs et aux rythmes ha\u00eftiens. Au programme: ateliers de percussions, de danse, de maquillage, artisanat, causeries, animations musicales et beaucoup de folies pour les petits et les grands ! Parmi les ateliers : <strong>percussions<\/strong> avec Ronald Nazaire, performance de l\u2019artiste visuelle <strong>MALICIOUZ, danse kompa<\/strong>, <strong>cours de cr\u00e9ole, mosa\u00efculture,<\/strong> <strong>cerfs-volants, maquillage <\/strong>pour enfants etc\u2026<\/p>\n\n\n\n<p id=\"viewer-e8i0p\"><strong>FOIRE DU LIVRE HAITI EN FOLIE<\/strong><br>Plusieurs auteurs ha\u00eftiens seront expos\u00e9s lors de la <strong>Foire du Livre Ha\u00efti en Folie<\/strong> au Parc Lafontaine, une librairie ha\u00eftienne \u00e0 ciel ouvert! Les amoureux de la litt\u00e9rature pourront d\u00e9couvrir ou red\u00e9couvrir des auteurs et se procurer des livres auxquels ils n\u2019ont pas facilement acc\u00e8s. Parmi les maisons d\u2019\u00e9ditions invit\u00e9es : <strong>M\u00e9moire d\u2019Encrier<\/strong>.<\/p>\n\n\n\n<p class=\"has-text-align-center has-link-color wp-elements-6ef1e97cb4bc4d634efc017950ed47b2\" id=\"viewer-85rca\"><strong>16e Festival Ha\u00efti en Folie Montr\u00e9al : 25 au 31 juillet 2022<\/strong><br><strong>Billets, infos, bios et vid\u00e9os des artistes :<\/strong><a rel=\"noreferrer noopener\" href=\"http:\/\/www.haitienfolie.com\/\" target=\"_blank\"><strong> www.HaitiEnFolie.com<\/strong><\/a><\/p>\n\n\n\n<p class=\"has-link-color wp-elements-34cb1a2127e0ae6bd472bdb8dbed188b\" id=\"viewer-du8fo\"><strong>LE FESTIVAL HA\u00cfTI EN FOLIE \u2013 LE PLUS COLOR\u00c9 EN VILLE<\/strong><br>Cr\u00e9\u00e9 en 2007 par la Fondation Fabienne Colas, le Festival Ha\u00efti en Folie est le plus important festival pluridisciplinaire en dehors d&#8217;Ha\u00efti enti\u00e8rement d\u00e9di\u00e9 \u00e0 la culture ha\u00eftienne. Le public y est invit\u00e9 \u00e0 d\u00e9couvrir chaque ann\u00e9e le meilleur de la culture ha\u00eftienne en une semaine en plein c\u0153ur de Montr\u00e9al! Le Festival a d\u00e9j\u00e0 accueilli, en collaboration avec divers partenaires, des artistes de renom tels : <strong>Dany Laferri\u00e8re, Wyclef Jean, Manno Charlemagne, Ti Corn, Boukman Eksperyans, Sylvie Desgroseilliers, Boulo Valcourt, Groupe Vocal Desandan, Marie Jos\u00e9e Lord, Joujou Turenne, Toto Laraque, Wesli, BIC, Lorraine Klaasen, Sara Renelik<\/strong> et plusieurs autres.<a rel=\"noreferrer noopener\" href=\"http:\/\/www.haitienfolie.com\/\" target=\"_blank\"> www.haitienfolie.com<\/a><\/p>\n","protected":false},"excerpt":{"rendered":"<p>LE 16e FESTIVAL HA\u00cfTI EN FOLIE ENFLAMMERA MONTR\u00c9AL AVEC Corneille, Kako, B\u00e9lO, Jos\u00e9phine Bacon, DJ Windows 98 (Win Butler d\u2019Arcade Fire), Paul Beaubrun, Dany Laferri\u00e8re, Wesli, Yama Laurent, Kelly Krow, Rebecca Jean, Rodney Saint-\u00c9loi, Bel &amp; Quinn, Rara Jazz\u2026 D\u00c9VOILEMENT DE LA PROGRAMMATION 202225 AU 31 JUILLET 2022 | www.HaitiEnFolie.com Montr\u00e9al, le 30 juin 2022 \u2013 Le Festival Ha\u00efti en Folie est fier d\u2019annoncer la programmation compl\u00e8te de sa 16e \u00e9dition qui se tiendra \u00e0 Montr\u00e9al du 25 au 31 juillet 2022 en version hybride : en ligne, en salle et en plein air au Parc Lafontaine, au Cabaret Latulipe,<\/p>\n","protected":false},"author":1,"featured_media":0,"comment_status":"closed","ping_status":"closed","sticky":false,"template":"","format":"standard","meta":{"footnotes":""},"categories":[20],"tags":[],"class_list":["post-267","post","type-post","status-publish","format-standard","hentry","category-actualites"],"yoast_head":"<!-- This site is optimized with the Yoast SEO plugin v25.5 - https:\/\/yoast.com\/wordpress\/plugins\/seo\/ -->\n<title>LE 16e FESTIVAL HA\u00cfTI EN FOLIE ENFLAMMERA MONTR\u00c9AL - Perfecteau Comm<\/title>\n<meta name=\"robots\" content=\"index, follow, max-snippet:-1, max-image-preview:large, max-video-preview:-1\" \/>\n<link rel=\"canonical\" href=\"https:\/\/www.perfecteaucomm.com\/en\/actualites\/le-16e-festival-haiti-en-folie-enflammera-montreal\/\" \/>\n<meta property=\"og:locale\" content=\"en_US\" \/>\n<meta property=\"og:locale:alternate\" content=\"fr_CA\" \/>\n<meta property=\"og:type\" content=\"article\" \/>\n<meta property=\"og:title\" content=\"LE 16e FESTIVAL HA\u00cfTI EN FOLIE ENFLAMMERA MONTR\u00c9AL - Perfecteau Comm\" \/>\n<meta property=\"og:description\" content=\"LE 16e FESTIVAL HA\u00cfTI EN FOLIE ENFLAMMERA MONTR\u00c9AL AVEC Corneille, Kako, B\u00e9lO, Jos\u00e9phine Bacon, DJ Windows 98 (Win Butler d\u2019Arcade Fire), Paul Beaubrun, Dany Laferri\u00e8re, Wesli, Yama Laurent, Kelly Krow, Rebecca Jean, Rodney Saint-\u00c9loi, Bel &amp; Quinn, Rara Jazz\u2026 D\u00c9VOILEMENT DE LA PROGRAMMATION 202225 AU 31 JUILLET 2022 | www.HaitiEnFolie.com Montr\u00e9al, le 30 juin 2022 \u2013 Le Festival Ha\u00efti en Folie est fier d\u2019annoncer la programmation compl\u00e8te de sa 16e \u00e9dition qui se tiendra \u00e0 Montr\u00e9al du 25 au 31 juillet 2022 en version hybride : en ligne, en salle et en plein air au Parc Lafontaine, au Cabaret Latulipe,\" \/>\n<meta property=\"og:url\" content=\"https:\/\/www.perfecteaucomm.com\/en\/actualites\/le-16e-festival-haiti-en-folie-enflammera-montreal\/\" \/>\n<meta property=\"og:site_name\" content=\"Perfecteau Comm\" \/>\n<meta property=\"article:published_time\" content=\"2022-06-30T18:00:34+00:00\" \/>\n<meta property=\"article:modified_time\" content=\"2023-02-22T22:38:03+00:00\" \/>\n<meta property=\"og:image\" content=\"https:\/\/www.perfecteaucomm.com\/wp-content\/uploads\/2023\/01\/Haiti-en-folie.png\" \/>\n\t<meta property=\"og:image:width\" content=\"1920\" \/>\n\t<meta property=\"og:image:height\" content=\"1080\" \/>\n\t<meta property=\"og:image:type\" content=\"image\/png\" \/>\n<meta name=\"author\" content=\"perfecteau\" \/>\n<meta name=\"twitter:card\" content=\"summary_large_image\" \/>\n<meta name=\"twitter:label1\" content=\"Written by\" \/>\n\t<meta name=\"twitter:data1\" content=\"perfecteau\" \/>\n\t<meta name=\"twitter:label2\" content=\"Est. reading time\" \/>\n\t<meta name=\"twitter:data2\" content=\"14 minutes\" \/>\n<script type=\"application\/ld+json\" class=\"yoast-schema-graph\">{\"@context\":\"https:\/\/schema.org\",\"@graph\":[{\"@type\":\"Article\",\"@id\":\"https:\/\/www.perfecteaucomm.com\/actualites\/le-16e-festival-haiti-en-folie-enflammera-montreal\/#article\",\"isPartOf\":{\"@id\":\"https:\/\/www.perfecteaucomm.com\/actualites\/le-16e-festival-haiti-en-folie-enflammera-montreal\/\"},\"author\":{\"name\":\"perfecteau\",\"@id\":\"https:\/\/www.perfecteaucomm.com\/#\/schema\/person\/6e8531918d9cb8157ee1a5075d81d5c7\"},\"headline\":\"LE 16e FESTIVAL HA\u00cfTI EN FOLIE ENFLAMMERA MONTR\u00c9AL\",\"datePublished\":\"2022-06-30T18:00:34+00:00\",\"dateModified\":\"2023-02-22T22:38:03+00:00\",\"mainEntityOfPage\":{\"@id\":\"https:\/\/www.perfecteaucomm.com\/actualites\/le-16e-festival-haiti-en-folie-enflammera-montreal\/\"},\"wordCount\":2900,\"publisher\":{\"@id\":\"https:\/\/www.perfecteaucomm.com\/#organization\"},\"image\":{\"@id\":\"https:\/\/www.perfecteaucomm.com\/actualites\/le-16e-festival-haiti-en-folie-enflammera-montreal\/#primaryimage\"},\"thumbnailUrl\":\"https:\/\/perfecteaucomm.la-complice.com\/wp-content\/uploads\/2023\/01\/Haiti-en-folie-1024x576.png\",\"articleSection\":[\"Actualit\u00e9s\"],\"inLanguage\":\"en-CA\"},{\"@type\":\"WebPage\",\"@id\":\"https:\/\/www.perfecteaucomm.com\/actualites\/le-16e-festival-haiti-en-folie-enflammera-montreal\/\",\"url\":\"https:\/\/www.perfecteaucomm.com\/actualites\/le-16e-festival-haiti-en-folie-enflammera-montreal\/\",\"name\":\"LE 16e FESTIVAL HA\u00cfTI EN FOLIE ENFLAMMERA MONTR\u00c9AL - Perfecteau Comm\",\"isPartOf\":{\"@id\":\"https:\/\/www.perfecteaucomm.com\/#website\"},\"primaryImageOfPage\":{\"@id\":\"https:\/\/www.perfecteaucomm.com\/actualites\/le-16e-festival-haiti-en-folie-enflammera-montreal\/#primaryimage\"},\"image\":{\"@id\":\"https:\/\/www.perfecteaucomm.com\/actualites\/le-16e-festival-haiti-en-folie-enflammera-montreal\/#primaryimage\"},\"thumbnailUrl\":\"https:\/\/perfecteaucomm.la-complice.com\/wp-content\/uploads\/2023\/01\/Haiti-en-folie-1024x576.png\",\"datePublished\":\"2022-06-30T18:00:34+00:00\",\"dateModified\":\"2023-02-22T22:38:03+00:00\",\"breadcrumb\":{\"@id\":\"https:\/\/www.perfecteaucomm.com\/actualites\/le-16e-festival-haiti-en-folie-enflammera-montreal\/#breadcrumb\"},\"inLanguage\":\"en-CA\",\"potentialAction\":[{\"@type\":\"ReadAction\",\"target\":[\"https:\/\/www.perfecteaucomm.com\/actualites\/le-16e-festival-haiti-en-folie-enflammera-montreal\/\"]}]},{\"@type\":\"ImageObject\",\"inLanguage\":\"en-CA\",\"@id\":\"https:\/\/www.perfecteaucomm.com\/actualites\/le-16e-festival-haiti-en-folie-enflammera-montreal\/#primaryimage\",\"url\":\"https:\/\/perfecteaucomm.la-complice.com\/wp-content\/uploads\/2023\/01\/Haiti-en-folie-1024x576.png\",\"contentUrl\":\"https:\/\/perfecteaucomm.la-complice.com\/wp-content\/uploads\/2023\/01\/Haiti-en-folie-1024x576.png\"},{\"@type\":\"BreadcrumbList\",\"@id\":\"https:\/\/www.perfecteaucomm.com\/actualites\/le-16e-festival-haiti-en-folie-enflammera-montreal\/#breadcrumb\",\"itemListElement\":[{\"@type\":\"ListItem\",\"position\":1,\"name\":\"Accueil\",\"item\":\"https:\/\/www.perfecteaucomm.com\/\"},{\"@type\":\"ListItem\",\"position\":2,\"name\":\"LE 16e FESTIVAL HA\u00cfTI EN FOLIE ENFLAMMERA MONTR\u00c9AL\"}]},{\"@type\":\"WebSite\",\"@id\":\"https:\/\/www.perfecteaucomm.com\/#website\",\"url\":\"https:\/\/www.perfecteaucomm.com\/\",\"name\":\"Perfecteau Comm\",\"description\":\"Agence de relations de presse\",\"publisher\":{\"@id\":\"https:\/\/www.perfecteaucomm.com\/#organization\"},\"potentialAction\":[{\"@type\":\"SearchAction\",\"target\":{\"@type\":\"EntryPoint\",\"urlTemplate\":\"https:\/\/www.perfecteaucomm.com\/?s={search_term_string}\"},\"query-input\":{\"@type\":\"PropertyValueSpecification\",\"valueRequired\":true,\"valueName\":\"search_term_string\"}}],\"inLanguage\":\"en-CA\"},{\"@type\":\"Organization\",\"@id\":\"https:\/\/www.perfecteaucomm.com\/#organization\",\"name\":\"Perfecteau Comm\",\"url\":\"https:\/\/www.perfecteaucomm.com\/\",\"logo\":{\"@type\":\"ImageObject\",\"inLanguage\":\"en-CA\",\"@id\":\"https:\/\/www.perfecteaucomm.com\/#\/schema\/logo\/image\/\",\"url\":\"https:\/\/www.perfecteaucomm.com\/wp-content\/uploads\/2023\/01\/logo_perfecteau_fichier_final-2.png\",\"contentUrl\":\"https:\/\/www.perfecteaucomm.com\/wp-content\/uploads\/2023\/01\/logo_perfecteau_fichier_final-2.png\",\"width\":1600,\"height\":704,\"caption\":\"Perfecteau Comm\"},\"image\":{\"@id\":\"https:\/\/www.perfecteaucomm.com\/#\/schema\/logo\/image\/\"}},{\"@type\":\"Person\",\"@id\":\"https:\/\/www.perfecteaucomm.com\/#\/schema\/person\/6e8531918d9cb8157ee1a5075d81d5c7\",\"name\":\"perfecteau\",\"sameAs\":[\"https:\/\/perfecteaucomm.la-complice.com\"],\"url\":\"https:\/\/www.perfecteaucomm.com\/en\/author\/perfecteau\/\"}]}<\/script>\n<!-- \/ Yoast SEO plugin. -->","yoast_head_json":{"title":"LE 16e FESTIVAL HA\u00cfTI EN FOLIE ENFLAMMERA MONTR\u00c9AL - Perfecteau Comm","robots":{"index":"index","follow":"follow","max-snippet":"max-snippet:-1","max-image-preview":"max-image-preview:large","max-video-preview":"max-video-preview:-1"},"canonical":"https:\/\/www.perfecteaucomm.com\/en\/actualites\/le-16e-festival-haiti-en-folie-enflammera-montreal\/","og_locale":"en_US","og_type":"article","og_title":"LE 16e FESTIVAL HA\u00cfTI EN FOLIE ENFLAMMERA MONTR\u00c9AL - Perfecteau Comm","og_description":"LE 16e FESTIVAL HA\u00cfTI EN FOLIE ENFLAMMERA MONTR\u00c9AL AVEC Corneille, Kako, B\u00e9lO, Jos\u00e9phine Bacon, DJ Windows 98 (Win Butler d\u2019Arcade Fire), Paul Beaubrun, Dany Laferri\u00e8re, Wesli, Yama Laurent, Kelly Krow, Rebecca Jean, Rodney Saint-\u00c9loi, Bel &amp; Quinn, Rara Jazz\u2026 D\u00c9VOILEMENT DE LA PROGRAMMATION 202225 AU 31 JUILLET 2022 | www.HaitiEnFolie.com Montr\u00e9al, le 30 juin 2022 \u2013 Le Festival Ha\u00efti en Folie est fier d\u2019annoncer la programmation compl\u00e8te de sa 16e \u00e9dition qui se tiendra \u00e0 Montr\u00e9al du 25 au 31 juillet 2022 en version hybride : en ligne, en salle et en plein air au Parc Lafontaine, au Cabaret Latulipe,","og_url":"https:\/\/www.perfecteaucomm.com\/en\/actualites\/le-16e-festival-haiti-en-folie-enflammera-montreal\/","og_site_name":"Perfecteau Comm","article_published_time":"2022-06-30T18:00:34+00:00","article_modified_time":"2023-02-22T22:38:03+00:00","og_image":[{"width":1920,"height":1080,"url":"https:\/\/www.perfecteaucomm.com\/wp-content\/uploads\/2023\/01\/Haiti-en-folie.png","type":"image\/png"}],"author":"perfecteau","twitter_card":"summary_large_image","twitter_misc":{"Written by":"perfecteau","Est. reading time":"14 minutes"},"schema":{"@context":"https:\/\/schema.org","@graph":[{"@type":"Article","@id":"https:\/\/www.perfecteaucomm.com\/actualites\/le-16e-festival-haiti-en-folie-enflammera-montreal\/#article","isPartOf":{"@id":"https:\/\/www.perfecteaucomm.com\/actualites\/le-16e-festival-haiti-en-folie-enflammera-montreal\/"},"author":{"name":"perfecteau","@id":"https:\/\/www.perfecteaucomm.com\/#\/schema\/person\/6e8531918d9cb8157ee1a5075d81d5c7"},"headline":"LE 16e FESTIVAL HA\u00cfTI EN FOLIE ENFLAMMERA MONTR\u00c9AL","datePublished":"2022-06-30T18:00:34+00:00","dateModified":"2023-02-22T22:38:03+00:00","mainEntityOfPage":{"@id":"https:\/\/www.perfecteaucomm.com\/actualites\/le-16e-festival-haiti-en-folie-enflammera-montreal\/"},"wordCount":2900,"publisher":{"@id":"https:\/\/www.perfecteaucomm.com\/#organization"},"image":{"@id":"https:\/\/www.perfecteaucomm.com\/actualites\/le-16e-festival-haiti-en-folie-enflammera-montreal\/#primaryimage"},"thumbnailUrl":"https:\/\/perfecteaucomm.la-complice.com\/wp-content\/uploads\/2023\/01\/Haiti-en-folie-1024x576.png","articleSection":["Actualit\u00e9s"],"inLanguage":"en-CA"},{"@type":"WebPage","@id":"https:\/\/www.perfecteaucomm.com\/actualites\/le-16e-festival-haiti-en-folie-enflammera-montreal\/","url":"https:\/\/www.perfecteaucomm.com\/actualites\/le-16e-festival-haiti-en-folie-enflammera-montreal\/","name":"LE 16e FESTIVAL HA\u00cfTI EN FOLIE ENFLAMMERA MONTR\u00c9AL - Perfecteau Comm","isPartOf":{"@id":"https:\/\/www.perfecteaucomm.com\/#website"},"primaryImageOfPage":{"@id":"https:\/\/www.perfecteaucomm.com\/actualites\/le-16e-festival-haiti-en-folie-enflammera-montreal\/#primaryimage"},"image":{"@id":"https:\/\/www.perfecteaucomm.com\/actualites\/le-16e-festival-haiti-en-folie-enflammera-montreal\/#primaryimage"},"thumbnailUrl":"https:\/\/perfecteaucomm.la-complice.com\/wp-content\/uploads\/2023\/01\/Haiti-en-folie-1024x576.png","datePublished":"2022-06-30T18:00:34+00:00","dateModified":"2023-02-22T22:38:03+00:00","breadcrumb":{"@id":"https:\/\/www.perfecteaucomm.com\/actualites\/le-16e-festival-haiti-en-folie-enflammera-montreal\/#breadcrumb"},"inLanguage":"en-CA","potentialAction":[{"@type":"ReadAction","target":["https:\/\/www.perfecteaucomm.com\/actualites\/le-16e-festival-haiti-en-folie-enflammera-montreal\/"]}]},{"@type":"ImageObject","inLanguage":"en-CA","@id":"https:\/\/www.perfecteaucomm.com\/actualites\/le-16e-festival-haiti-en-folie-enflammera-montreal\/#primaryimage","url":"https:\/\/perfecteaucomm.la-complice.com\/wp-content\/uploads\/2023\/01\/Haiti-en-folie-1024x576.png","contentUrl":"https:\/\/perfecteaucomm.la-complice.com\/wp-content\/uploads\/2023\/01\/Haiti-en-folie-1024x576.png"},{"@type":"BreadcrumbList","@id":"https:\/\/www.perfecteaucomm.com\/actualites\/le-16e-festival-haiti-en-folie-enflammera-montreal\/#breadcrumb","itemListElement":[{"@type":"ListItem","position":1,"name":"Accueil","item":"https:\/\/www.perfecteaucomm.com\/"},{"@type":"ListItem","position":2,"name":"LE 16e FESTIVAL HA\u00cfTI EN FOLIE ENFLAMMERA MONTR\u00c9AL"}]},{"@type":"WebSite","@id":"https:\/\/www.perfecteaucomm.com\/#website","url":"https:\/\/www.perfecteaucomm.com\/","name":"Perfecteau Comm","description":"Agence de relations de presse","publisher":{"@id":"https:\/\/www.perfecteaucomm.com\/#organization"},"potentialAction":[{"@type":"SearchAction","target":{"@type":"EntryPoint","urlTemplate":"https:\/\/www.perfecteaucomm.com\/?s={search_term_string}"},"query-input":{"@type":"PropertyValueSpecification","valueRequired":true,"valueName":"search_term_string"}}],"inLanguage":"en-CA"},{"@type":"Organization","@id":"https:\/\/www.perfecteaucomm.com\/#organization","name":"Perfecteau Comm","url":"https:\/\/www.perfecteaucomm.com\/","logo":{"@type":"ImageObject","inLanguage":"en-CA","@id":"https:\/\/www.perfecteaucomm.com\/#\/schema\/logo\/image\/","url":"https:\/\/www.perfecteaucomm.com\/wp-content\/uploads\/2023\/01\/logo_perfecteau_fichier_final-2.png","contentUrl":"https:\/\/www.perfecteaucomm.com\/wp-content\/uploads\/2023\/01\/logo_perfecteau_fichier_final-2.png","width":1600,"height":704,"caption":"Perfecteau Comm"},"image":{"@id":"https:\/\/www.perfecteaucomm.com\/#\/schema\/logo\/image\/"}},{"@type":"Person","@id":"https:\/\/www.perfecteaucomm.com\/#\/schema\/person\/6e8531918d9cb8157ee1a5075d81d5c7","name":"perfecteau","sameAs":["https:\/\/perfecteaucomm.la-complice.com"],"url":"https:\/\/www.perfecteaucomm.com\/en\/author\/perfecteau\/"}]}},"_links":{"self":[{"href":"https:\/\/www.perfecteaucomm.com\/en\/wp-json\/wp\/v2\/posts\/267","targetHints":{"allow":["GET"]}}],"collection":[{"href":"https:\/\/www.perfecteaucomm.com\/en\/wp-json\/wp\/v2\/posts"}],"about":[{"href":"https:\/\/www.perfecteaucomm.com\/en\/wp-json\/wp\/v2\/types\/post"}],"author":[{"embeddable":true,"href":"https:\/\/www.perfecteaucomm.com\/en\/wp-json\/wp\/v2\/users\/1"}],"replies":[{"embeddable":true,"href":"https:\/\/www.perfecteaucomm.com\/en\/wp-json\/wp\/v2\/comments?post=267"}],"version-history":[{"count":2,"href":"https:\/\/www.perfecteaucomm.com\/en\/wp-json\/wp\/v2\/posts\/267\/revisions"}],"predecessor-version":[{"id":270,"href":"https:\/\/www.perfecteaucomm.com\/en\/wp-json\/wp\/v2\/posts\/267\/revisions\/270"}],"wp:attachment":[{"href":"https:\/\/www.perfecteaucomm.com\/en\/wp-json\/wp\/v2\/media?parent=267"}],"wp:term":[{"taxonomy":"category","embeddable":true,"href":"https:\/\/www.perfecteaucomm.com\/en\/wp-json\/wp\/v2\/categories?post=267"},{"taxonomy":"post_tag","embeddable":true,"href":"https:\/\/www.perfecteaucomm.com\/en\/wp-json\/wp\/v2\/tags?post=267"}],"curies":[{"name":"wp","href":"https:\/\/api.w.org\/{rel}","templated":true}]}}