{"id":260,"date":"2022-07-19T12:26:09","date_gmt":"2022-07-19T16:26:09","guid":{"rendered":"https:\/\/perfecteaucomm.la-complice.com\/?p=260"},"modified":"2023-02-22T17:37:56","modified_gmt":"2023-02-22T22:37:56","slug":"saison-2-les-marionnettes-laides-sont-de-retour","status":"publish","type":"post","link":"https:\/\/www.perfecteaucomm.com\/en\/actualites\/saison-2-les-marionnettes-laides-sont-de-retour\/","title":{"rendered":"Saison 2 &#8211; Les marionnettes laides sont de retour !"},"content":{"rendered":"\n<figure class=\"wp-block-image aligncenter size-large is-resized\"><img loading=\"lazy\" decoding=\"async\" src=\"https:\/\/perfecteaucomm.la-complice.com\/wp-content\/uploads\/2023\/01\/La-dump-2-1024x861.jpg\" alt=\"\" class=\"wp-image-261\" width=\"512\" height=\"431\" srcset=\"https:\/\/www.perfecteaucomm.com\/wp-content\/uploads\/2023\/01\/La-dump-2-1024x861.jpg 1024w, https:\/\/www.perfecteaucomm.com\/wp-content\/uploads\/2023\/01\/La-dump-2-300x252.jpg 300w, https:\/\/www.perfecteaucomm.com\/wp-content\/uploads\/2023\/01\/La-dump-2-768x646.jpg 768w, https:\/\/www.perfecteaucomm.com\/wp-content\/uploads\/2023\/01\/La-dump-2-1536x1292.jpg 1536w, https:\/\/www.perfecteaucomm.com\/wp-content\/uploads\/2023\/01\/La-dump-2-2048x1722.jpg 2048w\" sizes=\"auto, (max-width: 512px) 100vw, 512px\" \/><\/figure>\n\n\n\n<p class=\"has-text-align-right\" id=\"viewer-foo\">Communiqu\u00e9 pour diffusion imm\u00e9diate<\/p>\n\n\n\n<p class=\"has-link-color wp-elements-1a21feeef1e990789b8bf52b239ff1b7\" id=\"viewer-4fcgm\"><a href=\"https:\/\/www.facebook.com\/LaDumpShow\/posts\/pfbid0iNYEzYAwjCtrE19eVoaNuZL8sSdCZ4UQaAN6VHbTDvqiNsHXymvyEEKn6MwEi6nAl\" target=\"_blank\" rel=\"noreferrer noopener\"><strong>TRAILER SAISON 2 &#8211; CLIQUE ICI !<\/strong><\/a><\/p>\n\n\n\n<p class=\"has-link-color wp-elements-0237cdc0a48ec0603fdd947f86aa6b73\" id=\"viewer-67mrr\"><a href=\"https:\/\/fantasiafestival.com\/fr\/film\/la-dump-deuxieme-saison\" target=\"_blank\" rel=\"noreferrer noopener\"><strong>LANCEMENT \u00c0 FANTASIA \u2013 CLIQUE ICI !<\/strong><\/a><\/p>\n\n\n\n<p>Montr\u00e9al, le 19 juillet 2022<strong> \u2013 <\/strong>Apr\u00e8s une pand\u00e9mie et genre 14 vagues, les populaires marionnettes laides de l\u2019humoriste<strong> Maude Morissette <\/strong>ne sont pas mortes! Elle revient avec une 2e saison de la s\u00e9rie <strong><em>La Dump<\/em><\/strong>, qui a fait beaucoup jas\u00e9 dans les m\u00e9dias. Apr\u00e8s 500 000 vues et une impressionnante couverture m\u00e9diatique, la jeune r\u00e9alisatrice engag\u00e9e n\u2019a laiss\u00e9 personne indiff\u00e9rent. La saison 2 est disponible, \u00e0 tes risques et p\u00e9rils, sur le web d\u00e8s le 2 ao\u00fbt.<\/p>\n\n\n\n<p id=\"viewer-egr8q\">Produits par Jelly Bean Media, les \u00e9pisodes racontent l\u2019histoire d\u2019une famille de <em>puppets<\/em> dysfonctionnelles et hilarantes qui habitent dans nos \u00e9gouts depuis leur expulsion des \u00c9tats-Unis pour d\u00e9sordre public. Ces mal-aim\u00e9s et parias de la soci\u00e9t\u00e9 vivent avec plein d&#8217;amis laittes et color\u00e9s dans un curieux village souterrain nomm\u00e9 <em>La Dump<\/em>. C\u2019est l\u2019endroit o\u00f9 tous les \u201cpas chics\u201d et les gens diff\u00e9rents trouvent leur place. Rencontre <em>Belle<\/em> (une ex-miss du Kentucky, fumeuse), <em>Barbe<\/em> (le fils ill\u00e9gitime de Donald Trump) et leurs deux enfants multi-ethniques adopt\u00e9s, <em>Cuill\u00e8re<\/em> (un g\u00e9ni handicap\u00e9 de 8 ans) &amp; <em>Spatule<\/em> (un.e non-binaire \u00e0 la moustache molle). <strong>Cette s\u00e9rie fantastique est un plaisir coupable, une critique sociale et une satire de la culture populaire qu\u00e9b\u00e9coise<\/strong>. Selon Maude, si Patrick Lagac\u00e9 <em>like<\/em> sa s\u00e9rie et que Denise Bombardier est choqu\u00e9e, bien elle aura fait son travail! <strong>Enfin, si tu d\u00e9testes les marionnettes, cette s\u00e9rie est pour toi!<\/strong><\/p>\n\n\n\n<p id=\"viewer-dsjn1\"><strong>Premi\u00e8re au Canada:<\/strong> La s\u00e9rie est un petit bijou visuel. Les marionnettes sont con\u00e7ues enti\u00e8rement sur <em>green screen<\/em> avec des effets sp\u00e9ciaux spectaculaires. Elle est aussi un petit chef-d&#8217;\u0153uvre de Pixel Art. Netflix peut facilement les appeler!<\/p>\n\n\n\n<p id=\"viewer-a80ip\"><strong>Qu\u2019est-ce qui arrive \u00e0 la saison 2?<\/strong> Bien, beaucoup d\u2019apocalypses, d&#8217;aliens, de r\u00e9nos qui virent mal et la mort de tous les hommes sur Terre!<\/p>\n\n\n\n<p id=\"viewer-erfi2\"><strong>Plusieurs personnalit\u00e9s pr\u00eatent leurs voix aux personnages<\/strong> : <strong>Laurent Paquin<\/strong>, <strong>Ana\u00efs Favron<\/strong>, <strong>\u00c9dith Cochrane<\/strong>, <strong>Yves P Pelletier<\/strong>, <strong>L\u00e9ane Labr\u00e8che-Dor<\/strong>, <strong>Genevi\u00e8ve Schmidt<\/strong>, <strong>Erich Preach<\/strong>, <strong>Andrew Tchernilevskii<\/strong>, <strong>Chlo\u00e9e Deblois, <\/strong>Maxime Gervais, Thomas Valli\u00e8res, Lucas DiTecco et Maude Morissette.<\/p>\n\n\n\n<p id=\"viewer-138k0\"><strong>Avec la participation de<\/strong>: <strong>Safia Nolin, Michel Courtemanche, Yannick De Martino, Mario Tessier, PA M\u00e9thot, Bruny Surin<\/strong>, <strong>Jessie Nadeau<\/strong>, <strong>Victoria Charlton,Emma Boss\u00e9 et Cynthia Dulude<\/strong>. Les marionnettistes sont nuls autres que ceux de <em>Bibi et Genevi\u00e8ve<\/em> et de <em>Passe-Partout<\/em>.<\/p>\n\n\n\n<p id=\"viewer-fhmns\">Les textes et la r\u00e9alisation sont de Maude Morissette.<\/p>\n\n\n\n<p><strong>Le lancement m\u00e9diatique de la saison 2 se tiendra au festival Fantasia<\/strong>, o\u00f9 quelques \u00e9pisodes y seront pr\u00e9sent\u00e9s en primeur avant qu\u2019ils n\u2019envahissent Facebook, YouTube, IGTV et TikTok. L\u2019\u00e9v\u00e9nement est gratuit au grand plaisir de tous. Pour avoir des frissons dans le dos, soit pr\u00e9sent avec les membres de l\u2019\u00e9quipe et leurs vedettes<strong>le 1 ao\u00fbt, 18h, au Cin\u00e9ma du Mus\u00e9e<\/strong>.<\/p>\n\n\n\n<figure class=\"wp-block-image aligncenter size-large is-resized\"><img loading=\"lazy\" decoding=\"async\" src=\"https:\/\/perfecteaucomm.la-complice.com\/wp-content\/uploads\/2023\/01\/photo-Maude-1024x900.jpg\" alt=\"\" class=\"wp-image-262\" width=\"512\" height=\"450\" srcset=\"https:\/\/www.perfecteaucomm.com\/wp-content\/uploads\/2023\/01\/photo-Maude-1024x900.jpg 1024w, https:\/\/www.perfecteaucomm.com\/wp-content\/uploads\/2023\/01\/photo-Maude-300x264.jpg 300w, https:\/\/www.perfecteaucomm.com\/wp-content\/uploads\/2023\/01\/photo-Maude-768x675.jpg 768w, https:\/\/www.perfecteaucomm.com\/wp-content\/uploads\/2023\/01\/photo-Maude-1536x1349.jpg 1536w, https:\/\/www.perfecteaucomm.com\/wp-content\/uploads\/2023\/01\/photo-Maude.jpg 2048w\" sizes=\"auto, (max-width: 512px) 100vw, 512px\" \/><\/figure>\n\n\n\n<p><strong>\u00c0 propos de la cr\u00e9atrice<\/strong><\/p>\n\n\n\n<p class=\"has-link-color wp-elements-cb3c41e58b8cbd9b7436f01806401bc4\" id=\"viewer-56nai\"><strong>Maude Morissette<\/strong> est dipl\u00f4m\u00e9e de l\u2019\u00c9cole nationale de l\u2019humour en 2011 et d\u2019un Bac en sciences, sp\u00e9cialit\u00e9s commerce et publicit\u00e9. Gagnante du concours \u00abLa prochaine\u00bb en 2011 \u00e0 ARTV, elle n\u2019a pas ch\u00f4m\u00e9 depuis sa sortie de l\u2019\u00e9cole devant et aussi derri\u00e8re la cam\u00e9ra. Vous avez pu la voir \u00e0 l\u2019\u00e9poque sur l\u2019\u00e9mission <em>Un gars le soir<\/em> et aussi pendant quelques ann\u00e9es comme chroniqueuse le matin sur les ondes de V. Maude a un je-ne-sais-quoi qui la rend follement attachante et ne laisse personne indiff\u00e9rent. Nul n\u2019\u00e9tait surpris de la voir se lancer il y a quelques ann\u00e9es dans cette webs\u00e9rie de marionnettes intitul\u00e9e <em>La Dump<\/em>. Une histoire de pers\u00e9v\u00e9rance et de d\u00e9termination, c\u2019est le moins qu\u2019on puisse dire. Un projet aussi \u00e0 son image : dr\u00f4le, engag\u00e9 et color\u00e9. D\u2019ailleurs un de ses premiers projets en carri\u00e8re comme r\u00e9alisatrice, productrice, auteure et com\u00e9dienne. Et le succ\u00e8s est visiblement au rendez-vous \u00e0 en regarder les critiques! <a href=\"https:\/\/www.maudemorissette.ca\/\" target=\"_blank\" rel=\"noreferrer noopener\"><u>maudemorissette.ca<\/u><\/a><\/p>\n\n\n\n<p class=\"has-link-color wp-elements-aa7738e016a9018dc1439c7c6fcc10ae\" id=\"viewer-a5g42\"><a href=\"http:\/\/www.facebook.com\/sharer\/sharer.php?u=https%3A%2F%2Fwww.facebook.com%2FLaDumpShow%2Fposts%2Fpfbid0iNYEzYAwjCtrE19eVoaNuZL8sSdCZ4UQaAN6VHbTDvqiNsHXymvyEEKn6MwEi6nAl\" target=\"_blank\" rel=\"noreferrer noopener\"><strong>Partage-moi!<\/strong><\/a><strong> <\/strong><a href=\"http:\/\/twitter.com\/intent\/tweet?text=:%20https%3A%2F%2Fwww.facebook.com%2FLaDumpShow%2Fposts%2Fpfbid0iNYEzYAwjCtrE19eVoaNuZL8sSdCZ4UQaAN6VHbTDvqiNsHXymvyEEKn6MwEi6nAl\" target=\"_blank\" rel=\"noreferrer noopener\"><strong>Tweet-moi!<\/strong><\/a><\/p>\n\n\n\n<p>Mots-cl\u00e9s :<\/p>\n\n\n\n<ul class=\"has-link-color wp-block-list wp-elements-92bf29bb8c49e426c1ff91c7f8a7b539\">\n<li><a href=\"https:\/\/www.perfecteaucomm.com\/accueil\/tags\/la-dump\">La Dump<\/a><\/li>\n\n\n\n<li><a href=\"https:\/\/www.perfecteaucomm.com\/accueil\/tags\/maude-morissette\">Maude Morissette<\/a><\/li>\n\n\n\n<li><a href=\"https:\/\/www.perfecteaucomm.com\/accueil\/tags\/marionnettes\">Marionnettes<\/a><\/li>\n<\/ul>\n","protected":false},"excerpt":{"rendered":"<p>Communiqu\u00e9 pour diffusion imm\u00e9diate TRAILER SAISON 2 &#8211; CLIQUE ICI ! LANCEMENT \u00c0 FANTASIA \u2013 CLIQUE ICI ! Montr\u00e9al, le 19 juillet 2022 \u2013 Apr\u00e8s une pand\u00e9mie et genre 14 vagues, les populaires marionnettes laides de l\u2019humoriste Maude Morissette ne sont pas mortes! Elle revient avec une 2e saison de la s\u00e9rie La Dump, qui a fait beaucoup jas\u00e9 dans les m\u00e9dias. Apr\u00e8s 500 000 vues et une impressionnante couverture m\u00e9diatique, la jeune r\u00e9alisatrice engag\u00e9e n\u2019a laiss\u00e9 personne indiff\u00e9rent. La saison 2 est disponible, \u00e0 tes risques et p\u00e9rils, sur le web d\u00e8s le 2 ao\u00fbt. Produits par Jelly Bean<\/p>\n","protected":false},"author":1,"featured_media":0,"comment_status":"closed","ping_status":"closed","sticky":false,"template":"","format":"standard","meta":{"footnotes":""},"categories":[20],"tags":[],"class_list":["post-260","post","type-post","status-publish","format-standard","hentry","category-actualites"],"yoast_head":"<!-- This site is optimized with the Yoast SEO plugin v25.5 - https:\/\/yoast.com\/wordpress\/plugins\/seo\/ -->\n<title>Saison 2 - Les marionnettes laides sont de retour ! - Perfecteau Comm<\/title>\n<meta name=\"robots\" content=\"index, follow, max-snippet:-1, max-image-preview:large, max-video-preview:-1\" \/>\n<link rel=\"canonical\" href=\"https:\/\/www.perfecteaucomm.com\/en\/actualites\/saison-2-les-marionnettes-laides-sont-de-retour\/\" \/>\n<meta property=\"og:locale\" content=\"en_US\" \/>\n<meta property=\"og:locale:alternate\" content=\"fr_CA\" \/>\n<meta property=\"og:type\" content=\"article\" \/>\n<meta property=\"og:title\" content=\"Saison 2 - Les marionnettes laides sont de retour ! - Perfecteau Comm\" \/>\n<meta property=\"og:description\" content=\"Communiqu\u00e9 pour diffusion imm\u00e9diate TRAILER SAISON 2 &#8211; CLIQUE ICI ! LANCEMENT \u00c0 FANTASIA \u2013 CLIQUE ICI ! Montr\u00e9al, le 19 juillet 2022 \u2013 Apr\u00e8s une pand\u00e9mie et genre 14 vagues, les populaires marionnettes laides de l\u2019humoriste Maude Morissette ne sont pas mortes! Elle revient avec une 2e saison de la s\u00e9rie La Dump, qui a fait beaucoup jas\u00e9 dans les m\u00e9dias. Apr\u00e8s 500 000 vues et une impressionnante couverture m\u00e9diatique, la jeune r\u00e9alisatrice engag\u00e9e n\u2019a laiss\u00e9 personne indiff\u00e9rent. La saison 2 est disponible, \u00e0 tes risques et p\u00e9rils, sur le web d\u00e8s le 2 ao\u00fbt. Produits par Jelly Bean\" \/>\n<meta property=\"og:url\" content=\"https:\/\/www.perfecteaucomm.com\/en\/actualites\/saison-2-les-marionnettes-laides-sont-de-retour\/\" \/>\n<meta property=\"og:site_name\" content=\"Perfecteau Comm\" \/>\n<meta property=\"article:published_time\" content=\"2022-07-19T16:26:09+00:00\" \/>\n<meta property=\"article:modified_time\" content=\"2023-02-22T22:37:56+00:00\" \/>\n<meta property=\"og:image\" content=\"https:\/\/www.perfecteaucomm.com\/wp-content\/uploads\/2023\/01\/La-dump-2.jpg\" \/>\n\t<meta property=\"og:image:width\" content=\"2560\" \/>\n\t<meta property=\"og:image:height\" content=\"2153\" \/>\n\t<meta property=\"og:image:type\" content=\"image\/jpeg\" \/>\n<meta name=\"author\" content=\"perfecteau\" \/>\n<meta name=\"twitter:card\" content=\"summary_large_image\" \/>\n<meta name=\"twitter:label1\" content=\"Written by\" \/>\n\t<meta name=\"twitter:data1\" content=\"perfecteau\" \/>\n\t<meta name=\"twitter:label2\" content=\"Est. reading time\" \/>\n\t<meta name=\"twitter:data2\" content=\"3 minutes\" \/>\n<script type=\"application\/ld+json\" class=\"yoast-schema-graph\">{\"@context\":\"https:\/\/schema.org\",\"@graph\":[{\"@type\":\"Article\",\"@id\":\"https:\/\/www.perfecteaucomm.com\/actualites\/saison-2-les-marionnettes-laides-sont-de-retour\/#article\",\"isPartOf\":{\"@id\":\"https:\/\/www.perfecteaucomm.com\/actualites\/saison-2-les-marionnettes-laides-sont-de-retour\/\"},\"author\":{\"name\":\"perfecteau\",\"@id\":\"https:\/\/www.perfecteaucomm.com\/#\/schema\/person\/6e8531918d9cb8157ee1a5075d81d5c7\"},\"headline\":\"Saison 2 &#8211; Les marionnettes laides sont de retour !\",\"datePublished\":\"2022-07-19T16:26:09+00:00\",\"dateModified\":\"2023-02-22T22:37:56+00:00\",\"mainEntityOfPage\":{\"@id\":\"https:\/\/www.perfecteaucomm.com\/actualites\/saison-2-les-marionnettes-laides-sont-de-retour\/\"},\"wordCount\":704,\"publisher\":{\"@id\":\"https:\/\/www.perfecteaucomm.com\/#organization\"},\"image\":{\"@id\":\"https:\/\/www.perfecteaucomm.com\/actualites\/saison-2-les-marionnettes-laides-sont-de-retour\/#primaryimage\"},\"thumbnailUrl\":\"https:\/\/perfecteaucomm.la-complice.com\/wp-content\/uploads\/2023\/01\/La-dump-2-1024x861.jpg\",\"articleSection\":[\"Actualit\u00e9s\"],\"inLanguage\":\"en-CA\"},{\"@type\":\"WebPage\",\"@id\":\"https:\/\/www.perfecteaucomm.com\/actualites\/saison-2-les-marionnettes-laides-sont-de-retour\/\",\"url\":\"https:\/\/www.perfecteaucomm.com\/actualites\/saison-2-les-marionnettes-laides-sont-de-retour\/\",\"name\":\"Saison 2 - Les marionnettes laides sont de retour ! - Perfecteau Comm\",\"isPartOf\":{\"@id\":\"https:\/\/www.perfecteaucomm.com\/#website\"},\"primaryImageOfPage\":{\"@id\":\"https:\/\/www.perfecteaucomm.com\/actualites\/saison-2-les-marionnettes-laides-sont-de-retour\/#primaryimage\"},\"image\":{\"@id\":\"https:\/\/www.perfecteaucomm.com\/actualites\/saison-2-les-marionnettes-laides-sont-de-retour\/#primaryimage\"},\"thumbnailUrl\":\"https:\/\/perfecteaucomm.la-complice.com\/wp-content\/uploads\/2023\/01\/La-dump-2-1024x861.jpg\",\"datePublished\":\"2022-07-19T16:26:09+00:00\",\"dateModified\":\"2023-02-22T22:37:56+00:00\",\"breadcrumb\":{\"@id\":\"https:\/\/www.perfecteaucomm.com\/actualites\/saison-2-les-marionnettes-laides-sont-de-retour\/#breadcrumb\"},\"inLanguage\":\"en-CA\",\"potentialAction\":[{\"@type\":\"ReadAction\",\"target\":[\"https:\/\/www.perfecteaucomm.com\/actualites\/saison-2-les-marionnettes-laides-sont-de-retour\/\"]}]},{\"@type\":\"ImageObject\",\"inLanguage\":\"en-CA\",\"@id\":\"https:\/\/www.perfecteaucomm.com\/actualites\/saison-2-les-marionnettes-laides-sont-de-retour\/#primaryimage\",\"url\":\"https:\/\/perfecteaucomm.la-complice.com\/wp-content\/uploads\/2023\/01\/La-dump-2-1024x861.jpg\",\"contentUrl\":\"https:\/\/perfecteaucomm.la-complice.com\/wp-content\/uploads\/2023\/01\/La-dump-2-1024x861.jpg\"},{\"@type\":\"BreadcrumbList\",\"@id\":\"https:\/\/www.perfecteaucomm.com\/actualites\/saison-2-les-marionnettes-laides-sont-de-retour\/#breadcrumb\",\"itemListElement\":[{\"@type\":\"ListItem\",\"position\":1,\"name\":\"Accueil\",\"item\":\"https:\/\/www.perfecteaucomm.com\/\"},{\"@type\":\"ListItem\",\"position\":2,\"name\":\"Saison 2 &#8211; Les marionnettes laides sont de retour !\"}]},{\"@type\":\"WebSite\",\"@id\":\"https:\/\/www.perfecteaucomm.com\/#website\",\"url\":\"https:\/\/www.perfecteaucomm.com\/\",\"name\":\"Perfecteau Comm\",\"description\":\"Agence de relations de presse\",\"publisher\":{\"@id\":\"https:\/\/www.perfecteaucomm.com\/#organization\"},\"potentialAction\":[{\"@type\":\"SearchAction\",\"target\":{\"@type\":\"EntryPoint\",\"urlTemplate\":\"https:\/\/www.perfecteaucomm.com\/?s={search_term_string}\"},\"query-input\":{\"@type\":\"PropertyValueSpecification\",\"valueRequired\":true,\"valueName\":\"search_term_string\"}}],\"inLanguage\":\"en-CA\"},{\"@type\":\"Organization\",\"@id\":\"https:\/\/www.perfecteaucomm.com\/#organization\",\"name\":\"Perfecteau Comm\",\"url\":\"https:\/\/www.perfecteaucomm.com\/\",\"logo\":{\"@type\":\"ImageObject\",\"inLanguage\":\"en-CA\",\"@id\":\"https:\/\/www.perfecteaucomm.com\/#\/schema\/logo\/image\/\",\"url\":\"https:\/\/www.perfecteaucomm.com\/wp-content\/uploads\/2023\/01\/logo_perfecteau_fichier_final-2.png\",\"contentUrl\":\"https:\/\/www.perfecteaucomm.com\/wp-content\/uploads\/2023\/01\/logo_perfecteau_fichier_final-2.png\",\"width\":1600,\"height\":704,\"caption\":\"Perfecteau Comm\"},\"image\":{\"@id\":\"https:\/\/www.perfecteaucomm.com\/#\/schema\/logo\/image\/\"}},{\"@type\":\"Person\",\"@id\":\"https:\/\/www.perfecteaucomm.com\/#\/schema\/person\/6e8531918d9cb8157ee1a5075d81d5c7\",\"name\":\"perfecteau\",\"sameAs\":[\"https:\/\/perfecteaucomm.la-complice.com\"],\"url\":\"https:\/\/www.perfecteaucomm.com\/en\/author\/perfecteau\/\"}]}<\/script>\n<!-- \/ Yoast SEO plugin. -->","yoast_head_json":{"title":"Saison 2 - Les marionnettes laides sont de retour ! - Perfecteau Comm","robots":{"index":"index","follow":"follow","max-snippet":"max-snippet:-1","max-image-preview":"max-image-preview:large","max-video-preview":"max-video-preview:-1"},"canonical":"https:\/\/www.perfecteaucomm.com\/en\/actualites\/saison-2-les-marionnettes-laides-sont-de-retour\/","og_locale":"en_US","og_type":"article","og_title":"Saison 2 - Les marionnettes laides sont de retour ! - Perfecteau Comm","og_description":"Communiqu\u00e9 pour diffusion imm\u00e9diate TRAILER SAISON 2 &#8211; CLIQUE ICI ! LANCEMENT \u00c0 FANTASIA \u2013 CLIQUE ICI ! Montr\u00e9al, le 19 juillet 2022 \u2013 Apr\u00e8s une pand\u00e9mie et genre 14 vagues, les populaires marionnettes laides de l\u2019humoriste Maude Morissette ne sont pas mortes! Elle revient avec une 2e saison de la s\u00e9rie La Dump, qui a fait beaucoup jas\u00e9 dans les m\u00e9dias. Apr\u00e8s 500 000 vues et une impressionnante couverture m\u00e9diatique, la jeune r\u00e9alisatrice engag\u00e9e n\u2019a laiss\u00e9 personne indiff\u00e9rent. La saison 2 est disponible, \u00e0 tes risques et p\u00e9rils, sur le web d\u00e8s le 2 ao\u00fbt. Produits par Jelly Bean","og_url":"https:\/\/www.perfecteaucomm.com\/en\/actualites\/saison-2-les-marionnettes-laides-sont-de-retour\/","og_site_name":"Perfecteau Comm","article_published_time":"2022-07-19T16:26:09+00:00","article_modified_time":"2023-02-22T22:37:56+00:00","og_image":[{"width":2560,"height":2153,"url":"https:\/\/www.perfecteaucomm.com\/wp-content\/uploads\/2023\/01\/La-dump-2.jpg","type":"image\/jpeg"}],"author":"perfecteau","twitter_card":"summary_large_image","twitter_misc":{"Written by":"perfecteau","Est. reading time":"3 minutes"},"schema":{"@context":"https:\/\/schema.org","@graph":[{"@type":"Article","@id":"https:\/\/www.perfecteaucomm.com\/actualites\/saison-2-les-marionnettes-laides-sont-de-retour\/#article","isPartOf":{"@id":"https:\/\/www.perfecteaucomm.com\/actualites\/saison-2-les-marionnettes-laides-sont-de-retour\/"},"author":{"name":"perfecteau","@id":"https:\/\/www.perfecteaucomm.com\/#\/schema\/person\/6e8531918d9cb8157ee1a5075d81d5c7"},"headline":"Saison 2 &#8211; Les marionnettes laides sont de retour !","datePublished":"2022-07-19T16:26:09+00:00","dateModified":"2023-02-22T22:37:56+00:00","mainEntityOfPage":{"@id":"https:\/\/www.perfecteaucomm.com\/actualites\/saison-2-les-marionnettes-laides-sont-de-retour\/"},"wordCount":704,"publisher":{"@id":"https:\/\/www.perfecteaucomm.com\/#organization"},"image":{"@id":"https:\/\/www.perfecteaucomm.com\/actualites\/saison-2-les-marionnettes-laides-sont-de-retour\/#primaryimage"},"thumbnailUrl":"https:\/\/perfecteaucomm.la-complice.com\/wp-content\/uploads\/2023\/01\/La-dump-2-1024x861.jpg","articleSection":["Actualit\u00e9s"],"inLanguage":"en-CA"},{"@type":"WebPage","@id":"https:\/\/www.perfecteaucomm.com\/actualites\/saison-2-les-marionnettes-laides-sont-de-retour\/","url":"https:\/\/www.perfecteaucomm.com\/actualites\/saison-2-les-marionnettes-laides-sont-de-retour\/","name":"Saison 2 - Les marionnettes laides sont de retour ! - Perfecteau Comm","isPartOf":{"@id":"https:\/\/www.perfecteaucomm.com\/#website"},"primaryImageOfPage":{"@id":"https:\/\/www.perfecteaucomm.com\/actualites\/saison-2-les-marionnettes-laides-sont-de-retour\/#primaryimage"},"image":{"@id":"https:\/\/www.perfecteaucomm.com\/actualites\/saison-2-les-marionnettes-laides-sont-de-retour\/#primaryimage"},"thumbnailUrl":"https:\/\/perfecteaucomm.la-complice.com\/wp-content\/uploads\/2023\/01\/La-dump-2-1024x861.jpg","datePublished":"2022-07-19T16:26:09+00:00","dateModified":"2023-02-22T22:37:56+00:00","breadcrumb":{"@id":"https:\/\/www.perfecteaucomm.com\/actualites\/saison-2-les-marionnettes-laides-sont-de-retour\/#breadcrumb"},"inLanguage":"en-CA","potentialAction":[{"@type":"ReadAction","target":["https:\/\/www.perfecteaucomm.com\/actualites\/saison-2-les-marionnettes-laides-sont-de-retour\/"]}]},{"@type":"ImageObject","inLanguage":"en-CA","@id":"https:\/\/www.perfecteaucomm.com\/actualites\/saison-2-les-marionnettes-laides-sont-de-retour\/#primaryimage","url":"https:\/\/perfecteaucomm.la-complice.com\/wp-content\/uploads\/2023\/01\/La-dump-2-1024x861.jpg","contentUrl":"https:\/\/perfecteaucomm.la-complice.com\/wp-content\/uploads\/2023\/01\/La-dump-2-1024x861.jpg"},{"@type":"BreadcrumbList","@id":"https:\/\/www.perfecteaucomm.com\/actualites\/saison-2-les-marionnettes-laides-sont-de-retour\/#breadcrumb","itemListElement":[{"@type":"ListItem","position":1,"name":"Accueil","item":"https:\/\/www.perfecteaucomm.com\/"},{"@type":"ListItem","position":2,"name":"Saison 2 &#8211; Les marionnettes laides sont de retour !"}]},{"@type":"WebSite","@id":"https:\/\/www.perfecteaucomm.com\/#website","url":"https:\/\/www.perfecteaucomm.com\/","name":"Perfecteau Comm","description":"Agence de relations de presse","publisher":{"@id":"https:\/\/www.perfecteaucomm.com\/#organization"},"potentialAction":[{"@type":"SearchAction","target":{"@type":"EntryPoint","urlTemplate":"https:\/\/www.perfecteaucomm.com\/?s={search_term_string}"},"query-input":{"@type":"PropertyValueSpecification","valueRequired":true,"valueName":"search_term_string"}}],"inLanguage":"en-CA"},{"@type":"Organization","@id":"https:\/\/www.perfecteaucomm.com\/#organization","name":"Perfecteau Comm","url":"https:\/\/www.perfecteaucomm.com\/","logo":{"@type":"ImageObject","inLanguage":"en-CA","@id":"https:\/\/www.perfecteaucomm.com\/#\/schema\/logo\/image\/","url":"https:\/\/www.perfecteaucomm.com\/wp-content\/uploads\/2023\/01\/logo_perfecteau_fichier_final-2.png","contentUrl":"https:\/\/www.perfecteaucomm.com\/wp-content\/uploads\/2023\/01\/logo_perfecteau_fichier_final-2.png","width":1600,"height":704,"caption":"Perfecteau Comm"},"image":{"@id":"https:\/\/www.perfecteaucomm.com\/#\/schema\/logo\/image\/"}},{"@type":"Person","@id":"https:\/\/www.perfecteaucomm.com\/#\/schema\/person\/6e8531918d9cb8157ee1a5075d81d5c7","name":"perfecteau","sameAs":["https:\/\/perfecteaucomm.la-complice.com"],"url":"https:\/\/www.perfecteaucomm.com\/en\/author\/perfecteau\/"}]}},"_links":{"self":[{"href":"https:\/\/www.perfecteaucomm.com\/en\/wp-json\/wp\/v2\/posts\/260","targetHints":{"allow":["GET"]}}],"collection":[{"href":"https:\/\/www.perfecteaucomm.com\/en\/wp-json\/wp\/v2\/posts"}],"about":[{"href":"https:\/\/www.perfecteaucomm.com\/en\/wp-json\/wp\/v2\/types\/post"}],"author":[{"embeddable":true,"href":"https:\/\/www.perfecteaucomm.com\/en\/wp-json\/wp\/v2\/users\/1"}],"replies":[{"embeddable":true,"href":"https:\/\/www.perfecteaucomm.com\/en\/wp-json\/wp\/v2\/comments?post=260"}],"version-history":[{"count":1,"href":"https:\/\/www.perfecteaucomm.com\/en\/wp-json\/wp\/v2\/posts\/260\/revisions"}],"predecessor-version":[{"id":263,"href":"https:\/\/www.perfecteaucomm.com\/en\/wp-json\/wp\/v2\/posts\/260\/revisions\/263"}],"wp:attachment":[{"href":"https:\/\/www.perfecteaucomm.com\/en\/wp-json\/wp\/v2\/media?parent=260"}],"wp:term":[{"taxonomy":"category","embeddable":true,"href":"https:\/\/www.perfecteaucomm.com\/en\/wp-json\/wp\/v2\/categories?post=260"},{"taxonomy":"post_tag","embeddable":true,"href":"https:\/\/www.perfecteaucomm.com\/en\/wp-json\/wp\/v2\/tags?post=260"}],"curies":[{"name":"wp","href":"https:\/\/api.w.org\/{rel}","templated":true}]}}