{"id":256,"date":"2022-08-24T11:57:52","date_gmt":"2022-08-24T15:57:52","guid":{"rendered":"https:\/\/perfecteaucomm.la-complice.com\/?p=256"},"modified":"2023-02-22T17:37:29","modified_gmt":"2023-02-22T22:37:29","slug":"luis-oliva-artiste-aux-mille-et-un-talents","status":"publish","type":"post","link":"https:\/\/www.perfecteaucomm.com\/en\/actualites\/luis-oliva-artiste-aux-mille-et-un-talents\/","title":{"rendered":"Luis Oliva, artiste aux mille et un talents"},"content":{"rendered":"\n<figure class=\"wp-block-image aligncenter size-large is-resized\"><img loading=\"lazy\" decoding=\"async\" src=\"https:\/\/perfecteaucomm.la-complice.com\/wp-content\/uploads\/2023\/01\/L.Oliva_Credit-Jeremy-Cabrera_GChampagneAgenceArtistique-_3-683x1024.jpg\" alt=\"\" class=\"wp-image-258\" width=\"342\" height=\"512\" srcset=\"https:\/\/www.perfecteaucomm.com\/wp-content\/uploads\/2023\/01\/L.Oliva_Credit-Jeremy-Cabrera_GChampagneAgenceArtistique-_3-683x1024.jpg 683w, https:\/\/www.perfecteaucomm.com\/wp-content\/uploads\/2023\/01\/L.Oliva_Credit-Jeremy-Cabrera_GChampagneAgenceArtistique-_3-200x300.jpg 200w, https:\/\/www.perfecteaucomm.com\/wp-content\/uploads\/2023\/01\/L.Oliva_Credit-Jeremy-Cabrera_GChampagneAgenceArtistique-_3-768x1152.jpg 768w, https:\/\/www.perfecteaucomm.com\/wp-content\/uploads\/2023\/01\/L.Oliva_Credit-Jeremy-Cabrera_GChampagneAgenceArtistique-_3-1024x1536.jpg 1024w, https:\/\/www.perfecteaucomm.com\/wp-content\/uploads\/2023\/01\/L.Oliva_Credit-Jeremy-Cabrera_GChampagneAgenceArtistique-_3-1365x2048.jpg 1365w, https:\/\/www.perfecteaucomm.com\/wp-content\/uploads\/2023\/01\/L.Oliva_Credit-Jeremy-Cabrera_GChampagneAgenceArtistique-_3-scaled.jpg 1707w\" sizes=\"auto, (max-width: 342px) 100vw, 342px\" \/><figcaption class=\"wp-element-caption\"><strong>\u00a9<\/strong> Jeremy Cabrera<\/figcaption><\/figure>\n\n\n\n<p>Le talentueux com\u00e9dien Luis Oliva a le vent dans les voiles. En effet, nous l\u2019avons vu r\u00e9cemment dans le film <em>Disappointment blvd, <\/em>et au petit \u00e9cran dans : <em>Le temps des framboises <\/em>(Club Illico), <em>Pour toi Flora<\/em> (Ici Radio-Canada T\u00e9l\u00e9) et <em>Les moments parfaits<\/em> (TVA). Cet automne, en plus d\u2019\u00eatre de retour dans <em>Les moments parfaits<\/em>, nous pourrons le suivre dans plusieurs productions. Il sera notamment de la distribution de <em>Fragments <\/em>(Ici Radio-Canada T\u00e9l\u00e9) et <em>d\u2019Avant le crash<\/em> (Ici Radio-Canada T\u00e9l\u00e9). Nous pourrons aussi le red\u00e9couvrir comme animateur \u00e0 la barre de la nouvelle s\u00e9rie documentaire <em>Secrets de villages<\/em> (Historia). Du c\u00f4t\u00e9 du cin\u00e9ma, il fera partie du film <em>Respire<\/em> de Onur Karaman.<\/p>\n\n\n\n<p id=\"viewer-c7oa6\">Artiste aux multiples talents, citoyen du monde, Luis Oliva est un homme d\u2019id\u00e9es et de c\u0153ur. Le Guat\u00e9malt\u00e8que d\u2019origine, acteur, r\u00e9alisateur et auteur-compositeur-interpr\u00e8te multiplie les modes d\u2019expression. Apr\u00e8s ses r\u00f4les dans plusieurs s\u00e9ries dramatiques, dont <em>Tag<\/em> et <em>Providence,<\/em> en passant par des productions am\u00e9ricaines telles que <em>The Cutting Edge 3<\/em>, <em>The Christmas Choir<\/em>, <em>The Factory<\/em> et autres, c\u2019est en 2010, en collaboration avec Steve Cordeau, qu\u2019il sort son premier album <em>Monde<\/em> sous l\u2019\u00e9tiquette d\u2019Entourage Musique. En 2011, Luis Oliva a saisi l\u2019occasion de faire d\u00e9couvrir des \u00eatres d\u2019exception, en \u00e9tant \u00e0 l\u2019animation de la s\u00e9rie documentaire <em>Am\u00e9rikologie<\/em>, durant 3 saisons sur les ondes de TV5. Arm\u00e9 de cette exp\u00e9rience humaine incroyable, fort du bagage documentaire que lui a apport\u00e9 <em>Am\u00e9rikologie<\/em>, l\u2019animateur a d\u00e9sir\u00e9 explorer une autre forme d\u2019expression, la r\u00e9alisation; il entreprend donc des \u00e9tudes en r\u00e9alisation documentaire \u00e0 L\u2019inis en 2013. Il y r\u00e9alisa, entre autres, le court m\u00e9trage documentaire <em>Chevette 83<\/em> qui eu un beau parcours de festivals internationaux, dont Hot Docs. Ensuite, Luis s\u2019est mis \u00e0 l\u2019\u0153uvre sur un premier documentaire pour la t\u00e9l\u00e9vision: <em>Les P\u00eacheurs de l\u2019Anse<\/em> (Canal D -2015). Un portrait candide de p\u00eacheurs de homards, hommes et femmes, \u00e0 L\u2019Anse-\u00e0-Beaufils, en Gasp\u00e9sie. Puis, de 2015 \u00e0 2017 il obtient le poste de r\u00e9alisateur maison chez Pimiento. Il y r\u00e9alise deux saisons de <em>Mise \u00e0 Nu<\/em> (Canal Vie) , <em>Le Polygraphe<\/em> (Historia), <em>A.P-Agents de Protection<\/em> (Canal D), et signera les entrevues et la r\u00e9alisation-coordination des s\u00e9ries <em>Op\u00e9ration Narcos<\/em> (Addiktv), <em>Enqu\u00eateurs<\/em> (Addiktv) et <em>Situation d\u2019urgence 2<\/em> (Canal D). En 2016, il signe la trame musicale du documentaire <em>The Migrant Mix Tape<\/em> de \u00c9li Jean Tachi. Depuis 2020, le jeu \u00e0 la cam\u00e9ra est revenu au premier plan de sa carri\u00e8re, c&#8217;est possible de le voir au petit \u00e9cran dans <em>Le temps des framboises<\/em>, <em>Les moments parfaits<\/em>, <em>Pour toi Flora<\/em>, <em>Avant le Crash<\/em> et <em>Fragments<\/em>, ainsi qu\u2019au grand \u00e9cran dans <em>Respire<\/em>, <em>Rive-Sud<\/em> et <em>Disappointment blvd<\/em>.<\/p>\n\n\n\n<p id=\"viewer-b0lla\">N&#8217;h\u00e9sitez pas \u00e0 nous contacter pour planifier une entrevue avec lui!<\/p>\n","protected":false},"excerpt":{"rendered":"<p>Le talentueux com\u00e9dien Luis Oliva a le vent dans les voiles. En effet, nous l\u2019avons vu r\u00e9cemment dans le film Disappointment blvd, et au petit \u00e9cran dans : Le temps des framboises (Club Illico), Pour toi Flora (Ici Radio-Canada T\u00e9l\u00e9) et Les moments parfaits (TVA). Cet automne, en plus d\u2019\u00eatre de retour dans Les moments parfaits, nous pourrons le suivre dans plusieurs productions. Il sera notamment de la distribution de Fragments (Ici Radio-Canada T\u00e9l\u00e9) et d\u2019Avant le crash (Ici Radio-Canada T\u00e9l\u00e9). Nous pourrons aussi le red\u00e9couvrir comme animateur \u00e0 la barre de la nouvelle s\u00e9rie documentaire Secrets de villages (Historia).<\/p>\n","protected":false},"author":1,"featured_media":0,"comment_status":"closed","ping_status":"closed","sticky":false,"template":"","format":"standard","meta":{"footnotes":""},"categories":[20],"tags":[],"class_list":["post-256","post","type-post","status-publish","format-standard","hentry","category-actualites"],"yoast_head":"<!-- This site is optimized with the Yoast SEO plugin v25.5 - https:\/\/yoast.com\/wordpress\/plugins\/seo\/ -->\n<title>Luis Oliva, artiste aux mille et un talents - Perfecteau Comm<\/title>\n<meta name=\"robots\" content=\"index, follow, max-snippet:-1, max-image-preview:large, max-video-preview:-1\" \/>\n<link rel=\"canonical\" href=\"https:\/\/www.perfecteaucomm.com\/en\/actualites\/luis-oliva-artiste-aux-mille-et-un-talents\/\" \/>\n<meta property=\"og:locale\" content=\"en_US\" \/>\n<meta property=\"og:locale:alternate\" content=\"fr_CA\" \/>\n<meta property=\"og:type\" content=\"article\" \/>\n<meta property=\"og:title\" content=\"Luis Oliva, artiste aux mille et un talents - Perfecteau Comm\" \/>\n<meta property=\"og:description\" content=\"Le talentueux com\u00e9dien Luis Oliva a le vent dans les voiles. En effet, nous l\u2019avons vu r\u00e9cemment dans le film Disappointment blvd, et au petit \u00e9cran dans : Le temps des framboises (Club Illico), Pour toi Flora (Ici Radio-Canada T\u00e9l\u00e9) et Les moments parfaits (TVA). Cet automne, en plus d\u2019\u00eatre de retour dans Les moments parfaits, nous pourrons le suivre dans plusieurs productions. Il sera notamment de la distribution de Fragments (Ici Radio-Canada T\u00e9l\u00e9) et d\u2019Avant le crash (Ici Radio-Canada T\u00e9l\u00e9). Nous pourrons aussi le red\u00e9couvrir comme animateur \u00e0 la barre de la nouvelle s\u00e9rie documentaire Secrets de villages (Historia).\" \/>\n<meta property=\"og:url\" content=\"https:\/\/www.perfecteaucomm.com\/en\/actualites\/luis-oliva-artiste-aux-mille-et-un-talents\/\" \/>\n<meta property=\"og:site_name\" content=\"Perfecteau Comm\" \/>\n<meta property=\"article:published_time\" content=\"2022-08-24T15:57:52+00:00\" \/>\n<meta property=\"article:modified_time\" content=\"2023-02-22T22:37:29+00:00\" \/>\n<meta property=\"og:image\" content=\"https:\/\/www.perfecteaucomm.com\/wp-content\/uploads\/2023\/01\/L.Oliva_Credit-Jeremy-Cabrera_GChampagneAgenceArtistique-_3-scaled.jpg\" \/>\n\t<meta property=\"og:image:width\" content=\"1707\" \/>\n\t<meta property=\"og:image:height\" content=\"2560\" \/>\n\t<meta property=\"og:image:type\" content=\"image\/jpeg\" \/>\n<meta name=\"author\" content=\"perfecteau\" \/>\n<meta name=\"twitter:card\" content=\"summary_large_image\" \/>\n<meta name=\"twitter:label1\" content=\"Written by\" \/>\n\t<meta name=\"twitter:data1\" content=\"perfecteau\" \/>\n\t<meta name=\"twitter:label2\" content=\"Est. reading time\" \/>\n\t<meta name=\"twitter:data2\" content=\"2 minutes\" \/>\n<script type=\"application\/ld+json\" class=\"yoast-schema-graph\">{\"@context\":\"https:\/\/schema.org\",\"@graph\":[{\"@type\":\"Article\",\"@id\":\"https:\/\/www.perfecteaucomm.com\/actualites\/luis-oliva-artiste-aux-mille-et-un-talents\/#article\",\"isPartOf\":{\"@id\":\"https:\/\/www.perfecteaucomm.com\/actualites\/luis-oliva-artiste-aux-mille-et-un-talents\/\"},\"author\":{\"name\":\"perfecteau\",\"@id\":\"https:\/\/www.perfecteaucomm.com\/#\/schema\/person\/6e8531918d9cb8157ee1a5075d81d5c7\"},\"headline\":\"Luis Oliva, artiste aux mille et un talents\",\"datePublished\":\"2022-08-24T15:57:52+00:00\",\"dateModified\":\"2023-02-22T22:37:29+00:00\",\"mainEntityOfPage\":{\"@id\":\"https:\/\/www.perfecteaucomm.com\/actualites\/luis-oliva-artiste-aux-mille-et-un-talents\/\"},\"wordCount\":497,\"publisher\":{\"@id\":\"https:\/\/www.perfecteaucomm.com\/#organization\"},\"image\":{\"@id\":\"https:\/\/www.perfecteaucomm.com\/actualites\/luis-oliva-artiste-aux-mille-et-un-talents\/#primaryimage\"},\"thumbnailUrl\":\"https:\/\/perfecteaucomm.la-complice.com\/wp-content\/uploads\/2023\/01\/L.Oliva_Credit-Jeremy-Cabrera_GChampagneAgenceArtistique-_3-683x1024.jpg\",\"articleSection\":[\"Actualit\u00e9s\"],\"inLanguage\":\"en-CA\"},{\"@type\":\"WebPage\",\"@id\":\"https:\/\/www.perfecteaucomm.com\/actualites\/luis-oliva-artiste-aux-mille-et-un-talents\/\",\"url\":\"https:\/\/www.perfecteaucomm.com\/actualites\/luis-oliva-artiste-aux-mille-et-un-talents\/\",\"name\":\"Luis Oliva, artiste aux mille et un talents - Perfecteau Comm\",\"isPartOf\":{\"@id\":\"https:\/\/www.perfecteaucomm.com\/#website\"},\"primaryImageOfPage\":{\"@id\":\"https:\/\/www.perfecteaucomm.com\/actualites\/luis-oliva-artiste-aux-mille-et-un-talents\/#primaryimage\"},\"image\":{\"@id\":\"https:\/\/www.perfecteaucomm.com\/actualites\/luis-oliva-artiste-aux-mille-et-un-talents\/#primaryimage\"},\"thumbnailUrl\":\"https:\/\/perfecteaucomm.la-complice.com\/wp-content\/uploads\/2023\/01\/L.Oliva_Credit-Jeremy-Cabrera_GChampagneAgenceArtistique-_3-683x1024.jpg\",\"datePublished\":\"2022-08-24T15:57:52+00:00\",\"dateModified\":\"2023-02-22T22:37:29+00:00\",\"breadcrumb\":{\"@id\":\"https:\/\/www.perfecteaucomm.com\/actualites\/luis-oliva-artiste-aux-mille-et-un-talents\/#breadcrumb\"},\"inLanguage\":\"en-CA\",\"potentialAction\":[{\"@type\":\"ReadAction\",\"target\":[\"https:\/\/www.perfecteaucomm.com\/actualites\/luis-oliva-artiste-aux-mille-et-un-talents\/\"]}]},{\"@type\":\"ImageObject\",\"inLanguage\":\"en-CA\",\"@id\":\"https:\/\/www.perfecteaucomm.com\/actualites\/luis-oliva-artiste-aux-mille-et-un-talents\/#primaryimage\",\"url\":\"https:\/\/perfecteaucomm.la-complice.com\/wp-content\/uploads\/2023\/01\/L.Oliva_Credit-Jeremy-Cabrera_GChampagneAgenceArtistique-_3-683x1024.jpg\",\"contentUrl\":\"https:\/\/perfecteaucomm.la-complice.com\/wp-content\/uploads\/2023\/01\/L.Oliva_Credit-Jeremy-Cabrera_GChampagneAgenceArtistique-_3-683x1024.jpg\"},{\"@type\":\"BreadcrumbList\",\"@id\":\"https:\/\/www.perfecteaucomm.com\/actualites\/luis-oliva-artiste-aux-mille-et-un-talents\/#breadcrumb\",\"itemListElement\":[{\"@type\":\"ListItem\",\"position\":1,\"name\":\"Accueil\",\"item\":\"https:\/\/www.perfecteaucomm.com\/\"},{\"@type\":\"ListItem\",\"position\":2,\"name\":\"Luis Oliva, artiste aux mille et un talents\"}]},{\"@type\":\"WebSite\",\"@id\":\"https:\/\/www.perfecteaucomm.com\/#website\",\"url\":\"https:\/\/www.perfecteaucomm.com\/\",\"name\":\"Perfecteau Comm\",\"description\":\"Agence de relations de presse\",\"publisher\":{\"@id\":\"https:\/\/www.perfecteaucomm.com\/#organization\"},\"potentialAction\":[{\"@type\":\"SearchAction\",\"target\":{\"@type\":\"EntryPoint\",\"urlTemplate\":\"https:\/\/www.perfecteaucomm.com\/?s={search_term_string}\"},\"query-input\":{\"@type\":\"PropertyValueSpecification\",\"valueRequired\":true,\"valueName\":\"search_term_string\"}}],\"inLanguage\":\"en-CA\"},{\"@type\":\"Organization\",\"@id\":\"https:\/\/www.perfecteaucomm.com\/#organization\",\"name\":\"Perfecteau Comm\",\"url\":\"https:\/\/www.perfecteaucomm.com\/\",\"logo\":{\"@type\":\"ImageObject\",\"inLanguage\":\"en-CA\",\"@id\":\"https:\/\/www.perfecteaucomm.com\/#\/schema\/logo\/image\/\",\"url\":\"https:\/\/www.perfecteaucomm.com\/wp-content\/uploads\/2023\/01\/logo_perfecteau_fichier_final-2.png\",\"contentUrl\":\"https:\/\/www.perfecteaucomm.com\/wp-content\/uploads\/2023\/01\/logo_perfecteau_fichier_final-2.png\",\"width\":1600,\"height\":704,\"caption\":\"Perfecteau Comm\"},\"image\":{\"@id\":\"https:\/\/www.perfecteaucomm.com\/#\/schema\/logo\/image\/\"}},{\"@type\":\"Person\",\"@id\":\"https:\/\/www.perfecteaucomm.com\/#\/schema\/person\/6e8531918d9cb8157ee1a5075d81d5c7\",\"name\":\"perfecteau\",\"sameAs\":[\"https:\/\/perfecteaucomm.la-complice.com\"],\"url\":\"https:\/\/www.perfecteaucomm.com\/en\/author\/perfecteau\/\"}]}<\/script>\n<!-- \/ Yoast SEO plugin. -->","yoast_head_json":{"title":"Luis Oliva, artiste aux mille et un talents - Perfecteau Comm","robots":{"index":"index","follow":"follow","max-snippet":"max-snippet:-1","max-image-preview":"max-image-preview:large","max-video-preview":"max-video-preview:-1"},"canonical":"https:\/\/www.perfecteaucomm.com\/en\/actualites\/luis-oliva-artiste-aux-mille-et-un-talents\/","og_locale":"en_US","og_type":"article","og_title":"Luis Oliva, artiste aux mille et un talents - Perfecteau Comm","og_description":"Le talentueux com\u00e9dien Luis Oliva a le vent dans les voiles. En effet, nous l\u2019avons vu r\u00e9cemment dans le film Disappointment blvd, et au petit \u00e9cran dans : Le temps des framboises (Club Illico), Pour toi Flora (Ici Radio-Canada T\u00e9l\u00e9) et Les moments parfaits (TVA). Cet automne, en plus d\u2019\u00eatre de retour dans Les moments parfaits, nous pourrons le suivre dans plusieurs productions. Il sera notamment de la distribution de Fragments (Ici Radio-Canada T\u00e9l\u00e9) et d\u2019Avant le crash (Ici Radio-Canada T\u00e9l\u00e9). Nous pourrons aussi le red\u00e9couvrir comme animateur \u00e0 la barre de la nouvelle s\u00e9rie documentaire Secrets de villages (Historia).","og_url":"https:\/\/www.perfecteaucomm.com\/en\/actualites\/luis-oliva-artiste-aux-mille-et-un-talents\/","og_site_name":"Perfecteau Comm","article_published_time":"2022-08-24T15:57:52+00:00","article_modified_time":"2023-02-22T22:37:29+00:00","og_image":[{"width":1707,"height":2560,"url":"https:\/\/www.perfecteaucomm.com\/wp-content\/uploads\/2023\/01\/L.Oliva_Credit-Jeremy-Cabrera_GChampagneAgenceArtistique-_3-scaled.jpg","type":"image\/jpeg"}],"author":"perfecteau","twitter_card":"summary_large_image","twitter_misc":{"Written by":"perfecteau","Est. reading time":"2 minutes"},"schema":{"@context":"https:\/\/schema.org","@graph":[{"@type":"Article","@id":"https:\/\/www.perfecteaucomm.com\/actualites\/luis-oliva-artiste-aux-mille-et-un-talents\/#article","isPartOf":{"@id":"https:\/\/www.perfecteaucomm.com\/actualites\/luis-oliva-artiste-aux-mille-et-un-talents\/"},"author":{"name":"perfecteau","@id":"https:\/\/www.perfecteaucomm.com\/#\/schema\/person\/6e8531918d9cb8157ee1a5075d81d5c7"},"headline":"Luis Oliva, artiste aux mille et un talents","datePublished":"2022-08-24T15:57:52+00:00","dateModified":"2023-02-22T22:37:29+00:00","mainEntityOfPage":{"@id":"https:\/\/www.perfecteaucomm.com\/actualites\/luis-oliva-artiste-aux-mille-et-un-talents\/"},"wordCount":497,"publisher":{"@id":"https:\/\/www.perfecteaucomm.com\/#organization"},"image":{"@id":"https:\/\/www.perfecteaucomm.com\/actualites\/luis-oliva-artiste-aux-mille-et-un-talents\/#primaryimage"},"thumbnailUrl":"https:\/\/perfecteaucomm.la-complice.com\/wp-content\/uploads\/2023\/01\/L.Oliva_Credit-Jeremy-Cabrera_GChampagneAgenceArtistique-_3-683x1024.jpg","articleSection":["Actualit\u00e9s"],"inLanguage":"en-CA"},{"@type":"WebPage","@id":"https:\/\/www.perfecteaucomm.com\/actualites\/luis-oliva-artiste-aux-mille-et-un-talents\/","url":"https:\/\/www.perfecteaucomm.com\/actualites\/luis-oliva-artiste-aux-mille-et-un-talents\/","name":"Luis Oliva, artiste aux mille et un talents - Perfecteau Comm","isPartOf":{"@id":"https:\/\/www.perfecteaucomm.com\/#website"},"primaryImageOfPage":{"@id":"https:\/\/www.perfecteaucomm.com\/actualites\/luis-oliva-artiste-aux-mille-et-un-talents\/#primaryimage"},"image":{"@id":"https:\/\/www.perfecteaucomm.com\/actualites\/luis-oliva-artiste-aux-mille-et-un-talents\/#primaryimage"},"thumbnailUrl":"https:\/\/perfecteaucomm.la-complice.com\/wp-content\/uploads\/2023\/01\/L.Oliva_Credit-Jeremy-Cabrera_GChampagneAgenceArtistique-_3-683x1024.jpg","datePublished":"2022-08-24T15:57:52+00:00","dateModified":"2023-02-22T22:37:29+00:00","breadcrumb":{"@id":"https:\/\/www.perfecteaucomm.com\/actualites\/luis-oliva-artiste-aux-mille-et-un-talents\/#breadcrumb"},"inLanguage":"en-CA","potentialAction":[{"@type":"ReadAction","target":["https:\/\/www.perfecteaucomm.com\/actualites\/luis-oliva-artiste-aux-mille-et-un-talents\/"]}]},{"@type":"ImageObject","inLanguage":"en-CA","@id":"https:\/\/www.perfecteaucomm.com\/actualites\/luis-oliva-artiste-aux-mille-et-un-talents\/#primaryimage","url":"https:\/\/perfecteaucomm.la-complice.com\/wp-content\/uploads\/2023\/01\/L.Oliva_Credit-Jeremy-Cabrera_GChampagneAgenceArtistique-_3-683x1024.jpg","contentUrl":"https:\/\/perfecteaucomm.la-complice.com\/wp-content\/uploads\/2023\/01\/L.Oliva_Credit-Jeremy-Cabrera_GChampagneAgenceArtistique-_3-683x1024.jpg"},{"@type":"BreadcrumbList","@id":"https:\/\/www.perfecteaucomm.com\/actualites\/luis-oliva-artiste-aux-mille-et-un-talents\/#breadcrumb","itemListElement":[{"@type":"ListItem","position":1,"name":"Accueil","item":"https:\/\/www.perfecteaucomm.com\/"},{"@type":"ListItem","position":2,"name":"Luis Oliva, artiste aux mille et un talents"}]},{"@type":"WebSite","@id":"https:\/\/www.perfecteaucomm.com\/#website","url":"https:\/\/www.perfecteaucomm.com\/","name":"Perfecteau Comm","description":"Agence de relations de presse","publisher":{"@id":"https:\/\/www.perfecteaucomm.com\/#organization"},"potentialAction":[{"@type":"SearchAction","target":{"@type":"EntryPoint","urlTemplate":"https:\/\/www.perfecteaucomm.com\/?s={search_term_string}"},"query-input":{"@type":"PropertyValueSpecification","valueRequired":true,"valueName":"search_term_string"}}],"inLanguage":"en-CA"},{"@type":"Organization","@id":"https:\/\/www.perfecteaucomm.com\/#organization","name":"Perfecteau Comm","url":"https:\/\/www.perfecteaucomm.com\/","logo":{"@type":"ImageObject","inLanguage":"en-CA","@id":"https:\/\/www.perfecteaucomm.com\/#\/schema\/logo\/image\/","url":"https:\/\/www.perfecteaucomm.com\/wp-content\/uploads\/2023\/01\/logo_perfecteau_fichier_final-2.png","contentUrl":"https:\/\/www.perfecteaucomm.com\/wp-content\/uploads\/2023\/01\/logo_perfecteau_fichier_final-2.png","width":1600,"height":704,"caption":"Perfecteau Comm"},"image":{"@id":"https:\/\/www.perfecteaucomm.com\/#\/schema\/logo\/image\/"}},{"@type":"Person","@id":"https:\/\/www.perfecteaucomm.com\/#\/schema\/person\/6e8531918d9cb8157ee1a5075d81d5c7","name":"perfecteau","sameAs":["https:\/\/perfecteaucomm.la-complice.com"],"url":"https:\/\/www.perfecteaucomm.com\/en\/author\/perfecteau\/"}]}},"_links":{"self":[{"href":"https:\/\/www.perfecteaucomm.com\/en\/wp-json\/wp\/v2\/posts\/256","targetHints":{"allow":["GET"]}}],"collection":[{"href":"https:\/\/www.perfecteaucomm.com\/en\/wp-json\/wp\/v2\/posts"}],"about":[{"href":"https:\/\/www.perfecteaucomm.com\/en\/wp-json\/wp\/v2\/types\/post"}],"author":[{"embeddable":true,"href":"https:\/\/www.perfecteaucomm.com\/en\/wp-json\/wp\/v2\/users\/1"}],"replies":[{"embeddable":true,"href":"https:\/\/www.perfecteaucomm.com\/en\/wp-json\/wp\/v2\/comments?post=256"}],"version-history":[{"count":1,"href":"https:\/\/www.perfecteaucomm.com\/en\/wp-json\/wp\/v2\/posts\/256\/revisions"}],"predecessor-version":[{"id":259,"href":"https:\/\/www.perfecteaucomm.com\/en\/wp-json\/wp\/v2\/posts\/256\/revisions\/259"}],"wp:attachment":[{"href":"https:\/\/www.perfecteaucomm.com\/en\/wp-json\/wp\/v2\/media?parent=256"}],"wp:term":[{"taxonomy":"category","embeddable":true,"href":"https:\/\/www.perfecteaucomm.com\/en\/wp-json\/wp\/v2\/categories?post=256"},{"taxonomy":"post_tag","embeddable":true,"href":"https:\/\/www.perfecteaucomm.com\/en\/wp-json\/wp\/v2\/tags?post=256"}],"curies":[{"name":"wp","href":"https:\/\/api.w.org\/{rel}","templated":true}]}}