{"id":253,"date":"2022-09-01T11:52:33","date_gmt":"2022-09-01T15:52:33","guid":{"rendered":"https:\/\/perfecteaucomm.la-complice.com\/?p=253"},"modified":"2023-02-22T17:37:13","modified_gmt":"2023-02-22T22:37:13","slug":"18e-fifbm-ouvre-avec-lovely-jackson-de-matt-waldeck-en-premiere-intl-95-films-de-25-pays","status":"publish","type":"post","link":"https:\/\/www.perfecteaucomm.com\/en\/actualites\/18e-fifbm-ouvre-avec-lovely-jackson-de-matt-waldeck-en-premiere-intl-95-films-de-25-pays\/","title":{"rendered":"18e FIFBM OUVRE AVEC \u2018LOVELY JACKSON\u2019 DE MATT WALDECK, EN PREMI\u00c8RE INTL + 95 FILMS DE 25 PAYS!"},"content":{"rendered":"\n<figure class=\"wp-block-image aligncenter size-full is-resized\"><img loading=\"lazy\" decoding=\"async\" src=\"https:\/\/perfecteaucomm.la-complice.com\/wp-content\/uploads\/2023\/01\/Festival-film-Black-de-Mtl_CMQ_001.jpg\" alt=\"\" class=\"wp-image-254\" width=\"450\" height=\"300\" srcset=\"https:\/\/www.perfecteaucomm.com\/wp-content\/uploads\/2023\/01\/Festival-film-Black-de-Mtl_CMQ_001.jpg 600w, https:\/\/www.perfecteaucomm.com\/wp-content\/uploads\/2023\/01\/Festival-film-Black-de-Mtl_CMQ_001-300x200.jpg 300w\" sizes=\"auto, (max-width: 450px) 100vw, 450px\" \/><\/figure>\n\n\n\n<p class=\"has-text-color\" style=\"color:#df4b4b\"><strong>18e FIFBM OUVRE AVEC \u2018LOVELY JACKSON\u2019 DE MATT WALDECK, EN PREMI\u00c8RE INTL + 95 FILMS DE 25 PAYS!<\/strong><\/p>\n\n\n\n<p><strong>FILMS METTANT EN VEDETTE : Colin Kaepernick, Souleymane Ciss\u00e9, G\u00e9rard Depardieu, Keith David, Danny Glover, Louis Gossett Jr, Jennifer Holness, Ibrahim Koma, Maxim Khalil, Sydney Poitier, Chantel Riley, Dadju Karidja, Tour\u00e9 Brandon, Victor Dixon, Naturi Naughton, Thomas Sadoski, Orlando Jones, Kenneth Choi, William Fichtner, Kelly McCreary, L\u00e1zaro Ramos, Thom\u00e1s Aquino, Rickey Jackson, Rosa Parks et plusieurs autres !<\/strong> <\/p>\n\n\n\n<p><strong>Toujours innovant, le FIFBM revient plus percutant que jamais avec de la nouveaut\u00e9 \u00e0 sa programmation audacieuse, inspirant la prochaine g\u00e9n\u00e9ration d&#8217;artistes afro-descendants au cin\u00e9ma et au-del\u00e0 !<\/strong> <\/p>\n\n\n\n<p class=\"has-link-color wp-elements-766e95b57584d28bba1ae59bf894b095\"><strong>Programme complet, passes VIP pour la soir\u00e9e d&#8217;ouverture, passes tout-acc\u00e8s et billets :<\/strong> <a rel=\"noreferrer noopener\" href=\"https:\/\/suivi.lnk01.com\/c\/443\/d016e06c9d515873958151732a7295da0d022d5ba9f8fb4f15477d7284bc111cca5f1aa49e5edb96\" target=\"_blank\"><strong>www.MontrealBlackFilm.com<\/strong><\/a> <\/p>\n\n\n\n<p>Le <strong>18e Festival International du Film Black de Montr\u00e9al (FIFBM<\/strong>), cr\u00e9\u00e9 par la <strong>Fondation Fabienne Colas, <\/strong>pr\u00e9sent\u00e9 par <strong>Desjardins <\/strong>du<strong> 20 au 25 septembre 2022<\/strong><\/p>\n\n\n\n<p><em>Montr\u00e9al, le 31 ao\u00fbt 2022<\/em> &#8211; Le plus grand festival de films blacks au Canada, le <strong>Festival International du Film Black de Montr\u00e9al (FIFBM)<\/strong>, est de retour avec une 18e \u00e9dition plus percutante et plus diversifi\u00e9e, du <strong>20 au 25 septembre 2022<\/strong>. Le <strong>FIFBM<\/strong> est enthousiaste \u00e0 l&#8217;id\u00e9e de renouer avec la communaut\u00e9 cin\u00e9matographique et les festivaliers en personne et en ligne pour la premi\u00e8re fois depuis plus de deux ans, avec plus de lieux, de programmes et d&#8217;activit\u00e9s qu\u2019auparavant ! <a href=\"https:\/\/www.perfecteaucomm.com\/accueil\/hashtags\/Le\"><strong>#Le<\/strong><\/a><strong> FIFBM22 <\/strong>pr\u00e9sentera <strong>12 premi\u00e8res mondiales, 10 premi\u00e8res internationales, 25 premi\u00e8res canadiennes <\/strong>et <strong>9 premi\u00e8res qu\u00e9b\u00e9coises<\/strong>. <\/p>\n\n\n\n<p>La soir\u00e9e d&#8217;ouverture aura lieu le <strong>mardi 20 septembre <\/strong>\u00e0 <strong>7pm <\/strong>au <strong>Cin\u00e9ma Imp\u00e9rial <\/strong>avec la premi\u00e8re internationale du film <strong>LOVELY JACKSON <\/strong>de <strong>Matt Waldeck <\/strong>(USA), une s\u00e9ance de questions-r\u00e9ponses suivra avec le r\u00e9alisateur et Rickey Jackson. Le film est le r\u00e9cit audacieux de premi\u00e8re main du prisonnier disculp\u00e9 Rickey Jackson sur la psychologie de la survie et la force spirituelle n\u00e9cessaire pour r\u00e9sister \u00e0 39 ans d\u2019incarc\u00e9ration injustifi\u00e9e pour un meurtre qu\u2019il n\u2019a pas commis. <\/p>\n\n\n\n<p class=\"has-link-color wp-elements-c8b4b1ebcdeb1ba93e6df74743deabe1\">Le <a href=\"https:\/\/www.perfecteaucomm.com\/accueil\/hashtags\/FIFBM22\"><strong>#FIFBM22<\/strong><\/a> se terminera au Cin\u00e9ma du Mus\u00e9e avec la premi\u00e8re canadienne du film <strong>TROPIQUES DE LA VIOLENCE <\/strong>de <strong>Manuel Schapira <\/strong>(France). Craignant d\u2019\u00eatre expuls\u00e9 apr\u00e8s la mort soudaine de sa m\u00e8re, Moses, 13 ans, rejoint les bidonvilles o\u00f9 des dizaines d\u2019enfants vivent seuls, compl\u00e8tement abandonn\u00e9s par la soci\u00e9t\u00e9. <\/p>\n\n\n\n<p><em>\u00ab Le FIFBM revient avec une 18e \u00e9dition \u00e9poustouflante qui inspire, choque, fait r\u00e9fl\u00e9chir, \u00e9meut, divertit, et qui ne laissera personne indiff\u00e9rent. Nous f\u00e9licitions les cr\u00e9ateurs qui prennent des risques en faisant des choix non-commerciaux ; leur permettant ainsi de propager des histoires et des r\u00e9alit\u00e9s qui, autrement, ne seraient rendues jusqu\u2019\u00e0 vous. Quel privil\u00e8ge de pouvoir continuer \u00e0 montrer des \u0153uvres exceptionnelles qui ne b\u00e9n\u00e9ficient pas toujours de l\u2019\u00e9clairage des projecteurs ; partager des r\u00e9alit\u00e9s m\u00e9connues ; d\u00e9mystifier des tabous ; favoriser des rencontres professionnelles ; provoquer des changements syst\u00e9miques dans l\u2019industrie et contribuer \u00e0 faire avancer le cin\u00e9ma ind\u00e9pendant \u2013 tout en c\u00e9l\u00e9brant la diversit\u00e9 \u00e0 l\u2019\u00e9cran. \u00bb &#8211; <\/em><strong><em>Fabienne Colas<\/em><\/strong><em>, pr\u00e9sidente fondatrice des Festivals de Films Black de Montr\u00e9al, Toronto et Halifax.<\/em><\/p>\n\n\n\n<p>En tant que plateforme importante qui amplifie la voix des personnes noires, le <strong>FIFBM<\/strong> est fier d\u2019accueillir le lancement de l\u2019<strong>Institut Festwave <\/strong>de la Fondation Fabienne Colas, un programme visant \u00e0 former, soutenir et renforcer la prochaine g\u00e9n\u00e9ration de professionnels noirs canadiens du cin\u00e9ma et de la t\u00e9l\u00e9vision. De plus, notre premier <strong>march\u00e9 \u00e9ph\u00e9m\u00e8re (POP-UP MARKET)<\/strong> intitul\u00e9 &#8220;<strong>Lumi\u00e8re sur les autres formes d&#8217;art noir<\/strong>&#8221; pr\u00e9sentera des \u0153uvres originales, artistiques et culturelles d&#8217;artistes noirs locaux talentueux. <\/p>\n\n\n\n<p>La programmation de cette 18e \u00e9dition aborde des sujets importants tels que l&#8217;histoire, les questions sociales, le racisme, la politique, la condition f\u00e9minine, l&#8217;art, le romantisme et les questions LGBTQ. La riche s\u00e9lection de <strong>95 films<\/strong> du festival provient de <strong>25 pays<\/strong>, dont la Belgique, le Br\u00e9sil, le Cameroun, le Canada, le Congo, la France, le S\u00e9n\u00e9gal, la Serbie, les \u00c9tats-Unis, Ha\u00efti, la R\u00e9publique dominicaine, le Luxembourg, la Bulgarie, la Lituanie, etc. <\/p>\n\n\n\n<p>L&#8217;un des \u00e9v\u00e9nements incontournables de cette ann\u00e9e est la premi\u00e8re mondiale du film documentaire <em>A Star Without a Star Juanita<\/em> du r\u00e9alisateur Kirk E. Kelleykahn. Parmi les autres films incontournables du festival, citons : <em>Comment (ne pas) construire une \u00e9cole en Ha\u00efti ; La vie rebelle de Mme Rosa Parks ; Une \u00e9toile sans \u00e9toile Juanita ; Marian Anderson : The World in Her Hands ; Kaepernick and America ; Black As U R ; Masi ; Lovely Jackson ; A Daughter&#8217;s Tribute&#8230;Souleymane Ciss\u00e9 (s\u00e9lection officielle de Cannes) ; As Verdades ; Color Blind ; They Can&#8217;t So I Must ; Pattern ; Omar Blondin Diop ; La Soci\u00e9t\u00e9 des Amput\u00e9s ; Robuste ; Kankan ; IMA ; Tropique de la Violence <\/em>et plus encore ! <\/p>\n\n\n\n<p>La soir\u00e9e du samedi avec tapis rouge pr\u00e9sentera en premi\u00e8re qu\u00e9b\u00e9coise le film <strong>Kaepernick and America<\/strong> r\u00e9alis\u00e9 par Ross Hockrow et Tommy Walkeret et en premi\u00e8re mondiale <strong>A Star Without a Star Juanita<\/strong> de Kirk E. Kelleykahn. <\/p>\n\n\n\n<p class=\"has-link-color wp-elements-dc27f045b797c5130fa993ee70391aad\">Nouveaut\u00e9 cette ann\u00e9e, les festivaliers pourront vivre la soir\u00e9e d&#8217;ouverture comme un VIP ! Un laissez-passer de 100 $ vous donnera acc\u00e8s au tapis rouge, \u00e0 la c\u00e9r\u00e9monie, \u00e0 la projection du film d&#8217;ouverture, au cocktail VIP et au premier choix de si\u00e8ge. D&#8217;autres billets incluent les PASSES TOUT ACC\u00c8S en ligne \u00e0 99$ en en personne \u00e0 119$; et des billets individuels allant de 12$ \u00e0 25$ sont \u00e9galement disponibles sur le <a rel=\"noreferrer noopener\" href=\"https:\/\/suivi.lnk01.com\/c\/443\/d016e06c9d515873958151732a7295da0d022d5ba9f8fb4f15477d7284bc111cca5f1aa49e5edb96\" target=\"_blank\">site web<\/a> du festival. Les films documentaires sont pr\u00e9sent\u00e9s par le <strong>Fonds des M\u00e9dias du Canada<\/strong>.<\/p>\n\n\n\n<p class=\"has-text-color\" style=\"color:#df4b4b\"><strong>AUTRES \u00c9V\u00c9NEMENTS SP\u00c9CIAUX<\/strong><\/p>\n\n\n\n<p><strong>LANCEMENT DE L\u2019INSTITUT FESTWAVE | 23 septembre, 7pm| Cin\u00e9math\u00e8que qu\u00e9b\u00e9coise<\/strong> <\/p>\n\n\n\n<p>\u00c9v\u00e9nement priv\u00e9, les places sont limit\u00e9es. RSVP via MontrealBlackFilm.com L&#8217;Institut Festwave a \u00e9t\u00e9 cr\u00e9\u00e9 par la Fondation Fabienne Colas, et soutenu par D\u00e9veloppement \u00e9conomique Canada pour les r\u00e9gions du Qu\u00e9bec (DEC), pour former, soutenir et responsabiliser la prochaine g\u00e9n\u00e9ration de professionnels noirs canadiens du cin\u00e9ma et de la t\u00e9l\u00e9vision \u00e0 toutes les \u00e9tapes de leur carri\u00e8re &#8211; et pour changer l&#8217;industrie canadienne du cin\u00e9ma et de la t\u00e9l\u00e9vision d&#8217;un oc\u00e9an \u00e0 l&#8217;autre ! <\/p>\n\n\n\n<p><strong>LUMI\u00c8RE SUR LES AUTRES FORMES D\u2019ARTS BLACK &#8211; MARCH\u00c9 \u00c9PH\u00c9M\u00c8RE | 24 septembre, 11am-4pm | Cin\u00e9math\u00e8que qu\u00e9b\u00e9coise<\/strong> <\/p>\n\n\n\n<p>Le march\u00e9 \u00e9ph\u00e9m\u00e8re (Pop-Up Market) a pour but de pr\u00e9senter des artistes noirs talentueux et de mettre en valeur leurs \u0153uvres originales, artistiques et culturelles. Les autres formes d&#8217;arts noirs peuvent inclure la peinture, la coiffure, la mode, la d\u00e9coration, les bijoux, les accessoires et les parures traditionnelles. <\/p>\n\n\n\n<p><strong>LE BLACK MARKET DU FIFBM | 24 &#8211; 25 septembre | Montr\u00e9al, arts interculturels (MAI) &amp; En ligne GRATUIT<\/strong> <\/p>\n\n\n\n<p>Le Black Market du FIFBM, une initiative de la Fondation Fabienne Colas, est enti\u00e8rement consacr\u00e9e aux professionnels de l&#8217;industrie. Au cours de cette s\u00e9rie, les rouages de l&#8217;industrie cin\u00e9matographique feront l&#8217;objet de discussions et d&#8217;\u00e9changes tout en visant \u00e0 confronter les id\u00e9es et \u00e0 faciliter l&#8217;acquisition de connaissances. Cette ann\u00e9e, le Black Market fait partie du \u00ab <strong>Forum FIFBM Action ! Au-del\u00e0 de la sensibilisation !<\/strong> \u00bb. <\/p>\n\n\n\n<p><strong>Panel bilingue en personne<\/strong><\/p>\n\n\n\n<ul class=\"wp-block-list\">\n<li>R\u00e9seautage : les r\u00e8gles \u00e0 suivre pour approcher les gens dans l&#8217;industrie du divertissement<\/li>\n<\/ul>\n\n\n\n<p><strong>Panels en anglais en ligne<\/strong><\/p>\n\n\n\n<ul class=\"wp-block-list\">\n<li>Representation in the Media<\/li>\n\n\n\n<li>The Winning Formula to get your project off the ground!<\/li>\n\n\n\n<li>Being Black in Canada &#8211; Montreal: Young Gifted and Black in Today&#8217;s Society<\/li>\n<\/ul>\n\n\n\n<p><strong>Panels en fran\u00e7ais en ligne<\/strong><\/p>\n\n\n\n<ul class=\"wp-block-list\">\n<li>La sous-repr\u00e9sentation des acteurs noirs dans le th\u00e9\u00e2tre francophone du Qu\u00e9bec<\/li>\n\n\n\n<li>\u00catre Noir.e au Canada &#8211; Montr\u00e9al : Jeunes cin\u00e9astes montr\u00e9alais noirs en action<\/li>\n\n\n\n<li>FIFBM21 &#8211; en rappel &#8211; Le guide du cin\u00e9aste &#8211; Ce que tout nouveau cin\u00e9aste doit savoir pour r\u00e9aliser un film.<\/li>\n<\/ul>\n\n\n\n<p><strong>PROGRAMME \u00caTRE NOIR AU CANADA DE LA FONDATION FABIENNE COLAS<\/strong> <strong>21 septembre | Cin\u00e9ma du Parc | 6pm &#8211; 11pm | Billets sur le site web du Festival<\/strong> Pr\u00e9sent\u00e9 par <strong>NETFLIX<\/strong>, en collaboration avec la <strong>Banque Nationale<\/strong>, avec le soutien de <strong>T\u00e9l\u00e9film Canada<\/strong> et du <strong>Conseil des Arts du Canada<\/strong> (ainsi que <strong>SODEC<\/strong>, <strong>CALQ<\/strong>, <strong>CAM<\/strong> \u00e0 Montr\u00e9al).<\/p>\n\n\n\n<p class=\"has-link-color wp-elements-161373e6e1c03281a670b71c12bf53d2\">35 courts-m\u00e9trages canadiens de la cohorte 2021 seront pr\u00e9sent\u00e9s au <a href=\"https:\/\/www.perfecteaucomm.com\/accueil\/hashtags\/FIFBM22\">#FIFBM22<\/a> ! Le programme \u00catre Noir.e au Canada de la FFC est un programme de formation professionnelle qui a soutenu l&#8217;an dernier 35 cin\u00e9astes canadiens noirs de 18 \u00e0 30 ans d&#8217;Ottawa, Montr\u00e9al, Toronto, Calgary, Vancouver et Halifax dans la cr\u00e9ation de courts m\u00e9trages documentaires. ENAC est une \u00e9tape essentielle sur la voie de la repr\u00e9sentation et de l&#8217;\u00e9quit\u00e9 raciale, \u00e0 l&#8217;\u00e9cran et derri\u00e8re la cam\u00e9ra. Ce projet unique en son genre continuera \u00e0 inspirer les artistes \u00e9mergents issus de milieux culturels divers et changera le visage de l&#8217;industrie cin\u00e9matographique canadienne.<\/p>\n\n\n\n<p><strong>FIFBM DANS LES QUARTIERS<\/strong> <br>Pr\u00e9sent\u00e9 par <strong>Desjardins<\/strong> &#8211; GRATUIT <br>Cette initiative permet aux jeunes d&#8217;avoir acc\u00e8s gratuitement \u00e0 des films cr\u00e9\u00e9s par des membres des communaut\u00e9s noires. Les projections seront suivies d&#8217;une discussion de 60 minutes avec les r\u00e9alisateurs.<\/p>\n\n\n\n<ul class=\"wp-block-list\">\n<li><strong>21 Sept., 7:30pm : <\/strong>Maison de la culture C\u00f4tes-des-Neiges : <strong>Dear Jackie<\/strong> de Henri Pardo<\/li>\n\n\n\n<li><strong>22 Sept., 7pm : <\/strong>Maison culturelle de Montr\u00e9al-Nord : <strong>\u00catre Noir.e \u00e0 Montr\u00e9al<\/strong> 2021, cohorte francophone<\/li>\n\n\n\n<li><strong>24 Sept., 11am &amp; 1pm<\/strong> : Maison d&#8217;Ha\u00efti : <strong>Sunny\u2019s Quest <\/strong>: Diffusion de capsules vid\u00e9o pour enfants suivie de discussion avec les r\u00e9alisateurs et \u00e9quipe de production.<\/li>\n<\/ul>\n\n\n\n<p><strong>MEMBRES DU JURY<\/strong><\/p>\n\n\n\n<p>Longs-m\u00e9trages fiction : <strong>Anik Matern, John Nyce, Gavin Seal<\/strong> <br>Longs-m\u00e9trages documentaires : <strong>Jacinthe Brisebois, Ana Alice de Morais, Josa Maule<\/strong> <br>Courts et moyens-m\u00e9trages : <strong>Deidre J. Marwa, Laquerre-Trantawy, Sandra Mathieu<\/strong><\/p>\n\n\n\n<p><strong>PASSES<\/strong> <\/p>\n\n\n\n<p>Passes VIP pour la soir\u00e9e d&#8217;ouverture &#8211; 100 $ <br>Passes en personne &#8211; 119 $ | Passes en ligne &#8211; 99 $ <br>Billet individuel pour film &#8211; 12$ | Soir\u00e9e d&#8217;ouverture &#8211; 25$ | Soir\u00e9e de cl\u00f4ture \u2013 20$ <br><em>*Frais : Tous les prix sont soumis aux frais de service et aux taxes<\/em><\/p>\n\n\n\n<p><strong>LIEUX<\/strong> <\/p>\n\n\n\n<p>Cin\u00e9ma Imp\u00e9rial : 1430, rue de Bleury, Montr\u00e9al <br>Cin\u00e9math\u00e8que qu\u00e9b\u00e9coise : 335, boul. de Maisonneuve E., Montr\u00e9al <br>Cin\u00e9ma Beaubien : 2396 Rue Beaubien E, Montr\u00e9al <br>Cin\u00e9ma du Parc : 3575, av. du Parc, Montr\u00e9al <br>Maison culturelle et communautaire de Montr\u00e9al-Nord : 12004 Boul Rolland, Montr\u00e9al-Nord <br>Maison de la culture C\u00f4tes des neiges : 5290 Ch. de la C\u00f4te-des-Neiges, Montr\u00e9al <br>Nouveau &#8211; Cin\u00e9ma Quartier Latin : 350 Rue \u00c9mery, Montr\u00e9al <br>Nouveau &#8211; Cin\u00e9ma du Mus\u00e9e : 1379-A, rue Sherbrooke O., Montr\u00e9al <br>Nouveau &#8211; Montr\u00e9al, arts interculturels (MAI) : 3680, rue Jeanne-Mance, suite 103. Montr\u00e9al <br>Nouveau &#8211; Maison d&#8217;Ha\u00efti : 3245 av. \u00c9mile-Journault, Montr\u00e9al<\/p>\n\n\n\n<p>Le <strong>18e Festival International du Film Black de Montr\u00e9al (FIFBM)<\/strong>, cr\u00e9\u00e9 par la <strong>Fondation Fabienne Colas, <\/strong>est pr\u00e9sent\u00e9 par<strong> Desjardins <\/strong>du <strong>20 au 25 Septembre 2022<\/strong> <\/p>\n\n\n\n<p class=\"has-link-color wp-elements-f08dcaea6564863466060fc5da7b1cf9\"><a rel=\"noreferrer noopener\" href=\"https:\/\/suivi.lnk01.com\/c\/443\/d016e06c9d515873958151732a7295da0d022d5ba9f8fb4fff034dd1d4e6d80aca5f1aa49e5edb96\" target=\"_blank\"><strong>www.MontrealBlackFilm.com<\/strong><\/a> <\/p>\n\n\n\n<p class=\"has-link-color wp-elements-4a69adaa031bdc57d44279e73296de49\"><strong>Suivez-nous \u2013 <\/strong><a href=\"https:\/\/www.perfecteaucomm.com\/accueil\/hashtags\/FIFBM22\"><strong>#FIFBM22<\/strong><\/a> <a rel=\"noreferrer noopener\" href=\"https:\/\/suivi.lnk01.com\/c\/443\/d016e06c9d515873958151732a7295da0d022d5ba9f8fb4fbda3e485bdc5ee41ca5f1aa49e5edb96\" target=\"_blank\">Facebook<\/a>| <a rel=\"noreferrer noopener\" href=\"https:\/\/suivi.lnk01.com\/c\/443\/d016e06c9d515873958151732a7295da0d022d5ba9f8fb4fdd86f21380d07000ca5f1aa49e5edb96\" target=\"_blank\">Twitter<\/a> | <a rel=\"noreferrer noopener\" href=\"https:\/\/suivi.lnk01.com\/c\/443\/d016e06c9d515873958151732a7295da0d022d5ba9f8fb4f0d19dc9889ad9604ca5f1aa49e5edb96\" target=\"_blank\">Instagram<\/a><\/p>\n\n\n\n<p class=\"has-link-color wp-elements-0ec6bb9fb158bc8670aaec05a053e0b0\" id=\"viewer-8m04q\"><strong>\u00c0 propos du Festival International du Film Black de Montr\u00e9al (FIFBM)<\/strong> <br>Cr\u00e9\u00e9 en 2005 par la Fondation Fabienne Colas, le <a rel=\"noreferrer noopener\" href=\"https:\/\/suivi.lnk01.com\/c\/443\/d016e06c9d515873958151732a7295da0d022d5ba9f8fb4f267c0e917cbe7db3ca5f1aa49e5edb96\" target=\"_blank\">Festival International du Film Black de Montr\u00e9al (FIFBM)<\/a> est actuellement le plus grand festival de cin\u00e9ma canadien enti\u00e8rement consacr\u00e9 aux r\u00e9alit\u00e9s noires des quatre coins du monde. Il vise \u00e0 offrir au public les productions les plus spectaculaires du cin\u00e9ma black et \u00e0 d\u00e9battre des grands enjeux culturels, sociaux et socio-\u00e9conomiques de la soci\u00e9t\u00e9. L&#8217;objectif du FIFBM est de promouvoir le d\u00e9veloppement de l&#8217;industrie cin\u00e9matographique ind\u00e9pendante et de pr\u00e9senter davantage de films d\u00e9crivant les r\u00e9alit\u00e9s noires dans le monde. Le festival cherche \u00e0 privil\u00e9gier les films locaux et internationaux qui ne sont pas n\u00e9cessairement sous les feux de la rampe, un nouveau cin\u00e9ma qui \u00e9meut son public et suscite une prise de conscience &#8211; et quelques froncements de sourcils. Ce faisant, le FIFBM aborde des questions et pr\u00e9sente des \u0153uvres qui vous font r\u00e9fl\u00e9chir et sourire, vous provoquent, vous d\u00e9concertent et vous choquent &#8211; un regard neuf et frais sur le cin\u00e9ma black des quatre coins du monde !<\/p>\n\n\n\n<p class=\"has-link-color wp-elements-4a7b33ff6e99bb0d7e27e88b57bab52e\">Mots-cl\u00e9s :<\/p>\n\n\n\n<ul class=\"has-link-color wp-block-list wp-elements-6181eea52b668374e97a4db32480b040\">\n<li><a href=\"https:\/\/www.perfecteaucomm.com\/accueil\/tags\/fondation-fabienne-colas\">Fondation Fabienne Colas<\/a><\/li>\n\n\n\n<li><a href=\"https:\/\/www.perfecteaucomm.com\/accueil\/tags\/festival-cin%C3%A9ma\">festival cin\u00e9ma<\/a><\/li>\n<\/ul>\n","protected":false},"excerpt":{"rendered":"<p>18e FIFBM OUVRE AVEC \u2018LOVELY JACKSON\u2019 DE MATT WALDECK, EN PREMI\u00c8RE INTL + 95 FILMS DE 25 PAYS! FILMS METTANT EN VEDETTE : Colin Kaepernick, Souleymane Ciss\u00e9, G\u00e9rard Depardieu, Keith David, Danny Glover, Louis Gossett Jr, Jennifer Holness, Ibrahim Koma, Maxim Khalil, Sydney Poitier, Chantel Riley, Dadju Karidja, Tour\u00e9 Brandon, Victor Dixon, Naturi Naughton, Thomas Sadoski, Orlando Jones, Kenneth Choi, William Fichtner, Kelly McCreary, L\u00e1zaro Ramos, Thom\u00e1s Aquino, Rickey Jackson, Rosa Parks et plusieurs autres ! Toujours innovant, le FIFBM revient plus percutant que jamais avec de la nouveaut\u00e9 \u00e0 sa programmation audacieuse, inspirant la prochaine g\u00e9n\u00e9ration d&#8217;artistes afro-descendants au<\/p>\n","protected":false},"author":1,"featured_media":0,"comment_status":"closed","ping_status":"closed","sticky":false,"template":"","format":"standard","meta":{"footnotes":""},"categories":[20],"tags":[],"class_list":["post-253","post","type-post","status-publish","format-standard","hentry","category-actualites"],"yoast_head":"<!-- This site is optimized with the Yoast SEO plugin v25.5 - https:\/\/yoast.com\/wordpress\/plugins\/seo\/ -->\n<title>18e FIFBM OUVRE AVEC \u2018LOVELY JACKSON\u2019 DE MATT WALDECK, EN PREMI\u00c8RE INTL + 95 FILMS DE 25 PAYS! - Perfecteau Comm<\/title>\n<meta name=\"robots\" content=\"index, follow, max-snippet:-1, max-image-preview:large, max-video-preview:-1\" \/>\n<link rel=\"canonical\" href=\"https:\/\/www.perfecteaucomm.com\/en\/actualites\/18e-fifbm-ouvre-avec-lovely-jackson-de-matt-waldeck-en-premiere-intl-95-films-de-25-pays\/\" \/>\n<meta property=\"og:locale\" content=\"en_US\" \/>\n<meta property=\"og:locale:alternate\" content=\"fr_CA\" \/>\n<meta property=\"og:type\" content=\"article\" \/>\n<meta property=\"og:title\" content=\"18e FIFBM OUVRE AVEC \u2018LOVELY JACKSON\u2019 DE MATT WALDECK, EN PREMI\u00c8RE INTL + 95 FILMS DE 25 PAYS! - Perfecteau Comm\" \/>\n<meta property=\"og:description\" content=\"18e FIFBM OUVRE AVEC \u2018LOVELY JACKSON\u2019 DE MATT WALDECK, EN PREMI\u00c8RE INTL + 95 FILMS DE 25 PAYS! FILMS METTANT EN VEDETTE : Colin Kaepernick, Souleymane Ciss\u00e9, G\u00e9rard Depardieu, Keith David, Danny Glover, Louis Gossett Jr, Jennifer Holness, Ibrahim Koma, Maxim Khalil, Sydney Poitier, Chantel Riley, Dadju Karidja, Tour\u00e9 Brandon, Victor Dixon, Naturi Naughton, Thomas Sadoski, Orlando Jones, Kenneth Choi, William Fichtner, Kelly McCreary, L\u00e1zaro Ramos, Thom\u00e1s Aquino, Rickey Jackson, Rosa Parks et plusieurs autres ! Toujours innovant, le FIFBM revient plus percutant que jamais avec de la nouveaut\u00e9 \u00e0 sa programmation audacieuse, inspirant la prochaine g\u00e9n\u00e9ration d&#8217;artistes afro-descendants au\" \/>\n<meta property=\"og:url\" content=\"https:\/\/www.perfecteaucomm.com\/en\/actualites\/18e-fifbm-ouvre-avec-lovely-jackson-de-matt-waldeck-en-premiere-intl-95-films-de-25-pays\/\" \/>\n<meta property=\"og:site_name\" content=\"Perfecteau Comm\" \/>\n<meta property=\"article:published_time\" content=\"2022-09-01T15:52:33+00:00\" \/>\n<meta property=\"article:modified_time\" content=\"2023-02-22T22:37:13+00:00\" \/>\n<meta property=\"og:image\" content=\"https:\/\/www.perfecteaucomm.com\/wp-content\/uploads\/2023\/01\/Festival-film-Black-de-Mtl_CMQ_001.jpg\" \/>\n\t<meta property=\"og:image:width\" content=\"600\" \/>\n\t<meta property=\"og:image:height\" content=\"400\" \/>\n\t<meta property=\"og:image:type\" content=\"image\/jpeg\" \/>\n<meta name=\"author\" content=\"perfecteau\" \/>\n<meta name=\"twitter:card\" content=\"summary_large_image\" \/>\n<meta name=\"twitter:label1\" content=\"Written by\" \/>\n\t<meta name=\"twitter:data1\" content=\"perfecteau\" \/>\n\t<meta name=\"twitter:label2\" content=\"Est. reading time\" \/>\n\t<meta name=\"twitter:data2\" content=\"10 minutes\" \/>\n<script type=\"application\/ld+json\" class=\"yoast-schema-graph\">{\"@context\":\"https:\/\/schema.org\",\"@graph\":[{\"@type\":\"Article\",\"@id\":\"https:\/\/www.perfecteaucomm.com\/actualites\/18e-fifbm-ouvre-avec-lovely-jackson-de-matt-waldeck-en-premiere-intl-95-films-de-25-pays\/#article\",\"isPartOf\":{\"@id\":\"https:\/\/www.perfecteaucomm.com\/actualites\/18e-fifbm-ouvre-avec-lovely-jackson-de-matt-waldeck-en-premiere-intl-95-films-de-25-pays\/\"},\"author\":{\"name\":\"perfecteau\",\"@id\":\"https:\/\/www.perfecteaucomm.com\/#\/schema\/person\/6e8531918d9cb8157ee1a5075d81d5c7\"},\"headline\":\"18e FIFBM OUVRE AVEC \u2018LOVELY JACKSON\u2019 DE MATT WALDECK, EN PREMI\u00c8RE INTL + 95 FILMS DE 25 PAYS!\",\"datePublished\":\"2022-09-01T15:52:33+00:00\",\"dateModified\":\"2023-02-22T22:37:13+00:00\",\"mainEntityOfPage\":{\"@id\":\"https:\/\/www.perfecteaucomm.com\/actualites\/18e-fifbm-ouvre-avec-lovely-jackson-de-matt-waldeck-en-premiere-intl-95-films-de-25-pays\/\"},\"wordCount\":2012,\"publisher\":{\"@id\":\"https:\/\/www.perfecteaucomm.com\/#organization\"},\"image\":{\"@id\":\"https:\/\/www.perfecteaucomm.com\/actualites\/18e-fifbm-ouvre-avec-lovely-jackson-de-matt-waldeck-en-premiere-intl-95-films-de-25-pays\/#primaryimage\"},\"thumbnailUrl\":\"https:\/\/perfecteaucomm.la-complice.com\/wp-content\/uploads\/2023\/01\/Festival-film-Black-de-Mtl_CMQ_001.jpg\",\"articleSection\":[\"Actualit\u00e9s\"],\"inLanguage\":\"en-CA\"},{\"@type\":\"WebPage\",\"@id\":\"https:\/\/www.perfecteaucomm.com\/actualites\/18e-fifbm-ouvre-avec-lovely-jackson-de-matt-waldeck-en-premiere-intl-95-films-de-25-pays\/\",\"url\":\"https:\/\/www.perfecteaucomm.com\/actualites\/18e-fifbm-ouvre-avec-lovely-jackson-de-matt-waldeck-en-premiere-intl-95-films-de-25-pays\/\",\"name\":\"18e FIFBM OUVRE AVEC \u2018LOVELY JACKSON\u2019 DE MATT WALDECK, EN PREMI\u00c8RE INTL + 95 FILMS DE 25 PAYS! - Perfecteau Comm\",\"isPartOf\":{\"@id\":\"https:\/\/www.perfecteaucomm.com\/#website\"},\"primaryImageOfPage\":{\"@id\":\"https:\/\/www.perfecteaucomm.com\/actualites\/18e-fifbm-ouvre-avec-lovely-jackson-de-matt-waldeck-en-premiere-intl-95-films-de-25-pays\/#primaryimage\"},\"image\":{\"@id\":\"https:\/\/www.perfecteaucomm.com\/actualites\/18e-fifbm-ouvre-avec-lovely-jackson-de-matt-waldeck-en-premiere-intl-95-films-de-25-pays\/#primaryimage\"},\"thumbnailUrl\":\"https:\/\/perfecteaucomm.la-complice.com\/wp-content\/uploads\/2023\/01\/Festival-film-Black-de-Mtl_CMQ_001.jpg\",\"datePublished\":\"2022-09-01T15:52:33+00:00\",\"dateModified\":\"2023-02-22T22:37:13+00:00\",\"breadcrumb\":{\"@id\":\"https:\/\/www.perfecteaucomm.com\/actualites\/18e-fifbm-ouvre-avec-lovely-jackson-de-matt-waldeck-en-premiere-intl-95-films-de-25-pays\/#breadcrumb\"},\"inLanguage\":\"en-CA\",\"potentialAction\":[{\"@type\":\"ReadAction\",\"target\":[\"https:\/\/www.perfecteaucomm.com\/actualites\/18e-fifbm-ouvre-avec-lovely-jackson-de-matt-waldeck-en-premiere-intl-95-films-de-25-pays\/\"]}]},{\"@type\":\"ImageObject\",\"inLanguage\":\"en-CA\",\"@id\":\"https:\/\/www.perfecteaucomm.com\/actualites\/18e-fifbm-ouvre-avec-lovely-jackson-de-matt-waldeck-en-premiere-intl-95-films-de-25-pays\/#primaryimage\",\"url\":\"https:\/\/perfecteaucomm.la-complice.com\/wp-content\/uploads\/2023\/01\/Festival-film-Black-de-Mtl_CMQ_001.jpg\",\"contentUrl\":\"https:\/\/perfecteaucomm.la-complice.com\/wp-content\/uploads\/2023\/01\/Festival-film-Black-de-Mtl_CMQ_001.jpg\"},{\"@type\":\"BreadcrumbList\",\"@id\":\"https:\/\/www.perfecteaucomm.com\/actualites\/18e-fifbm-ouvre-avec-lovely-jackson-de-matt-waldeck-en-premiere-intl-95-films-de-25-pays\/#breadcrumb\",\"itemListElement\":[{\"@type\":\"ListItem\",\"position\":1,\"name\":\"Accueil\",\"item\":\"https:\/\/www.perfecteaucomm.com\/\"},{\"@type\":\"ListItem\",\"position\":2,\"name\":\"18e FIFBM OUVRE AVEC \u2018LOVELY JACKSON\u2019 DE MATT WALDECK, EN PREMI\u00c8RE INTL + 95 FILMS DE 25 PAYS!\"}]},{\"@type\":\"WebSite\",\"@id\":\"https:\/\/www.perfecteaucomm.com\/#website\",\"url\":\"https:\/\/www.perfecteaucomm.com\/\",\"name\":\"Perfecteau Comm\",\"description\":\"Agence de relations de presse\",\"publisher\":{\"@id\":\"https:\/\/www.perfecteaucomm.com\/#organization\"},\"potentialAction\":[{\"@type\":\"SearchAction\",\"target\":{\"@type\":\"EntryPoint\",\"urlTemplate\":\"https:\/\/www.perfecteaucomm.com\/?s={search_term_string}\"},\"query-input\":{\"@type\":\"PropertyValueSpecification\",\"valueRequired\":true,\"valueName\":\"search_term_string\"}}],\"inLanguage\":\"en-CA\"},{\"@type\":\"Organization\",\"@id\":\"https:\/\/www.perfecteaucomm.com\/#organization\",\"name\":\"Perfecteau Comm\",\"url\":\"https:\/\/www.perfecteaucomm.com\/\",\"logo\":{\"@type\":\"ImageObject\",\"inLanguage\":\"en-CA\",\"@id\":\"https:\/\/www.perfecteaucomm.com\/#\/schema\/logo\/image\/\",\"url\":\"https:\/\/www.perfecteaucomm.com\/wp-content\/uploads\/2023\/01\/logo_perfecteau_fichier_final-2.png\",\"contentUrl\":\"https:\/\/www.perfecteaucomm.com\/wp-content\/uploads\/2023\/01\/logo_perfecteau_fichier_final-2.png\",\"width\":1600,\"height\":704,\"caption\":\"Perfecteau Comm\"},\"image\":{\"@id\":\"https:\/\/www.perfecteaucomm.com\/#\/schema\/logo\/image\/\"}},{\"@type\":\"Person\",\"@id\":\"https:\/\/www.perfecteaucomm.com\/#\/schema\/person\/6e8531918d9cb8157ee1a5075d81d5c7\",\"name\":\"perfecteau\",\"sameAs\":[\"https:\/\/perfecteaucomm.la-complice.com\"],\"url\":\"https:\/\/www.perfecteaucomm.com\/en\/author\/perfecteau\/\"}]}<\/script>\n<!-- \/ Yoast SEO plugin. -->","yoast_head_json":{"title":"18e FIFBM OUVRE AVEC \u2018LOVELY JACKSON\u2019 DE MATT WALDECK, EN PREMI\u00c8RE INTL + 95 FILMS DE 25 PAYS! - Perfecteau Comm","robots":{"index":"index","follow":"follow","max-snippet":"max-snippet:-1","max-image-preview":"max-image-preview:large","max-video-preview":"max-video-preview:-1"},"canonical":"https:\/\/www.perfecteaucomm.com\/en\/actualites\/18e-fifbm-ouvre-avec-lovely-jackson-de-matt-waldeck-en-premiere-intl-95-films-de-25-pays\/","og_locale":"en_US","og_type":"article","og_title":"18e FIFBM OUVRE AVEC \u2018LOVELY JACKSON\u2019 DE MATT WALDECK, EN PREMI\u00c8RE INTL + 95 FILMS DE 25 PAYS! - Perfecteau Comm","og_description":"18e FIFBM OUVRE AVEC \u2018LOVELY JACKSON\u2019 DE MATT WALDECK, EN PREMI\u00c8RE INTL + 95 FILMS DE 25 PAYS! FILMS METTANT EN VEDETTE : Colin Kaepernick, Souleymane Ciss\u00e9, G\u00e9rard Depardieu, Keith David, Danny Glover, Louis Gossett Jr, Jennifer Holness, Ibrahim Koma, Maxim Khalil, Sydney Poitier, Chantel Riley, Dadju Karidja, Tour\u00e9 Brandon, Victor Dixon, Naturi Naughton, Thomas Sadoski, Orlando Jones, Kenneth Choi, William Fichtner, Kelly McCreary, L\u00e1zaro Ramos, Thom\u00e1s Aquino, Rickey Jackson, Rosa Parks et plusieurs autres ! Toujours innovant, le FIFBM revient plus percutant que jamais avec de la nouveaut\u00e9 \u00e0 sa programmation audacieuse, inspirant la prochaine g\u00e9n\u00e9ration d&#8217;artistes afro-descendants au","og_url":"https:\/\/www.perfecteaucomm.com\/en\/actualites\/18e-fifbm-ouvre-avec-lovely-jackson-de-matt-waldeck-en-premiere-intl-95-films-de-25-pays\/","og_site_name":"Perfecteau Comm","article_published_time":"2022-09-01T15:52:33+00:00","article_modified_time":"2023-02-22T22:37:13+00:00","og_image":[{"width":600,"height":400,"url":"https:\/\/www.perfecteaucomm.com\/wp-content\/uploads\/2023\/01\/Festival-film-Black-de-Mtl_CMQ_001.jpg","type":"image\/jpeg"}],"author":"perfecteau","twitter_card":"summary_large_image","twitter_misc":{"Written by":"perfecteau","Est. reading time":"10 minutes"},"schema":{"@context":"https:\/\/schema.org","@graph":[{"@type":"Article","@id":"https:\/\/www.perfecteaucomm.com\/actualites\/18e-fifbm-ouvre-avec-lovely-jackson-de-matt-waldeck-en-premiere-intl-95-films-de-25-pays\/#article","isPartOf":{"@id":"https:\/\/www.perfecteaucomm.com\/actualites\/18e-fifbm-ouvre-avec-lovely-jackson-de-matt-waldeck-en-premiere-intl-95-films-de-25-pays\/"},"author":{"name":"perfecteau","@id":"https:\/\/www.perfecteaucomm.com\/#\/schema\/person\/6e8531918d9cb8157ee1a5075d81d5c7"},"headline":"18e FIFBM OUVRE AVEC \u2018LOVELY JACKSON\u2019 DE MATT WALDECK, EN PREMI\u00c8RE INTL + 95 FILMS DE 25 PAYS!","datePublished":"2022-09-01T15:52:33+00:00","dateModified":"2023-02-22T22:37:13+00:00","mainEntityOfPage":{"@id":"https:\/\/www.perfecteaucomm.com\/actualites\/18e-fifbm-ouvre-avec-lovely-jackson-de-matt-waldeck-en-premiere-intl-95-films-de-25-pays\/"},"wordCount":2012,"publisher":{"@id":"https:\/\/www.perfecteaucomm.com\/#organization"},"image":{"@id":"https:\/\/www.perfecteaucomm.com\/actualites\/18e-fifbm-ouvre-avec-lovely-jackson-de-matt-waldeck-en-premiere-intl-95-films-de-25-pays\/#primaryimage"},"thumbnailUrl":"https:\/\/perfecteaucomm.la-complice.com\/wp-content\/uploads\/2023\/01\/Festival-film-Black-de-Mtl_CMQ_001.jpg","articleSection":["Actualit\u00e9s"],"inLanguage":"en-CA"},{"@type":"WebPage","@id":"https:\/\/www.perfecteaucomm.com\/actualites\/18e-fifbm-ouvre-avec-lovely-jackson-de-matt-waldeck-en-premiere-intl-95-films-de-25-pays\/","url":"https:\/\/www.perfecteaucomm.com\/actualites\/18e-fifbm-ouvre-avec-lovely-jackson-de-matt-waldeck-en-premiere-intl-95-films-de-25-pays\/","name":"18e FIFBM OUVRE AVEC \u2018LOVELY JACKSON\u2019 DE MATT WALDECK, EN PREMI\u00c8RE INTL + 95 FILMS DE 25 PAYS! - Perfecteau Comm","isPartOf":{"@id":"https:\/\/www.perfecteaucomm.com\/#website"},"primaryImageOfPage":{"@id":"https:\/\/www.perfecteaucomm.com\/actualites\/18e-fifbm-ouvre-avec-lovely-jackson-de-matt-waldeck-en-premiere-intl-95-films-de-25-pays\/#primaryimage"},"image":{"@id":"https:\/\/www.perfecteaucomm.com\/actualites\/18e-fifbm-ouvre-avec-lovely-jackson-de-matt-waldeck-en-premiere-intl-95-films-de-25-pays\/#primaryimage"},"thumbnailUrl":"https:\/\/perfecteaucomm.la-complice.com\/wp-content\/uploads\/2023\/01\/Festival-film-Black-de-Mtl_CMQ_001.jpg","datePublished":"2022-09-01T15:52:33+00:00","dateModified":"2023-02-22T22:37:13+00:00","breadcrumb":{"@id":"https:\/\/www.perfecteaucomm.com\/actualites\/18e-fifbm-ouvre-avec-lovely-jackson-de-matt-waldeck-en-premiere-intl-95-films-de-25-pays\/#breadcrumb"},"inLanguage":"en-CA","potentialAction":[{"@type":"ReadAction","target":["https:\/\/www.perfecteaucomm.com\/actualites\/18e-fifbm-ouvre-avec-lovely-jackson-de-matt-waldeck-en-premiere-intl-95-films-de-25-pays\/"]}]},{"@type":"ImageObject","inLanguage":"en-CA","@id":"https:\/\/www.perfecteaucomm.com\/actualites\/18e-fifbm-ouvre-avec-lovely-jackson-de-matt-waldeck-en-premiere-intl-95-films-de-25-pays\/#primaryimage","url":"https:\/\/perfecteaucomm.la-complice.com\/wp-content\/uploads\/2023\/01\/Festival-film-Black-de-Mtl_CMQ_001.jpg","contentUrl":"https:\/\/perfecteaucomm.la-complice.com\/wp-content\/uploads\/2023\/01\/Festival-film-Black-de-Mtl_CMQ_001.jpg"},{"@type":"BreadcrumbList","@id":"https:\/\/www.perfecteaucomm.com\/actualites\/18e-fifbm-ouvre-avec-lovely-jackson-de-matt-waldeck-en-premiere-intl-95-films-de-25-pays\/#breadcrumb","itemListElement":[{"@type":"ListItem","position":1,"name":"Accueil","item":"https:\/\/www.perfecteaucomm.com\/"},{"@type":"ListItem","position":2,"name":"18e FIFBM OUVRE AVEC \u2018LOVELY JACKSON\u2019 DE MATT WALDECK, EN PREMI\u00c8RE INTL + 95 FILMS DE 25 PAYS!"}]},{"@type":"WebSite","@id":"https:\/\/www.perfecteaucomm.com\/#website","url":"https:\/\/www.perfecteaucomm.com\/","name":"Perfecteau Comm","description":"Agence de relations de presse","publisher":{"@id":"https:\/\/www.perfecteaucomm.com\/#organization"},"potentialAction":[{"@type":"SearchAction","target":{"@type":"EntryPoint","urlTemplate":"https:\/\/www.perfecteaucomm.com\/?s={search_term_string}"},"query-input":{"@type":"PropertyValueSpecification","valueRequired":true,"valueName":"search_term_string"}}],"inLanguage":"en-CA"},{"@type":"Organization","@id":"https:\/\/www.perfecteaucomm.com\/#organization","name":"Perfecteau Comm","url":"https:\/\/www.perfecteaucomm.com\/","logo":{"@type":"ImageObject","inLanguage":"en-CA","@id":"https:\/\/www.perfecteaucomm.com\/#\/schema\/logo\/image\/","url":"https:\/\/www.perfecteaucomm.com\/wp-content\/uploads\/2023\/01\/logo_perfecteau_fichier_final-2.png","contentUrl":"https:\/\/www.perfecteaucomm.com\/wp-content\/uploads\/2023\/01\/logo_perfecteau_fichier_final-2.png","width":1600,"height":704,"caption":"Perfecteau Comm"},"image":{"@id":"https:\/\/www.perfecteaucomm.com\/#\/schema\/logo\/image\/"}},{"@type":"Person","@id":"https:\/\/www.perfecteaucomm.com\/#\/schema\/person\/6e8531918d9cb8157ee1a5075d81d5c7","name":"perfecteau","sameAs":["https:\/\/perfecteaucomm.la-complice.com"],"url":"https:\/\/www.perfecteaucomm.com\/en\/author\/perfecteau\/"}]}},"_links":{"self":[{"href":"https:\/\/www.perfecteaucomm.com\/en\/wp-json\/wp\/v2\/posts\/253","targetHints":{"allow":["GET"]}}],"collection":[{"href":"https:\/\/www.perfecteaucomm.com\/en\/wp-json\/wp\/v2\/posts"}],"about":[{"href":"https:\/\/www.perfecteaucomm.com\/en\/wp-json\/wp\/v2\/types\/post"}],"author":[{"embeddable":true,"href":"https:\/\/www.perfecteaucomm.com\/en\/wp-json\/wp\/v2\/users\/1"}],"replies":[{"embeddable":true,"href":"https:\/\/www.perfecteaucomm.com\/en\/wp-json\/wp\/v2\/comments?post=253"}],"version-history":[{"count":2,"href":"https:\/\/www.perfecteaucomm.com\/en\/wp-json\/wp\/v2\/posts\/253\/revisions"}],"predecessor-version":[{"id":329,"href":"https:\/\/www.perfecteaucomm.com\/en\/wp-json\/wp\/v2\/posts\/253\/revisions\/329"}],"wp:attachment":[{"href":"https:\/\/www.perfecteaucomm.com\/en\/wp-json\/wp\/v2\/media?parent=253"}],"wp:term":[{"taxonomy":"category","embeddable":true,"href":"https:\/\/www.perfecteaucomm.com\/en\/wp-json\/wp\/v2\/categories?post=253"},{"taxonomy":"post_tag","embeddable":true,"href":"https:\/\/www.perfecteaucomm.com\/en\/wp-json\/wp\/v2\/tags?post=253"}],"curies":[{"name":"wp","href":"https:\/\/api.w.org\/{rel}","templated":true}]}}