{"id":1428,"date":"2025-02-06T11:04:33","date_gmt":"2025-02-06T16:04:33","guid":{"rendered":"https:\/\/www.perfecteaucomm.com\/?p=1428"},"modified":"2025-02-06T11:04:58","modified_gmt":"2025-02-06T16:04:58","slug":"abiguili-la-nouvelle-collection-dalbums-dont-les-illustrations-dynamiques-et-les-textes-farfelus-stimuleront-limaginaire-des-tout-petits","status":"publish","type":"post","link":"https:\/\/www.perfecteaucomm.com\/en\/actualites\/abiguili-la-nouvelle-collection-dalbums-dont-les-illustrations-dynamiques-et-les-textes-farfelus-stimuleront-limaginaire-des-tout-petits\/","title":{"rendered":"Abiguili: La nouvelle collection d\u2019albums dont les illustrations dynamiques et les textes farfelus stimuleront l\u2019imaginaire des tout-petits !"},"content":{"rendered":"\n<figure class=\"wp-block-image size-large\"><img loading=\"lazy\" decoding=\"async\" width=\"791\" height=\"1024\" src=\"https:\/\/www.perfecteaucomm.com\/wp-content\/uploads\/2025\/02\/Com-Abiguili1-1_page-0001-791x1024.jpg\" alt=\"\" class=\"wp-image-1429\" srcset=\"https:\/\/www.perfecteaucomm.com\/wp-content\/uploads\/2025\/02\/Com-Abiguili1-1_page-0001-791x1024.jpg 791w, https:\/\/www.perfecteaucomm.com\/wp-content\/uploads\/2025\/02\/Com-Abiguili1-1_page-0001-232x300.jpg 232w, https:\/\/www.perfecteaucomm.com\/wp-content\/uploads\/2025\/02\/Com-Abiguili1-1_page-0001-768x994.jpg 768w, https:\/\/www.perfecteaucomm.com\/wp-content\/uploads\/2025\/02\/Com-Abiguili1-1_page-0001-1187x1536.jpg 1187w, https:\/\/www.perfecteaucomm.com\/wp-content\/uploads\/2025\/02\/Com-Abiguili1-1_page-0001.jpg 1275w\" sizes=\"auto, (max-width: 791px) 100vw, 791px\" \/><\/figure>\n","protected":false},"excerpt":{"rendered":"","protected":false},"author":1,"featured_media":1429,"comment_status":"closed","ping_status":"closed","sticky":false,"template":"","format":"standard","meta":{"footnotes":""},"categories":[20],"tags":[95,94,22],"class_list":["post-1428","post","type-post","status-publish","format-standard","has-post-thumbnail","hentry","category-actualites","tag-didier-loubat","tag-marie-sisi-labreche","tag-editions-michel-quintin"],"yoast_head":"<!-- This site is optimized with the Yoast SEO plugin v25.5 - https:\/\/yoast.com\/wordpress\/plugins\/seo\/ -->\n<title>Abiguili: La nouvelle collection d\u2019albums dont les illustrations dynamiques et les textes farfelus stimuleront l\u2019imaginaire des tout-petits !<\/title>\n<meta name=\"robots\" content=\"index, follow, max-snippet:-1, max-image-preview:large, max-video-preview:-1\" \/>\n<link rel=\"canonical\" href=\"https:\/\/www.perfecteaucomm.com\/en\/actualites\/abiguili-la-nouvelle-collection-dalbums-dont-les-illustrations-dynamiques-et-les-textes-farfelus-stimuleront-limaginaire-des-tout-petits\/\" \/>\n<meta property=\"og:locale\" content=\"en_US\" \/>\n<meta property=\"og:locale:alternate\" content=\"fr_CA\" \/>\n<meta property=\"og:type\" content=\"article\" \/>\n<meta property=\"og:title\" content=\"Abiguili: La nouvelle collection d\u2019albums dont les illustrations dynamiques et les textes farfelus stimuleront l\u2019imaginaire des tout-petits !\" \/>\n<meta property=\"og:url\" content=\"https:\/\/www.perfecteaucomm.com\/en\/actualites\/abiguili-la-nouvelle-collection-dalbums-dont-les-illustrations-dynamiques-et-les-textes-farfelus-stimuleront-limaginaire-des-tout-petits\/\" \/>\n<meta property=\"og:site_name\" content=\"Perfecteau Comm\" \/>\n<meta property=\"article:published_time\" content=\"2025-02-06T16:04:33+00:00\" \/>\n<meta property=\"article:modified_time\" content=\"2025-02-06T16:04:58+00:00\" \/>\n<meta property=\"og:image\" content=\"https:\/\/www.perfecteaucomm.com\/wp-content\/uploads\/2025\/02\/Com-Abiguili1-1_page-0001.jpg\" \/>\n\t<meta property=\"og:image:width\" content=\"1275\" \/>\n\t<meta property=\"og:image:height\" content=\"1650\" \/>\n\t<meta property=\"og:image:type\" content=\"image\/jpeg\" \/>\n<meta name=\"author\" content=\"perfecteau\" \/>\n<meta name=\"twitter:card\" content=\"summary_large_image\" \/>\n<meta name=\"twitter:label1\" content=\"Written by\" \/>\n\t<meta name=\"twitter:data1\" content=\"perfecteau\" \/>\n\t<meta name=\"twitter:label2\" content=\"Est. reading time\" \/>\n\t<meta name=\"twitter:data2\" content=\"1 minute\" \/>\n<script type=\"application\/ld+json\" class=\"yoast-schema-graph\">{\"@context\":\"https:\/\/schema.org\",\"@graph\":[{\"@type\":\"Article\",\"@id\":\"https:\/\/www.perfecteaucomm.com\/actualites\/abiguili-la-nouvelle-collection-dalbums-dont-les-illustrations-dynamiques-et-les-textes-farfelus-stimuleront-limaginaire-des-tout-petits\/#article\",\"isPartOf\":{\"@id\":\"https:\/\/www.perfecteaucomm.com\/actualites\/abiguili-la-nouvelle-collection-dalbums-dont-les-illustrations-dynamiques-et-les-textes-farfelus-stimuleront-limaginaire-des-tout-petits\/\"},\"author\":{\"name\":\"perfecteau\",\"@id\":\"https:\/\/www.perfecteaucomm.com\/#\/schema\/person\/6e8531918d9cb8157ee1a5075d81d5c7\"},\"headline\":\"Abiguili: La nouvelle collection d\u2019albums dont les illustrations dynamiques et les textes farfelus stimuleront l\u2019imaginaire des tout-petits !\",\"datePublished\":\"2025-02-06T16:04:33+00:00\",\"dateModified\":\"2025-02-06T16:04:58+00:00\",\"mainEntityOfPage\":{\"@id\":\"https:\/\/www.perfecteaucomm.com\/actualites\/abiguili-la-nouvelle-collection-dalbums-dont-les-illustrations-dynamiques-et-les-textes-farfelus-stimuleront-limaginaire-des-tout-petits\/\"},\"wordCount\":21,\"publisher\":{\"@id\":\"https:\/\/www.perfecteaucomm.com\/#organization\"},\"image\":{\"@id\":\"https:\/\/www.perfecteaucomm.com\/actualites\/abiguili-la-nouvelle-collection-dalbums-dont-les-illustrations-dynamiques-et-les-textes-farfelus-stimuleront-limaginaire-des-tout-petits\/#primaryimage\"},\"thumbnailUrl\":\"https:\/\/www.perfecteaucomm.com\/wp-content\/uploads\/2025\/02\/Com-Abiguili1-1_page-0001.jpg\",\"keywords\":[\"Didier Loubat\",\"Marie-Sisi Labr\u00e8che\",\"\u00c9ditions Michel Quintin\"],\"articleSection\":[\"Actualit\u00e9s\"],\"inLanguage\":\"en-CA\"},{\"@type\":\"WebPage\",\"@id\":\"https:\/\/www.perfecteaucomm.com\/actualites\/abiguili-la-nouvelle-collection-dalbums-dont-les-illustrations-dynamiques-et-les-textes-farfelus-stimuleront-limaginaire-des-tout-petits\/\",\"url\":\"https:\/\/www.perfecteaucomm.com\/actualites\/abiguili-la-nouvelle-collection-dalbums-dont-les-illustrations-dynamiques-et-les-textes-farfelus-stimuleront-limaginaire-des-tout-petits\/\",\"name\":\"Abiguili: La nouvelle collection d\u2019albums dont les illustrations dynamiques et les textes farfelus stimuleront l\u2019imaginaire des tout-petits !\",\"isPartOf\":{\"@id\":\"https:\/\/www.perfecteaucomm.com\/#website\"},\"primaryImageOfPage\":{\"@id\":\"https:\/\/www.perfecteaucomm.com\/actualites\/abiguili-la-nouvelle-collection-dalbums-dont-les-illustrations-dynamiques-et-les-textes-farfelus-stimuleront-limaginaire-des-tout-petits\/#primaryimage\"},\"image\":{\"@id\":\"https:\/\/www.perfecteaucomm.com\/actualites\/abiguili-la-nouvelle-collection-dalbums-dont-les-illustrations-dynamiques-et-les-textes-farfelus-stimuleront-limaginaire-des-tout-petits\/#primaryimage\"},\"thumbnailUrl\":\"https:\/\/www.perfecteaucomm.com\/wp-content\/uploads\/2025\/02\/Com-Abiguili1-1_page-0001.jpg\",\"datePublished\":\"2025-02-06T16:04:33+00:00\",\"dateModified\":\"2025-02-06T16:04:58+00:00\",\"breadcrumb\":{\"@id\":\"https:\/\/www.perfecteaucomm.com\/actualites\/abiguili-la-nouvelle-collection-dalbums-dont-les-illustrations-dynamiques-et-les-textes-farfelus-stimuleront-limaginaire-des-tout-petits\/#breadcrumb\"},\"inLanguage\":\"en-CA\",\"potentialAction\":[{\"@type\":\"ReadAction\",\"target\":[\"https:\/\/www.perfecteaucomm.com\/actualites\/abiguili-la-nouvelle-collection-dalbums-dont-les-illustrations-dynamiques-et-les-textes-farfelus-stimuleront-limaginaire-des-tout-petits\/\"]}]},{\"@type\":\"ImageObject\",\"inLanguage\":\"en-CA\",\"@id\":\"https:\/\/www.perfecteaucomm.com\/actualites\/abiguili-la-nouvelle-collection-dalbums-dont-les-illustrations-dynamiques-et-les-textes-farfelus-stimuleront-limaginaire-des-tout-petits\/#primaryimage\",\"url\":\"https:\/\/www.perfecteaucomm.com\/wp-content\/uploads\/2025\/02\/Com-Abiguili1-1_page-0001.jpg\",\"contentUrl\":\"https:\/\/www.perfecteaucomm.com\/wp-content\/uploads\/2025\/02\/Com-Abiguili1-1_page-0001.jpg\",\"width\":1275,\"height\":1650},{\"@type\":\"BreadcrumbList\",\"@id\":\"https:\/\/www.perfecteaucomm.com\/actualites\/abiguili-la-nouvelle-collection-dalbums-dont-les-illustrations-dynamiques-et-les-textes-farfelus-stimuleront-limaginaire-des-tout-petits\/#breadcrumb\",\"itemListElement\":[{\"@type\":\"ListItem\",\"position\":1,\"name\":\"Accueil\",\"item\":\"https:\/\/www.perfecteaucomm.com\/\"},{\"@type\":\"ListItem\",\"position\":2,\"name\":\"Abiguili: La nouvelle collection d\u2019albums dont les illustrations dynamiques et les textes farfelus stimuleront l\u2019imaginaire des tout-petits !\"}]},{\"@type\":\"WebSite\",\"@id\":\"https:\/\/www.perfecteaucomm.com\/#website\",\"url\":\"https:\/\/www.perfecteaucomm.com\/\",\"name\":\"Perfecteau Comm\",\"description\":\"Agence de relations de presse\",\"publisher\":{\"@id\":\"https:\/\/www.perfecteaucomm.com\/#organization\"},\"potentialAction\":[{\"@type\":\"SearchAction\",\"target\":{\"@type\":\"EntryPoint\",\"urlTemplate\":\"https:\/\/www.perfecteaucomm.com\/?s={search_term_string}\"},\"query-input\":{\"@type\":\"PropertyValueSpecification\",\"valueRequired\":true,\"valueName\":\"search_term_string\"}}],\"inLanguage\":\"en-CA\"},{\"@type\":\"Organization\",\"@id\":\"https:\/\/www.perfecteaucomm.com\/#organization\",\"name\":\"Perfecteau Comm\",\"url\":\"https:\/\/www.perfecteaucomm.com\/\",\"logo\":{\"@type\":\"ImageObject\",\"inLanguage\":\"en-CA\",\"@id\":\"https:\/\/www.perfecteaucomm.com\/#\/schema\/logo\/image\/\",\"url\":\"https:\/\/www.perfecteaucomm.com\/wp-content\/uploads\/2023\/01\/logo_perfecteau_fichier_final-2.png\",\"contentUrl\":\"https:\/\/www.perfecteaucomm.com\/wp-content\/uploads\/2023\/01\/logo_perfecteau_fichier_final-2.png\",\"width\":1600,\"height\":704,\"caption\":\"Perfecteau Comm\"},\"image\":{\"@id\":\"https:\/\/www.perfecteaucomm.com\/#\/schema\/logo\/image\/\"}},{\"@type\":\"Person\",\"@id\":\"https:\/\/www.perfecteaucomm.com\/#\/schema\/person\/6e8531918d9cb8157ee1a5075d81d5c7\",\"name\":\"perfecteau\",\"sameAs\":[\"https:\/\/perfecteaucomm.la-complice.com\"],\"url\":\"https:\/\/www.perfecteaucomm.com\/en\/author\/perfecteau\/\"}]}<\/script>\n<!-- \/ Yoast SEO plugin. -->","yoast_head_json":{"title":"Abiguili: La nouvelle collection d\u2019albums dont les illustrations dynamiques et les textes farfelus stimuleront l\u2019imaginaire des tout-petits !","robots":{"index":"index","follow":"follow","max-snippet":"max-snippet:-1","max-image-preview":"max-image-preview:large","max-video-preview":"max-video-preview:-1"},"canonical":"https:\/\/www.perfecteaucomm.com\/en\/actualites\/abiguili-la-nouvelle-collection-dalbums-dont-les-illustrations-dynamiques-et-les-textes-farfelus-stimuleront-limaginaire-des-tout-petits\/","og_locale":"en_US","og_type":"article","og_title":"[:fr]Abiguili: La nouvelle collection d\u2019albums dont les illustrations dynamiques et les textes farfelus stimuleront l\u2019imaginaire des tout-petits ![:] - Perfecteau Comm","og_url":"https:\/\/www.perfecteaucomm.com\/en\/actualites\/abiguili-la-nouvelle-collection-dalbums-dont-les-illustrations-dynamiques-et-les-textes-farfelus-stimuleront-limaginaire-des-tout-petits\/","og_site_name":"Perfecteau Comm","article_published_time":"2025-02-06T16:04:33+00:00","article_modified_time":"2025-02-06T16:04:58+00:00","og_image":[{"width":1275,"height":1650,"url":"https:\/\/www.perfecteaucomm.com\/wp-content\/uploads\/2025\/02\/Com-Abiguili1-1_page-0001.jpg","type":"image\/jpeg"}],"author":"perfecteau","twitter_card":"summary_large_image","twitter_misc":{"Written by":"perfecteau","Est. reading time":"1 minute"},"schema":{"@context":"https:\/\/schema.org","@graph":[{"@type":"Article","@id":"https:\/\/www.perfecteaucomm.com\/actualites\/abiguili-la-nouvelle-collection-dalbums-dont-les-illustrations-dynamiques-et-les-textes-farfelus-stimuleront-limaginaire-des-tout-petits\/#article","isPartOf":{"@id":"https:\/\/www.perfecteaucomm.com\/actualites\/abiguili-la-nouvelle-collection-dalbums-dont-les-illustrations-dynamiques-et-les-textes-farfelus-stimuleront-limaginaire-des-tout-petits\/"},"author":{"name":"perfecteau","@id":"https:\/\/www.perfecteaucomm.com\/#\/schema\/person\/6e8531918d9cb8157ee1a5075d81d5c7"},"headline":"Abiguili: La nouvelle collection d\u2019albums dont les illustrations dynamiques et les textes farfelus stimuleront l\u2019imaginaire des tout-petits !","datePublished":"2025-02-06T16:04:33+00:00","dateModified":"2025-02-06T16:04:58+00:00","mainEntityOfPage":{"@id":"https:\/\/www.perfecteaucomm.com\/actualites\/abiguili-la-nouvelle-collection-dalbums-dont-les-illustrations-dynamiques-et-les-textes-farfelus-stimuleront-limaginaire-des-tout-petits\/"},"wordCount":21,"publisher":{"@id":"https:\/\/www.perfecteaucomm.com\/#organization"},"image":{"@id":"https:\/\/www.perfecteaucomm.com\/actualites\/abiguili-la-nouvelle-collection-dalbums-dont-les-illustrations-dynamiques-et-les-textes-farfelus-stimuleront-limaginaire-des-tout-petits\/#primaryimage"},"thumbnailUrl":"https:\/\/www.perfecteaucomm.com\/wp-content\/uploads\/2025\/02\/Com-Abiguili1-1_page-0001.jpg","keywords":["Didier Loubat","Marie-Sisi Labr\u00e8che","\u00c9ditions Michel Quintin"],"articleSection":["Actualit\u00e9s"],"inLanguage":"en-CA"},{"@type":"WebPage","@id":"https:\/\/www.perfecteaucomm.com\/actualites\/abiguili-la-nouvelle-collection-dalbums-dont-les-illustrations-dynamiques-et-les-textes-farfelus-stimuleront-limaginaire-des-tout-petits\/","url":"https:\/\/www.perfecteaucomm.com\/actualites\/abiguili-la-nouvelle-collection-dalbums-dont-les-illustrations-dynamiques-et-les-textes-farfelus-stimuleront-limaginaire-des-tout-petits\/","name":"Abiguili: La nouvelle collection d\u2019albums dont les illustrations dynamiques et les textes farfelus stimuleront l\u2019imaginaire des tout-petits !","isPartOf":{"@id":"https:\/\/www.perfecteaucomm.com\/#website"},"primaryImageOfPage":{"@id":"https:\/\/www.perfecteaucomm.com\/actualites\/abiguili-la-nouvelle-collection-dalbums-dont-les-illustrations-dynamiques-et-les-textes-farfelus-stimuleront-limaginaire-des-tout-petits\/#primaryimage"},"image":{"@id":"https:\/\/www.perfecteaucomm.com\/actualites\/abiguili-la-nouvelle-collection-dalbums-dont-les-illustrations-dynamiques-et-les-textes-farfelus-stimuleront-limaginaire-des-tout-petits\/#primaryimage"},"thumbnailUrl":"https:\/\/www.perfecteaucomm.com\/wp-content\/uploads\/2025\/02\/Com-Abiguili1-1_page-0001.jpg","datePublished":"2025-02-06T16:04:33+00:00","dateModified":"2025-02-06T16:04:58+00:00","breadcrumb":{"@id":"https:\/\/www.perfecteaucomm.com\/actualites\/abiguili-la-nouvelle-collection-dalbums-dont-les-illustrations-dynamiques-et-les-textes-farfelus-stimuleront-limaginaire-des-tout-petits\/#breadcrumb"},"inLanguage":"en-CA","potentialAction":[{"@type":"ReadAction","target":["https:\/\/www.perfecteaucomm.com\/actualites\/abiguili-la-nouvelle-collection-dalbums-dont-les-illustrations-dynamiques-et-les-textes-farfelus-stimuleront-limaginaire-des-tout-petits\/"]}]},{"@type":"ImageObject","inLanguage":"en-CA","@id":"https:\/\/www.perfecteaucomm.com\/actualites\/abiguili-la-nouvelle-collection-dalbums-dont-les-illustrations-dynamiques-et-les-textes-farfelus-stimuleront-limaginaire-des-tout-petits\/#primaryimage","url":"https:\/\/www.perfecteaucomm.com\/wp-content\/uploads\/2025\/02\/Com-Abiguili1-1_page-0001.jpg","contentUrl":"https:\/\/www.perfecteaucomm.com\/wp-content\/uploads\/2025\/02\/Com-Abiguili1-1_page-0001.jpg","width":1275,"height":1650},{"@type":"BreadcrumbList","@id":"https:\/\/www.perfecteaucomm.com\/actualites\/abiguili-la-nouvelle-collection-dalbums-dont-les-illustrations-dynamiques-et-les-textes-farfelus-stimuleront-limaginaire-des-tout-petits\/#breadcrumb","itemListElement":[{"@type":"ListItem","position":1,"name":"Accueil","item":"https:\/\/www.perfecteaucomm.com\/"},{"@type":"ListItem","position":2,"name":"Abiguili: La nouvelle collection d\u2019albums dont les illustrations dynamiques et les textes farfelus stimuleront l\u2019imaginaire des tout-petits !"}]},{"@type":"WebSite","@id":"https:\/\/www.perfecteaucomm.com\/#website","url":"https:\/\/www.perfecteaucomm.com\/","name":"Perfecteau Comm","description":"Agence de relations de presse","publisher":{"@id":"https:\/\/www.perfecteaucomm.com\/#organization"},"potentialAction":[{"@type":"SearchAction","target":{"@type":"EntryPoint","urlTemplate":"https:\/\/www.perfecteaucomm.com\/?s={search_term_string}"},"query-input":{"@type":"PropertyValueSpecification","valueRequired":true,"valueName":"search_term_string"}}],"inLanguage":"en-CA"},{"@type":"Organization","@id":"https:\/\/www.perfecteaucomm.com\/#organization","name":"Perfecteau Comm","url":"https:\/\/www.perfecteaucomm.com\/","logo":{"@type":"ImageObject","inLanguage":"en-CA","@id":"https:\/\/www.perfecteaucomm.com\/#\/schema\/logo\/image\/","url":"https:\/\/www.perfecteaucomm.com\/wp-content\/uploads\/2023\/01\/logo_perfecteau_fichier_final-2.png","contentUrl":"https:\/\/www.perfecteaucomm.com\/wp-content\/uploads\/2023\/01\/logo_perfecteau_fichier_final-2.png","width":1600,"height":704,"caption":"Perfecteau Comm"},"image":{"@id":"https:\/\/www.perfecteaucomm.com\/#\/schema\/logo\/image\/"}},{"@type":"Person","@id":"https:\/\/www.perfecteaucomm.com\/#\/schema\/person\/6e8531918d9cb8157ee1a5075d81d5c7","name":"perfecteau","sameAs":["https:\/\/perfecteaucomm.la-complice.com"],"url":"https:\/\/www.perfecteaucomm.com\/en\/author\/perfecteau\/"}]}},"_links":{"self":[{"href":"https:\/\/www.perfecteaucomm.com\/en\/wp-json\/wp\/v2\/posts\/1428","targetHints":{"allow":["GET"]}}],"collection":[{"href":"https:\/\/www.perfecteaucomm.com\/en\/wp-json\/wp\/v2\/posts"}],"about":[{"href":"https:\/\/www.perfecteaucomm.com\/en\/wp-json\/wp\/v2\/types\/post"}],"author":[{"embeddable":true,"href":"https:\/\/www.perfecteaucomm.com\/en\/wp-json\/wp\/v2\/users\/1"}],"replies":[{"embeddable":true,"href":"https:\/\/www.perfecteaucomm.com\/en\/wp-json\/wp\/v2\/comments?post=1428"}],"version-history":[{"count":1,"href":"https:\/\/www.perfecteaucomm.com\/en\/wp-json\/wp\/v2\/posts\/1428\/revisions"}],"predecessor-version":[{"id":1430,"href":"https:\/\/www.perfecteaucomm.com\/en\/wp-json\/wp\/v2\/posts\/1428\/revisions\/1430"}],"wp:featuredmedia":[{"embeddable":true,"href":"https:\/\/www.perfecteaucomm.com\/en\/wp-json\/wp\/v2\/media\/1429"}],"wp:attachment":[{"href":"https:\/\/www.perfecteaucomm.com\/en\/wp-json\/wp\/v2\/media?parent=1428"}],"wp:term":[{"taxonomy":"category","embeddable":true,"href":"https:\/\/www.perfecteaucomm.com\/en\/wp-json\/wp\/v2\/categories?post=1428"},{"taxonomy":"post_tag","embeddable":true,"href":"https:\/\/www.perfecteaucomm.com\/en\/wp-json\/wp\/v2\/tags?post=1428"}],"curies":[{"name":"wp","href":"https:\/\/api.w.org\/{rel}","templated":true}]}}