{"id":1278,"date":"2024-08-23T14:25:46","date_gmt":"2024-08-23T18:25:46","guid":{"rendered":"https:\/\/www.perfecteaucomm.com\/?p=1278"},"modified":"2024-08-23T14:26:26","modified_gmt":"2024-08-23T18:26:26","slug":"spike-lee-president-dhonneur-du-20e-festival-international-du-film-black-de-montreal","status":"publish","type":"post","link":"https:\/\/www.perfecteaucomm.com\/en\/non-classifiee\/spike-lee-president-dhonneur-du-20e-festival-international-du-film-black-de-montreal\/","title":{"rendered":"Spike Lee : Pr\u00e9sident d&#8217;honneur du 20e Festival International du Film Black de Montr\u00e9al"},"content":{"rendered":"\n<figure class=\"wp-block-image size-large is-resized\"><img loading=\"lazy\" decoding=\"async\" width=\"1024\" height=\"576\" src=\"https:\/\/www.perfecteaucomm.com\/wp-content\/uploads\/2024\/08\/BIG-SCREEN-FIBFM24-SPIKE-LEE_FR_V2-1024x576.png\" alt=\"\" class=\"wp-image-1279\" style=\"width:779px;height:auto\" srcset=\"https:\/\/www.perfecteaucomm.com\/wp-content\/uploads\/2024\/08\/BIG-SCREEN-FIBFM24-SPIKE-LEE_FR_V2-1024x576.png 1024w, https:\/\/www.perfecteaucomm.com\/wp-content\/uploads\/2024\/08\/BIG-SCREEN-FIBFM24-SPIKE-LEE_FR_V2-300x169.png 300w, https:\/\/www.perfecteaucomm.com\/wp-content\/uploads\/2024\/08\/BIG-SCREEN-FIBFM24-SPIKE-LEE_FR_V2-768x432.png 768w, https:\/\/www.perfecteaucomm.com\/wp-content\/uploads\/2024\/08\/BIG-SCREEN-FIBFM24-SPIKE-LEE_FR_V2-1536x864.png 1536w, https:\/\/www.perfecteaucomm.com\/wp-content\/uploads\/2024\/08\/BIG-SCREEN-FIBFM24-SPIKE-LEE_FR_V2-2048x1152.png 2048w\" sizes=\"auto, (max-width: 1024px) 100vw, 1024px\" \/><\/figure>\n\n\n\n<figure class=\"wp-block-table\"><table class=\"has-fixed-layout\"><tbody><tr><td><strong>SPIKE LEE : Pr\u00e9sident d\u2019honneur du 20e Festival International du Film Black de Montr\u00e9al<\/strong>&nbsp;<strong>&nbsp;<\/strong><\/td><\/tr><\/tbody><\/table><\/figure>\n\n\n\n<figure class=\"wp-block-table\"><table class=\"has-fixed-layout\"><tbody><tr><td>+&nbsp;<strong>Ouvre le Festival avec une conf\u00e9rence intime<\/strong><\/td><\/tr><\/tbody><\/table><\/figure>\n\n\n\n<figure class=\"wp-block-table\"><table class=\"has-fixed-layout\"><tbody><tr><td><\/td><\/tr><\/tbody><\/table><\/figure>\n\n\n\n<figure class=\"wp-block-table\"><table class=\"has-fixed-layout\"><tbody><tr><td><strong>Le 25 septembre 2024 &#8211; 19h30 \u00e0 l\u2019Olympia<\/strong><\/td><\/tr><\/tbody><\/table><\/figure>\n\n\n\n<figure class=\"wp-block-table\"><table class=\"has-fixed-layout\"><tbody><tr><td><a href=\"https:\/\/suivi.lnk01.com\/c\/443\/d016e06c9d5158738628c9dab230c78b15161272325ff9feb849cbca3fd00f27ca5f1aa49e5edb96\"><strong>Billets disponibles sur MontrealBlackFilm.com<\/strong><\/a><\/td><\/tr><\/tbody><\/table><\/figure>\n\n\n\n<figure class=\"wp-block-table\"><table class=\"has-fixed-layout\"><tbody><tr><td>Montr\u00e9al, le 23 ao\u00fbt 2024 \u2013 Le F<strong>estival International du Film Black de Montr\u00e9al<\/strong>&nbsp;(FIFBM) est honor\u00e9 et ravi d&#8217;annoncer que&nbsp;<strong>SPIKE LEE<\/strong>, cin\u00e9aste et producteur laur\u00e9at d&#8217;un Oscar, est le&nbsp;<strong>pr\u00e9sident d&#8217;honneur&nbsp;<\/strong>de sa 20e \u00e9dition. Cr\u00e9\u00e9 par la Fondation Fabienne Colas, le 20e Festival International du Film Black de Montr\u00e9al se d\u00e9roulera du&nbsp;<strong>25 au 29 septembre 2024<\/strong>, en pr\u00e9sentiel et en ligne.Co\u00efncidant avec le 35e anniversaire de la sortie de&nbsp;<em>Do the Right Thing<\/em>&nbsp;et c\u00e9l\u00e9brant sa carri\u00e8re de 45 ans, le Festival International du Film Black de Montr\u00e9al pr\u00e9sentera une&nbsp;<strong>conversation intime avec Spike Lee<\/strong>&nbsp;lors de son Gala d&#8217;ouverture, le&nbsp;<strong>25 septembre 2024 \u00e0 19h30<\/strong>&nbsp;\u00e0&nbsp;<strong>l\u2019Olympia<\/strong>. Anim\u00e9e par la fondatrice du Festival,&nbsp;<strong>Fabienne Colas<\/strong>, cette conversation suivra une r\u00e9trospective vid\u00e9o de la carri\u00e8re de Lee, mettant en lumi\u00e8re sa contribution exceptionnelle \u00e0 l&#8217;industrie cin\u00e9matographique ainsi que sa qu\u00eate constante de red\u00e9finir le r\u00f4le des talents noirs devant et derri\u00e8re la cam\u00e9ra.&nbsp;<strong>Les billets r\u00e9guliers et VIP<\/strong>&nbsp;sont maintenant disponibles sur le&nbsp;<a href=\"https:\/\/suivi.lnk01.com\/c\/443\/d016e06c9d5158738628c9dab230c78b15161272325ff9fed911b44e67f36a60ca5f1aa49e5edb96\"><strong>site web du Festival<\/strong><\/a><strong>.<\/strong><\/td><\/tr><\/tbody><\/table><\/figure>\n\n\n\n<figure class=\"wp-block-table\"><table class=\"has-fixed-layout\"><tbody><tr><td><strong>Spike Lee<\/strong>&nbsp;a consid\u00e9rablement fa\u00e7onn\u00e9 l&#8217;avenir du cin\u00e9ma en repoussant les limites de l&#8217;innovation, en explorant divers genres et formes, et en abordant des sujets qui font r\u00e9fl\u00e9chir et qui remettent en question le statu quo. Il a transform\u00e9 le paysage du cin\u00e9ma ind\u00e9pendant et red\u00e9fini le r\u00f4le des talents noirs dans l&#8217;industrie cin\u00e9matographique. Ses films sont des commentaires sociopolitiques audacieux qui remettent en question les postulats culturels, en abordant non seulement la question de la race, mais aussi celles des classes sociales et de l&#8217;identit\u00e9 de genre.\u00ab Accueillir le l\u00e9gendaire&nbsp;<strong>Spike Lee&nbsp;<\/strong>pour la 4e fois au Festival Intl du Film Black de Montr\u00e9al et comme Pr\u00e9sident d&#8217;honneur de la 20e \u00e9dition cette ann\u00e9e est un v\u00e9ritable privil\u00e8ge et un \u00e9norme coup de ma\u00eetre pour le Festival et pour Montr\u00e9al ! Nous esp\u00e9rons aider la prochaine g\u00e9n\u00e9ration de cin\u00e9astes \u00e0 repousser les limites et \u00e0 faire entendre leur voix pour tout ce en quoi ils croient : osez \u00eatre vous-m\u00eames et faites ce que vous avez \u00e0 faire ! Son engagement envers le cin\u00e9ma ind\u00e9pendant, sa force, sa d\u00e9termination et son activisme en faveur de la justice sociale et d\u2019une v\u00e9ritable inclusion dans l&#8217;industrie cin\u00e9matographique font vraiment la diff\u00e9rence dans un monde qui, trop souvent, cherche \u00e0 nous faire taire. Nous avons h\u00e2te qu&#8217;il partage avec nous ses perspectives uniques, son exp\u00e9rience et son expertise \u00bb, d\u00e9clare&nbsp;<strong>Fabienne Colas<\/strong>, pr\u00e9sidente et fondatrice du FIFBM.<strong>Le soutien de longue date de Spike Lee au Festival International du Film Black de Montr\u00e9al&nbsp;<\/strong>C&#8217;est la&nbsp;<strong>quatri\u00e8me participation<\/strong>&nbsp;du cin\u00e9aste embl\u00e9matique&nbsp;<strong>Spike Lee<\/strong>&nbsp;au Festival International du Film Black de Montr\u00e9al. Il a re\u00e7u le tout premier Prix Pr\u00e9curseur du&nbsp;<em>FIFBM&nbsp;<\/em>en 2014, o\u00f9 il a pr\u00e9sent\u00e9&nbsp;<em>Da Sweet Blood of Jesus<\/em>&nbsp;en avant-premi\u00e8re internationale. En 2016, il a pr\u00e9sent\u00e9 le film&nbsp;<em>Michael Jackson from Motown to Off the Wall<\/em>&nbsp;suivi d&#8217;une session de questions-r\u00e9ponses. En 2018, le festival a accueilli une conversation intime avec Spike Lee. En 2020, Spike Lee a re\u00e7u le prix Hommage pour l&#8217;ensemble de sa carri\u00e8re au Toronto Black Film Festival \u2013 \u00e9galement cr\u00e9\u00e9 par la Fondation Fabienne Colas \u2013 o\u00f9 il a \u00e9galement projet\u00e9 une version restaur\u00e9e de son film&nbsp;<em>Bamboozled<\/em>.<strong>R\u00e9volutionner le cin\u00e9ma<\/strong><strong>Spike Lee,&nbsp;<\/strong>\u00e9galement le premier pr\u00e9sident noir du jury du Festival de Cannes, est l&#8217;une des figures les plus influentes du cin\u00e9ma contemporain, ayant r\u00e9imagin\u00e9 la place des talents noirs \u00e0 Hollywood. En brisant des d\u00e9cennies de st\u00e9r\u00e9otypes et de repr\u00e9sentations marginalis\u00e9es, il a cr\u00e9\u00e9 une plateforme permettant aux voix afro-am\u00e9ricaines de r\u00e9sonner puissamment dans l&#8217;industrie. Parmi ses \u0153uvres acclam\u00e9es par la critique, on compte&nbsp;<em>Do the Right Thing<\/em>,&nbsp;<em>Mo&#8217; Better Blues<\/em>,&nbsp;<em>Malcolm X<\/em>,&nbsp;<em>Inside Man<\/em>, et&nbsp;<em>Da 5 Bloods<\/em>. Il a \u00e9galement produit plusieurs documentaires multi-r\u00e9compens\u00e9s, dont&nbsp;<em>4 Little Girls<\/em>,&nbsp;<em>When the Levees Broke: A Requiem in Four Acts<\/em>, et&nbsp;<em>If God\u2019s Willing and da Creek Don\u2019t Rise<\/em>. Son premier film,&nbsp;<em>She\u2019s Gotta Have It<\/em>, lui a valu le Prix de la Jeunesse au Festival de Cannes en 1986, tandis que&nbsp;<em>BlacKkKlansman<\/em>&nbsp;(2018) a \u00e9t\u00e9 honor\u00e9 d&#8217;un Oscar ainsi que du prestigieux Grand Prix du Jury \u00e0 Cannes, bouclant ainsi la boucle de sa carri\u00e8re. En 2021, il a r\u00e9alis\u00e9 la s\u00e9rie documentaire en quatre parties NYC Epicenters 9\/11-2021\u00bd, produite par HBO Original.<\/td><\/tr><\/tbody><\/table><\/figure>\n\n\n\n<figure class=\"wp-block-table\"><table class=\"has-fixed-layout\"><tbody><tr><td><strong>Remettre en question l\u2019exp\u00e9rience am\u00e9ricaine<\/strong>\u00c0 travers&nbsp;<em>Spikes Joint<\/em>&nbsp;et&nbsp;<em>40 Acres and a Mule Filmworks<\/em>, Spike Lee a produit plus de 100 films, s\u00e9ries t\u00e9l\u00e9vis\u00e9es, documentaires et clips musicaux depuis les ann\u00e9es 80, offrant des perspectives provocantes sur l&#8217;exp\u00e9rience am\u00e9ricaine. Son travail met constamment en lumi\u00e8re et confronte la fracture raciale aux \u00c9tats-Unis, utilisant le cin\u00e9ma pour r\u00e9v\u00e9ler les points de douleur de la soci\u00e9t\u00e9 et encourager le dialogue pour la gu\u00e9rison. En tant que fervent d\u00e9fenseur de la diversit\u00e9 \u00e0 l&#8217;\u00e9cran et en coulisses, \u00e0 Hollywood et dans la culture populaire en g\u00e9n\u00e9ral, Spike Lee utilise son talent de conteur pour d\u00e9fier les st\u00e9r\u00e9otypes culturels, lutter contre le symbolisme tok\u00e9niste, et toucher les publics de mani\u00e8re profond\u00e9ment personnelle, quel que soit leur parcours.<strong>L&#8217;art et le m\u00e9tier de conteur<\/strong>La carri\u00e8re de Spike Lee t\u00e9moigne de sa capacit\u00e9 \u00e0 allier habilement commerce et art. Son \u0153uvre cr\u00e9ative s&#8217;\u00e9tend \u00e0 de nombreux m\u00e9dias, notamment les livres, les films, les documentaires, les jeux vid\u00e9o, les clips musicaux et la publicit\u00e9 \u2013 il est \u00e9galement le fondateur de l&#8217;agence de cr\u00e9ation Spike DDB. Les fans peuvent acheter une gamme de produits d\u00e9riv\u00e9s de ses films embl\u00e9matiques. Notre objectif au Festival International du Film Black de Montr\u00e9al est de d\u00e9passer la simple \u00ab sensibilisation \u00bb en prenant des \u00ab actions \u00bb concr\u00e8tes pour favoriser l&#8217;inclusion de la diversit\u00e9 devant et derri\u00e8re la cam\u00e9ra. C&#8217;est donc avec beaucoup de fiert\u00e9 et d&#8217;enthousiasme que nous annon\u00e7ons que le r\u00e9alisateur, producteur, acteur et auteur de renomm\u00e9e internationale&nbsp;<strong>Spike Lee<\/strong>&nbsp;pr\u00e9sentera une conf\u00e9rence intime lors du Gala d&#8217;ouverture de la 20e \u00e9dition du Festival International du Film Black de Montr\u00e9al (le 25 septembre 2024). La 20e \u00e9dition du Festival International du Film Black de Montr\u00e9al, cr\u00e9\u00e9 par la<strong>&nbsp;Fondation Fabienne Colas,&nbsp;<\/strong>se d\u00e9roulera du<strong>&nbsp;25 au 29 septembre 2024 \u2013 en pr\u00e9sentiel et en ligne.<\/strong><\/td><\/tr><\/tbody><\/table><\/figure>\n\n\n\n<figure class=\"wp-block-table\"><table class=\"has-fixed-layout\"><tbody><tr><td><strong>Soyons connect\u00e9s!&nbsp; #FIFBM24<\/strong><a href=\"https:\/\/suivi.lnk01.com\/c\/443\/d016e06c9d5158738628c9dab230c78b15161272325ff9fea8420a89d1f8ab55ca5f1aa49e5edb96\"><strong>Facebook<\/strong><\/a><strong>|<\/strong><a href=\"https:\/\/suivi.lnk01.com\/c\/443\/d016e06c9d5158738628c9dab230c78b15161272325ff9fe7d156f95b807004fca5f1aa49e5edb96\"><strong>&nbsp;<\/strong><\/a><a href=\"https:\/\/suivi.lnk01.com\/c\/443\/d016e06c9d5158738628c9dab230c78b15161272325ff9fe7d156f95b807004fca5f1aa49e5edb96\"><strong>Twitter<\/strong><\/a><strong>&nbsp;|<\/strong><a href=\"https:\/\/suivi.lnk01.com\/c\/443\/d016e06c9d5158738628c9dab230c78b15161272325ff9fe50c35aa1dc28116aca5f1aa49e5edb96\"><strong>&nbsp;<\/strong><\/a><a href=\"https:\/\/suivi.lnk01.com\/c\/443\/d016e06c9d5158738628c9dab230c78b15161272325ff9fe50c35aa1dc28116aca5f1aa49e5edb96\"><strong>Instagram<\/strong><\/a><\/td><\/tr><\/tbody><\/table><\/figure>\n\n\n\n<figure class=\"wp-block-table\"><table class=\"has-fixed-layout\"><tbody><tr><td><strong>\u00c0 propos du Festival International du Film Black de Montr\u00e9al<\/strong>Cr\u00e9\u00e9 en 2005 par la Fondation Fabienne Colas, le Festival International du Film Black de Montr\u00e9al est aujourd&#8217;hui le plus grand festival canadien de cin\u00e9ma enti\u00e8rement d\u00e9di\u00e9 aux r\u00e9alit\u00e9s noires des quatre coins du monde. Il vise \u00e0 offrir au public les plus belles et les plus \u00e9tonnantes d\u00e9couvertes du cin\u00e9ma black tout en offrant un forum de discussion sur les grands enjeux culturels, sociaux et socio-\u00e9conomiques. Le FIFBM a pour mission de favoriser le d\u00e9veloppement de l&#8217;industrie du cin\u00e9ma ind\u00e9pendant et de pr\u00e9senter davantage de films sur les r\u00e9alit\u00e9s des Afro-descendants dans le monde entier. Il vise \u00e0 promouvoir un cin\u00e9ma diff\u00e9rent, un cin\u00e9ma qui vient d&#8217;ici ou d&#8217;ailleurs et qui n&#8217;est pas n\u00e9cessairement sous les feux de la rampe. Un cin\u00e9ma qui \u00e9meut, inspire, suscite la r\u00e9flexion et remet en question les perceptions. Ce festival est une plateforme pour des films qui abordent des questions importantes, suscitent des \u00e9motions fortes et offrent des perspectives nouvelles sur le cin\u00e9ma black du monde entier. Qu&#8217;il vous laisse souriant, perplexe ou choqu\u00e9, chaque film promet d&#8217;offrir quelque chose d&#8217;inattendu et ayant un impact. Pour plus d&#8217;informations, visitez le site&nbsp;<a href=\"https:\/\/suivi.lnk01.com\/c\/443\/d016e06c9d5158738628c9dab230c78b15161272325ff9fed911b44e67f36a60ca5f1aa49e5edb96\">www.montrealblackfilm.com<\/a>.<strong>\u00c0 propos de la Fondation Fabienne Colas<\/strong><a href=\"https:\/\/suivi.lnk01.com\/c\/443\/d016e06c9d5158738628c9dab230c78b15161272325ff9fefdd983d354a4b509ca5f1aa49e5edb96\"><strong>La Fondation Fabienne Colas<\/strong><\/a>&nbsp;est la plus importante organisation culturelle noire au Canada. Cr\u00e9\u00e9e en 2005, la FFC est une organisation artistique \u00e0 but non lucratif qui se consacre \u00e0 la promotion de la diversit\u00e9 et de l&#8217;inclusion dans le cin\u00e9ma, l&#8217;art et la culture au Canada et \u00e0 l&#8217;\u00e9tranger. Outre Zaza production, la Fondation Fabienne Colas est \u00e9galement \u00e0 l&#8217;origine de&nbsp;<a href=\"https:\/\/suivi.lnk01.com\/c\/443\/d016e06c9d5158738628c9dab230c78b15161272325ff9fed6c726669578e191ca5f1aa49e5edb96\"><strong>l\u2019Institut Festwave<\/strong><\/a><strong>&nbsp;<\/strong>et de&nbsp;<a href=\"https:\/\/suivi.lnk01.com\/c\/443\/d016e06c9d5158738628c9dab230c78b15161272325ff9fe0279b3e8a4231115ca5f1aa49e5edb96\"><strong>12 festivals<\/strong><\/a>, dont le tr\u00e8s populaire Festival International du Film Black de Montr\u00e9al, le tr\u00e8s populaire Festival du Film Black de Toronto, le Festival du Film Black de Halifax, ainsi que plusieurs autres festivals couronn\u00e9s de succ\u00e8s au Canada, aux \u00c9tats-Unis, en Ha\u00efti et au Br\u00e9sil. Ces initiatives\/festivals ont permis de pr\u00e9senter et de soutenir plus de&nbsp;<strong>5 000 artistes<\/strong>&nbsp;et ont attir\u00e9 plus de<strong>&nbsp;2 millions de festivaliers<\/strong>. La Fondation est \u00e9galement \u00e0 l&#8217;origine du programme&nbsp;<a href=\"https:\/\/suivi.lnk01.com\/c\/443\/d016e06c9d5158738628c9dab230c78b15161272325ff9feb257e551fc6df8adca5f1aa49e5edb96\"><strong>\u00catre Noir.e au Canada de la FFC<\/strong><\/a>, le plus grand incubateur du Canada d\u00e9di\u00e9 aux cin\u00e9astes noirs.<strong>Source : Festival International du Film Black de Montr\u00e9al<\/strong>www.MontrealBlackFilm.com #FIFBM24<\/td><\/tr><\/tbody><\/table><\/figure>\n\n\n\n<figure class=\"wp-block-gallery has-nested-images columns-default is-cropped wp-block-gallery-1 is-layout-flex wp-block-gallery-is-layout-flex\"><\/figure>\n","protected":false},"excerpt":{"rendered":"<p>SPIKE LEE : Pr\u00e9sident d\u2019honneur du 20e Festival International du Film Black de Montr\u00e9al&nbsp;&nbsp; +&nbsp;Ouvre le Festival avec une conf\u00e9rence intime Le 25 septembre 2024 &#8211; 19h30 \u00e0 l\u2019Olympia Billets disponibles sur MontrealBlackFilm.com Montr\u00e9al, le 23 ao\u00fbt 2024 \u2013 Le Festival International du Film Black de Montr\u00e9al&nbsp;(FIFBM) est honor\u00e9 et ravi d&#8217;annoncer que&nbsp;SPIKE LEE, cin\u00e9aste et producteur laur\u00e9at d&#8217;un Oscar, est le&nbsp;pr\u00e9sident d&#8217;honneur&nbsp;de sa 20e \u00e9dition. Cr\u00e9\u00e9 par la Fondation Fabienne Colas, le 20e Festival International du Film Black de Montr\u00e9al se d\u00e9roulera du&nbsp;25 au 29 septembre 2024, en pr\u00e9sentiel et en ligne.Co\u00efncidant avec le 35e anniversaire de la sortie<\/p>\n","protected":false},"author":1,"featured_media":1279,"comment_status":"closed","ping_status":"closed","sticky":false,"template":"","format":"standard","meta":{"footnotes":""},"categories":[1],"tags":[],"class_list":["post-1278","post","type-post","status-publish","format-standard","has-post-thumbnail","hentry","category-non-classifiee"],"yoast_head":"<!-- This site is optimized with the Yoast SEO plugin v25.5 - https:\/\/yoast.com\/wordpress\/plugins\/seo\/ -->\n<title>Spike Lee : Pr\u00e9sident d&#039;honneur du 20e Festival International du Film Black de Montr\u00e9al - Perfecteau Comm<\/title>\n<meta name=\"robots\" content=\"index, follow, max-snippet:-1, max-image-preview:large, max-video-preview:-1\" \/>\n<link rel=\"canonical\" href=\"https:\/\/www.perfecteaucomm.com\/en\/uncategorized\/spike-lee-president-dhonneur-du-20e-festival-international-du-film-black-de-montreal\/\" \/>\n<meta property=\"og:locale\" content=\"en_US\" \/>\n<meta property=\"og:locale:alternate\" content=\"fr_CA\" \/>\n<meta property=\"og:type\" content=\"article\" \/>\n<meta property=\"og:title\" content=\"Spike Lee : Pr\u00e9sident d&#039;honneur du 20e Festival International du Film Black de Montr\u00e9al - Perfecteau Comm\" \/>\n<meta property=\"og:description\" content=\"SPIKE LEE : Pr\u00e9sident d\u2019honneur du 20e Festival International du Film Black de Montr\u00e9al&nbsp;&nbsp; +&nbsp;Ouvre le Festival avec une conf\u00e9rence intime Le 25 septembre 2024 &#8211; 19h30 \u00e0 l\u2019Olympia Billets disponibles sur MontrealBlackFilm.com Montr\u00e9al, le 23 ao\u00fbt 2024 \u2013 Le Festival International du Film Black de Montr\u00e9al&nbsp;(FIFBM) est honor\u00e9 et ravi d&#8217;annoncer que&nbsp;SPIKE LEE, cin\u00e9aste et producteur laur\u00e9at d&#8217;un Oscar, est le&nbsp;pr\u00e9sident d&#8217;honneur&nbsp;de sa 20e \u00e9dition. Cr\u00e9\u00e9 par la Fondation Fabienne Colas, le 20e Festival International du Film Black de Montr\u00e9al se d\u00e9roulera du&nbsp;25 au 29 septembre 2024, en pr\u00e9sentiel et en ligne.Co\u00efncidant avec le 35e anniversaire de la sortie\" \/>\n<meta property=\"og:url\" content=\"https:\/\/www.perfecteaucomm.com\/en\/non-classifiee\/spike-lee-president-dhonneur-du-20e-festival-international-du-film-black-de-montreal\/\" \/>\n<meta property=\"og:site_name\" content=\"Perfecteau Comm\" \/>\n<meta property=\"article:published_time\" content=\"2024-08-23T18:25:46+00:00\" \/>\n<meta property=\"article:modified_time\" content=\"2024-08-23T18:26:26+00:00\" \/>\n<meta property=\"og:image\" content=\"https:\/\/www.perfecteaucomm.com\/wp-content\/uploads\/2024\/08\/BIG-SCREEN-FIBFM24-SPIKE-LEE_FR_V2-1024x576.png\" \/>\n\t<meta property=\"og:image:width\" content=\"1024\" \/>\n\t<meta property=\"og:image:height\" content=\"576\" \/>\n\t<meta property=\"og:image:type\" content=\"image\/png\" \/>\n<meta name=\"author\" content=\"perfecteau\" \/>\n<meta name=\"twitter:card\" content=\"summary_large_image\" \/>\n<meta name=\"twitter:label1\" content=\"Written by\" \/>\n\t<meta name=\"twitter:data1\" content=\"perfecteau\" \/>\n\t<meta name=\"twitter:label2\" content=\"Est. reading time\" \/>\n\t<meta name=\"twitter:data2\" content=\"8 minutes\" \/>\n<script type=\"application\/ld+json\" class=\"yoast-schema-graph\">{\"@context\":\"https:\/\/schema.org\",\"@graph\":[{\"@type\":\"Article\",\"@id\":\"https:\/\/www.perfecteaucomm.com\/uncategorized\/spike-lee-president-dhonneur-du-20e-festival-international-du-film-black-de-montreal\/#article\",\"isPartOf\":{\"@id\":\"https:\/\/www.perfecteaucomm.com\/uncategorized\/spike-lee-president-dhonneur-du-20e-festival-international-du-film-black-de-montreal\/\"},\"author\":{\"name\":\"perfecteau\",\"@id\":\"https:\/\/www.perfecteaucomm.com\/#\/schema\/person\/6e8531918d9cb8157ee1a5075d81d5c7\"},\"headline\":\"Spike Lee : Pr\u00e9sident d&#8217;honneur du 20e Festival International du Film Black de Montr\u00e9al\",\"datePublished\":\"2024-08-23T18:25:46+00:00\",\"dateModified\":\"2024-08-23T18:26:26+00:00\",\"mainEntityOfPage\":{\"@id\":\"https:\/\/www.perfecteaucomm.com\/uncategorized\/spike-lee-president-dhonneur-du-20e-festival-international-du-film-black-de-montreal\/\"},\"wordCount\":1645,\"publisher\":{\"@id\":\"https:\/\/www.perfecteaucomm.com\/#organization\"},\"image\":{\"@id\":\"https:\/\/www.perfecteaucomm.com\/uncategorized\/spike-lee-president-dhonneur-du-20e-festival-international-du-film-black-de-montreal\/#primaryimage\"},\"thumbnailUrl\":\"https:\/\/www.perfecteaucomm.com\/wp-content\/uploads\/2024\/08\/BIG-SCREEN-FIBFM24-SPIKE-LEE_FR_V2.png\",\"articleSection\":[\"Non classifi\u00e9(e)\"],\"inLanguage\":\"en-CA\"},{\"@type\":\"WebPage\",\"@id\":\"https:\/\/www.perfecteaucomm.com\/uncategorized\/spike-lee-president-dhonneur-du-20e-festival-international-du-film-black-de-montreal\/\",\"url\":\"https:\/\/www.perfecteaucomm.com\/uncategorized\/spike-lee-president-dhonneur-du-20e-festival-international-du-film-black-de-montreal\/\",\"name\":\"Spike Lee : Pr\u00e9sident d'honneur du 20e Festival International du Film Black de Montr\u00e9al - Perfecteau Comm\",\"isPartOf\":{\"@id\":\"https:\/\/www.perfecteaucomm.com\/#website\"},\"primaryImageOfPage\":{\"@id\":\"https:\/\/www.perfecteaucomm.com\/uncategorized\/spike-lee-president-dhonneur-du-20e-festival-international-du-film-black-de-montreal\/#primaryimage\"},\"image\":{\"@id\":\"https:\/\/www.perfecteaucomm.com\/uncategorized\/spike-lee-president-dhonneur-du-20e-festival-international-du-film-black-de-montreal\/#primaryimage\"},\"thumbnailUrl\":\"https:\/\/www.perfecteaucomm.com\/wp-content\/uploads\/2024\/08\/BIG-SCREEN-FIBFM24-SPIKE-LEE_FR_V2.png\",\"datePublished\":\"2024-08-23T18:25:46+00:00\",\"dateModified\":\"2024-08-23T18:26:26+00:00\",\"breadcrumb\":{\"@id\":\"https:\/\/www.perfecteaucomm.com\/uncategorized\/spike-lee-president-dhonneur-du-20e-festival-international-du-film-black-de-montreal\/#breadcrumb\"},\"inLanguage\":\"en-CA\",\"potentialAction\":[{\"@type\":\"ReadAction\",\"target\":[\"https:\/\/www.perfecteaucomm.com\/uncategorized\/spike-lee-president-dhonneur-du-20e-festival-international-du-film-black-de-montreal\/\"]}]},{\"@type\":\"ImageObject\",\"inLanguage\":\"en-CA\",\"@id\":\"https:\/\/www.perfecteaucomm.com\/uncategorized\/spike-lee-president-dhonneur-du-20e-festival-international-du-film-black-de-montreal\/#primaryimage\",\"url\":\"https:\/\/www.perfecteaucomm.com\/wp-content\/uploads\/2024\/08\/BIG-SCREEN-FIBFM24-SPIKE-LEE_FR_V2.png\",\"contentUrl\":\"https:\/\/www.perfecteaucomm.com\/wp-content\/uploads\/2024\/08\/BIG-SCREEN-FIBFM24-SPIKE-LEE_FR_V2.png\",\"width\":3840,\"height\":2160},{\"@type\":\"BreadcrumbList\",\"@id\":\"https:\/\/www.perfecteaucomm.com\/uncategorized\/spike-lee-president-dhonneur-du-20e-festival-international-du-film-black-de-montreal\/#breadcrumb\",\"itemListElement\":[{\"@type\":\"ListItem\",\"position\":1,\"name\":\"Accueil\",\"item\":\"https:\/\/www.perfecteaucomm.com\/\"},{\"@type\":\"ListItem\",\"position\":2,\"name\":\"Spike Lee : Pr\u00e9sident d&rsquo;honneur du 20e Festival International du Film Black de Montr\u00e9al\"}]},{\"@type\":\"WebSite\",\"@id\":\"https:\/\/www.perfecteaucomm.com\/#website\",\"url\":\"https:\/\/www.perfecteaucomm.com\/\",\"name\":\"Perfecteau Comm\",\"description\":\"Agence de relations de presse\",\"publisher\":{\"@id\":\"https:\/\/www.perfecteaucomm.com\/#organization\"},\"potentialAction\":[{\"@type\":\"SearchAction\",\"target\":{\"@type\":\"EntryPoint\",\"urlTemplate\":\"https:\/\/www.perfecteaucomm.com\/?s={search_term_string}\"},\"query-input\":{\"@type\":\"PropertyValueSpecification\",\"valueRequired\":true,\"valueName\":\"search_term_string\"}}],\"inLanguage\":\"en-CA\"},{\"@type\":\"Organization\",\"@id\":\"https:\/\/www.perfecteaucomm.com\/#organization\",\"name\":\"Perfecteau Comm\",\"url\":\"https:\/\/www.perfecteaucomm.com\/\",\"logo\":{\"@type\":\"ImageObject\",\"inLanguage\":\"en-CA\",\"@id\":\"https:\/\/www.perfecteaucomm.com\/#\/schema\/logo\/image\/\",\"url\":\"https:\/\/www.perfecteaucomm.com\/wp-content\/uploads\/2023\/01\/logo_perfecteau_fichier_final-2.png\",\"contentUrl\":\"https:\/\/www.perfecteaucomm.com\/wp-content\/uploads\/2023\/01\/logo_perfecteau_fichier_final-2.png\",\"width\":1600,\"height\":704,\"caption\":\"Perfecteau Comm\"},\"image\":{\"@id\":\"https:\/\/www.perfecteaucomm.com\/#\/schema\/logo\/image\/\"}},{\"@type\":\"Person\",\"@id\":\"https:\/\/www.perfecteaucomm.com\/#\/schema\/person\/6e8531918d9cb8157ee1a5075d81d5c7\",\"name\":\"perfecteau\",\"sameAs\":[\"https:\/\/perfecteaucomm.la-complice.com\"],\"url\":\"https:\/\/www.perfecteaucomm.com\/en\/author\/perfecteau\/\"}]}<\/script>\n<!-- \/ Yoast SEO plugin. -->","yoast_head_json":{"title":"Spike Lee : Pr\u00e9sident d'honneur du 20e Festival International du Film Black de Montr\u00e9al - Perfecteau Comm","robots":{"index":"index","follow":"follow","max-snippet":"max-snippet:-1","max-image-preview":"max-image-preview:large","max-video-preview":"max-video-preview:-1"},"canonical":"https:\/\/www.perfecteaucomm.com\/en\/uncategorized\/spike-lee-president-dhonneur-du-20e-festival-international-du-film-black-de-montreal\/","og_locale":"en_US","og_type":"article","og_title":"Spike Lee : Pr\u00e9sident d'honneur du 20e Festival International du Film Black de Montr\u00e9al - Perfecteau Comm","og_description":"SPIKE LEE : Pr\u00e9sident d\u2019honneur du 20e Festival International du Film Black de Montr\u00e9al&nbsp;&nbsp; +&nbsp;Ouvre le Festival avec une conf\u00e9rence intime Le 25 septembre 2024 &#8211; 19h30 \u00e0 l\u2019Olympia Billets disponibles sur MontrealBlackFilm.com Montr\u00e9al, le 23 ao\u00fbt 2024 \u2013 Le Festival International du Film Black de Montr\u00e9al&nbsp;(FIFBM) est honor\u00e9 et ravi d&#8217;annoncer que&nbsp;SPIKE LEE, cin\u00e9aste et producteur laur\u00e9at d&#8217;un Oscar, est le&nbsp;pr\u00e9sident d&#8217;honneur&nbsp;de sa 20e \u00e9dition. Cr\u00e9\u00e9 par la Fondation Fabienne Colas, le 20e Festival International du Film Black de Montr\u00e9al se d\u00e9roulera du&nbsp;25 au 29 septembre 2024, en pr\u00e9sentiel et en ligne.Co\u00efncidant avec le 35e anniversaire de la sortie","og_url":"https:\/\/www.perfecteaucomm.com\/en\/non-classifiee\/spike-lee-president-dhonneur-du-20e-festival-international-du-film-black-de-montreal\/","og_site_name":"Perfecteau Comm","article_published_time":"2024-08-23T18:25:46+00:00","article_modified_time":"2024-08-23T18:26:26+00:00","og_image":[{"width":1024,"height":576,"url":"https:\/\/www.perfecteaucomm.com\/wp-content\/uploads\/2024\/08\/BIG-SCREEN-FIBFM24-SPIKE-LEE_FR_V2-1024x576.png","type":"image\/png"}],"author":"perfecteau","twitter_card":"summary_large_image","twitter_misc":{"Written by":"perfecteau","Est. reading time":"8 minutes"},"schema":{"@context":"https:\/\/schema.org","@graph":[{"@type":"Article","@id":"https:\/\/www.perfecteaucomm.com\/uncategorized\/spike-lee-president-dhonneur-du-20e-festival-international-du-film-black-de-montreal\/#article","isPartOf":{"@id":"https:\/\/www.perfecteaucomm.com\/uncategorized\/spike-lee-president-dhonneur-du-20e-festival-international-du-film-black-de-montreal\/"},"author":{"name":"perfecteau","@id":"https:\/\/www.perfecteaucomm.com\/#\/schema\/person\/6e8531918d9cb8157ee1a5075d81d5c7"},"headline":"Spike Lee : Pr\u00e9sident d&#8217;honneur du 20e Festival International du Film Black de Montr\u00e9al","datePublished":"2024-08-23T18:25:46+00:00","dateModified":"2024-08-23T18:26:26+00:00","mainEntityOfPage":{"@id":"https:\/\/www.perfecteaucomm.com\/uncategorized\/spike-lee-president-dhonneur-du-20e-festival-international-du-film-black-de-montreal\/"},"wordCount":1645,"publisher":{"@id":"https:\/\/www.perfecteaucomm.com\/#organization"},"image":{"@id":"https:\/\/www.perfecteaucomm.com\/uncategorized\/spike-lee-president-dhonneur-du-20e-festival-international-du-film-black-de-montreal\/#primaryimage"},"thumbnailUrl":"https:\/\/www.perfecteaucomm.com\/wp-content\/uploads\/2024\/08\/BIG-SCREEN-FIBFM24-SPIKE-LEE_FR_V2.png","articleSection":["Non classifi\u00e9(e)"],"inLanguage":"en-CA"},{"@type":"WebPage","@id":"https:\/\/www.perfecteaucomm.com\/uncategorized\/spike-lee-president-dhonneur-du-20e-festival-international-du-film-black-de-montreal\/","url":"https:\/\/www.perfecteaucomm.com\/uncategorized\/spike-lee-president-dhonneur-du-20e-festival-international-du-film-black-de-montreal\/","name":"Spike Lee : Pr\u00e9sident d'honneur du 20e Festival International du Film Black de Montr\u00e9al - Perfecteau Comm","isPartOf":{"@id":"https:\/\/www.perfecteaucomm.com\/#website"},"primaryImageOfPage":{"@id":"https:\/\/www.perfecteaucomm.com\/uncategorized\/spike-lee-president-dhonneur-du-20e-festival-international-du-film-black-de-montreal\/#primaryimage"},"image":{"@id":"https:\/\/www.perfecteaucomm.com\/uncategorized\/spike-lee-president-dhonneur-du-20e-festival-international-du-film-black-de-montreal\/#primaryimage"},"thumbnailUrl":"https:\/\/www.perfecteaucomm.com\/wp-content\/uploads\/2024\/08\/BIG-SCREEN-FIBFM24-SPIKE-LEE_FR_V2.png","datePublished":"2024-08-23T18:25:46+00:00","dateModified":"2024-08-23T18:26:26+00:00","breadcrumb":{"@id":"https:\/\/www.perfecteaucomm.com\/uncategorized\/spike-lee-president-dhonneur-du-20e-festival-international-du-film-black-de-montreal\/#breadcrumb"},"inLanguage":"en-CA","potentialAction":[{"@type":"ReadAction","target":["https:\/\/www.perfecteaucomm.com\/uncategorized\/spike-lee-president-dhonneur-du-20e-festival-international-du-film-black-de-montreal\/"]}]},{"@type":"ImageObject","inLanguage":"en-CA","@id":"https:\/\/www.perfecteaucomm.com\/uncategorized\/spike-lee-president-dhonneur-du-20e-festival-international-du-film-black-de-montreal\/#primaryimage","url":"https:\/\/www.perfecteaucomm.com\/wp-content\/uploads\/2024\/08\/BIG-SCREEN-FIBFM24-SPIKE-LEE_FR_V2.png","contentUrl":"https:\/\/www.perfecteaucomm.com\/wp-content\/uploads\/2024\/08\/BIG-SCREEN-FIBFM24-SPIKE-LEE_FR_V2.png","width":3840,"height":2160},{"@type":"BreadcrumbList","@id":"https:\/\/www.perfecteaucomm.com\/uncategorized\/spike-lee-president-dhonneur-du-20e-festival-international-du-film-black-de-montreal\/#breadcrumb","itemListElement":[{"@type":"ListItem","position":1,"name":"Accueil","item":"https:\/\/www.perfecteaucomm.com\/"},{"@type":"ListItem","position":2,"name":"Spike Lee : Pr\u00e9sident d&rsquo;honneur du 20e Festival International du Film Black de Montr\u00e9al"}]},{"@type":"WebSite","@id":"https:\/\/www.perfecteaucomm.com\/#website","url":"https:\/\/www.perfecteaucomm.com\/","name":"Perfecteau Comm","description":"Agence de relations de presse","publisher":{"@id":"https:\/\/www.perfecteaucomm.com\/#organization"},"potentialAction":[{"@type":"SearchAction","target":{"@type":"EntryPoint","urlTemplate":"https:\/\/www.perfecteaucomm.com\/?s={search_term_string}"},"query-input":{"@type":"PropertyValueSpecification","valueRequired":true,"valueName":"search_term_string"}}],"inLanguage":"en-CA"},{"@type":"Organization","@id":"https:\/\/www.perfecteaucomm.com\/#organization","name":"Perfecteau Comm","url":"https:\/\/www.perfecteaucomm.com\/","logo":{"@type":"ImageObject","inLanguage":"en-CA","@id":"https:\/\/www.perfecteaucomm.com\/#\/schema\/logo\/image\/","url":"https:\/\/www.perfecteaucomm.com\/wp-content\/uploads\/2023\/01\/logo_perfecteau_fichier_final-2.png","contentUrl":"https:\/\/www.perfecteaucomm.com\/wp-content\/uploads\/2023\/01\/logo_perfecteau_fichier_final-2.png","width":1600,"height":704,"caption":"Perfecteau Comm"},"image":{"@id":"https:\/\/www.perfecteaucomm.com\/#\/schema\/logo\/image\/"}},{"@type":"Person","@id":"https:\/\/www.perfecteaucomm.com\/#\/schema\/person\/6e8531918d9cb8157ee1a5075d81d5c7","name":"perfecteau","sameAs":["https:\/\/perfecteaucomm.la-complice.com"],"url":"https:\/\/www.perfecteaucomm.com\/en\/author\/perfecteau\/"}]}},"_links":{"self":[{"href":"https:\/\/www.perfecteaucomm.com\/en\/wp-json\/wp\/v2\/posts\/1278","targetHints":{"allow":["GET"]}}],"collection":[{"href":"https:\/\/www.perfecteaucomm.com\/en\/wp-json\/wp\/v2\/posts"}],"about":[{"href":"https:\/\/www.perfecteaucomm.com\/en\/wp-json\/wp\/v2\/types\/post"}],"author":[{"embeddable":true,"href":"https:\/\/www.perfecteaucomm.com\/en\/wp-json\/wp\/v2\/users\/1"}],"replies":[{"embeddable":true,"href":"https:\/\/www.perfecteaucomm.com\/en\/wp-json\/wp\/v2\/comments?post=1278"}],"version-history":[{"count":2,"href":"https:\/\/www.perfecteaucomm.com\/en\/wp-json\/wp\/v2\/posts\/1278\/revisions"}],"predecessor-version":[{"id":1291,"href":"https:\/\/www.perfecteaucomm.com\/en\/wp-json\/wp\/v2\/posts\/1278\/revisions\/1291"}],"wp:featuredmedia":[{"embeddable":true,"href":"https:\/\/www.perfecteaucomm.com\/en\/wp-json\/wp\/v2\/media\/1279"}],"wp:attachment":[{"href":"https:\/\/www.perfecteaucomm.com\/en\/wp-json\/wp\/v2\/media?parent=1278"}],"wp:term":[{"taxonomy":"category","embeddable":true,"href":"https:\/\/www.perfecteaucomm.com\/en\/wp-json\/wp\/v2\/categories?post=1278"},{"taxonomy":"post_tag","embeddable":true,"href":"https:\/\/www.perfecteaucomm.com\/en\/wp-json\/wp\/v2\/tags?post=1278"}],"curies":[{"name":"wp","href":"https:\/\/api.w.org\/{rel}","templated":true}]}}